{"id":8952,"date":"2021-06-17T14:45:14","date_gmt":"2021-06-17T12:45:14","guid":{"rendered":"https:\/\/www.fredonoccitanie.com\/surveillance\/?p=8952"},"modified":"2021-12-03T08:53:39","modified_gmt":"2021-12-03T07:53:39","slug":"lutte-contre-la-flavescence-doree-de-la-vigne-dans-le-departement-de-lherault","status":"publish","type":"post","link":"https:\/\/www.fredonoccitanie.com\/surveillance\/2021\/06\/17\/lutte-contre-la-flavescence-doree-de-la-vigne-dans-le-departement-de-lherault\/","title":{"rendered":"LUTTE CONTRE LA FLAVESCENCE DOREE DE LA VIGNE DANS LE DEPARTEMENT DE L\u2019HERAULT"},"content":{"rendered":"<h1 style=\"text-align: center\">LUTTE CONTRE LA FLAVESCENCE DOREE DE LA VIGNE<br \/>\nDANS LE DEPARTEMENT DE L\u2019HERAULT<\/h1>\n<h3>l\u2019am\u00e9nagement du second traitement insecticide contre la cicadelle vectrice est annul\u00e9, donc rendu obligatoire dans les communes de :<\/h3>\n<h3>&#8211; Agde<br \/>\n&#8211; Ceyras<br \/>\n&#8211; Marseillan<br \/>\n&#8211; Saint F\u00e9lix de Lodez<\/h3>\n<h3>Pour manque de mobilisation sur le terrain pour effectuer les suivis.<\/h3>\n","protected":false},"excerpt":{"rendered":"<p>LUTTE CONTRE LA FLAVESCENCE DOREE DE LA VIGNE DANS LE DEPARTEMENT DE L\u2019HERAULT l\u2019am\u00e9nagement du second traitement insecticide contre la cicadelle vectrice est annul\u00e9, donc rendu obligatoire dans les communes de : &#8211; Agde &#8211; Ceyras &#8211; Marseillan &#8211; Saint F\u00e9lix de Lodez Pour manque de mobilisation sur le terrain pour effectuer les suivis.<\/p>\n","protected":false},"author":1,"featured_media":4596,"comment_status":"closed","ping_status":"closed","sticky":false,"template":"","format":"standard","meta":{"footnotes":""},"categories":[7],"tags":[9],"class_list":["post-8952","post","type-post","status-publish","format-standard","has-post-thumbnail","hentry","category-actualites-surveillance","tag-actualites-surveillance"],"_links":{"self":[{"href":"https:\/\/www.fredonoccitanie.com\/surveillance\/wp-json\/wp\/v2\/posts\/8952","targetHints":{"allow":["GET"]}}],"collection":[{"href":"https:\/\/www.fredonoccitanie.com\/surveillance\/wp-json\/wp\/v2\/posts"}],"about":[{"href":"https:\/\/www.fredonoccitanie.com\/surveillance\/wp-json\/wp\/v2\/types\/post"}],"author":[{"embeddable":true,"href":"https:\/\/www.fredonoccitanie.com\/surveillance\/wp-json\/wp\/v2\/users\/1"}],"replies":[{"embeddable":true,"href":"https:\/\/www.fredonoccitanie.com\/surveillance\/wp-json\/wp\/v2\/comments?post=8952"}],"version-history":[{"count":1,"href":"https:\/\/www.fredonoccitanie.com\/surveillance\/wp-json\/wp\/v2\/posts\/8952\/revisions"}],"predecessor-version":[{"id":9591,"href":"https:\/\/www.fredonoccitanie.com\/surveillance\/wp-json\/wp\/v2\/posts\/8952\/revisions\/9591"}],"wp:featuredmedia":[{"embeddable":true,"href":"https:\/\/www.fredonoccitanie.com\/surveillance\/wp-json\/wp\/v2\/media\/4596"}],"wp:attachment":[{"href":"https:\/\/www.fredonoccitanie.com\/surveillance\/wp-json\/wp\/v2\/media?parent=8952"}],"wp:term":[{"taxonomy":"category","embeddable":true,"href":"https:\/\/www.fredonoccitanie.com\/surveillance\/wp-json\/wp\/v2\/categories?post=8952"},{"taxonomy":"post_tag","embeddable":true,"href":"https:\/\/www.fredonoccitanie.com\/surveillance\/wp-json\/wp\/v2\/tags?post=8952"}],"curies":[{"name":"wp","href":"https:\/\/api.w.org\/{rel}","templated":true}]}}