{"id":8520,"date":"2021-01-29T09:30:22","date_gmt":"2021-01-29T08:30:22","guid":{"rendered":"https:\/\/www.fredonoccitanie.com\/surveillance\/?p=8520"},"modified":"2021-12-03T08:53:39","modified_gmt":"2021-12-03T07:53:39","slug":"lutte-contre-les-ambroisies-une-problematique-agricole-et-de-sante-publique-qui-ne-fait-que-commencer","status":"publish","type":"post","link":"https:\/\/www.fredonoccitanie.com\/surveillance\/2021\/01\/29\/lutte-contre-les-ambroisies-une-problematique-agricole-et-de-sante-publique-qui-ne-fait-que-commencer\/","title":{"rendered":"Lutte contre les Ambroisies : une probl\u00e9matique agricole et de sant\u00e9 publique qui ne fait que commencer"},"content":{"rendered":"<p>[vc_row][vc_column][trx_title type=\u00a0\u00bb3&Prime;]\u00ab\u00a0<a href=\"https:\/\/cloud.ressources-fredonoccitanie.com\/index.php\/s\/aYsCizTYpgXDsQg\">LES AMBROISIES : UN PROBL\u00c8ME AGRICOLE ET DE SANT\u00c9 PUBLIQUE QUI NE FAIT QUE COMMENCER<\/a> \u2013 POURQUOI FAIRE DE LA LUTTE CONTRE LES AMBROISIES UNE PRIORIT\u00c9 ?\u00a0\u00bb[\/trx_title][trx_image url=\u00a0\u00bb8441&Prime; left=\u00a0\u00bb150&Prime;][vc_column_text]<\/p>\n<hr \/>\n<p style=\"text-align: justify\">Retrouvez <a href=\"https:\/\/cloud.ressources-fredonoccitanie.com\/index.php\/s\/aYsCizTYpgXDsQg\">cette nouvelle publication sur les ambroisies en Occitanie<\/a> \u00e0 destination du monde agricole, issue d\u2019un groupe de travail* ACTA, CRAO, DRAAF, FREDON Occitanie, Terres Inovia.<\/p>\n<p style=\"text-align: justify\">En effet, la probl\u00e9matique de l\u2019ambroisie se fait de plus en plus pr\u00e9sente en r\u00e9gion Occitanie. Outre les probl\u00e8mes de sant\u00e9 publique engendr\u00e9s par ses pollens allerg\u00e8nes, elle repr\u00e9sente surtout pour l\u2019instant une menace pour l\u2019agriculture dans les d\u00e9partements r\u00e9cemment touch\u00e9s (tous sauf le Gard, anciennement envahi et o\u00f9 l\u2019ambroisie a colonis\u00e9 d\u00e9sormais <u>tous<\/u> les milieux, en particulier les rivi\u00e8res). Adventices impactant les cultures de printemps, ambroisie \u00e0 feuilles d\u2019armoise et ambroisie trifide n\u00e9cessitent une lutte combin\u00e9e et complexe avec \u00e9galement une r\u00e9flexion globale sur les exploitations d\u00e8s lors qu\u2019elles se sont install\u00e9es (tr\u00e8s longue dur\u00e9e de vie des semences produites en tr\u00e8s grande quantit\u00e9, r\u00e9sistance av\u00e9r\u00e9e aux herbicides, forte concurrence, \u2026).<\/p>\n<p style=\"text-align: justify\">Le machinisme agricole et l\u2019utilisation de semences de ferme non tri\u00e9es sont les principaux vecteurs des graines ; toutefois, d\u00e8s qu\u2019un cours d\u2019eau est impact\u00e9, il devient source de contamination potentielle par inondations.<\/p>\n<p style=\"text-align: justify\">Apr\u00e8s un point sur l\u2019\u00e9volution des foyers d\u2019ambroisies \u00e0 feuille d\u2019armoise et ambroisies trifide en Occitanie, l\u2019accent est mis sur la reconnaissance pr\u00e9coce des plants et leur cycle de vie. Les raisons qui font que les ambroisies sont des plantes redoutables en agriculture sont pr\u00e9sent\u00e9es, afin de bien comprendre les leviers efficaces de leur gestion en grandes cultures : assolements, interventions. Les strat\u00e9gies sont d\u00e9taill\u00e9es dans les cultures d\u2019hiver et de printemps.<\/p>\n<p style=\"text-align: justify\">*<em>Cette brochure a \u00e9t\u00e9 r\u00e9alis\u00e9e par un groupe de travail comprenant Barbara Cichosz, animatrice Surveillance Biologique du Territoire \u00e0 la Chambre R\u00e9gionale d\u2019Agriculture Occitanie ; Alain Rodriguez, sp\u00e9cialiste malherbologie et gestion de la flore adventice \u00e0 l\u2019ACTA ; Fanny Vuillemin, charg\u00e9e d\u2019\u00e9tude Adventices et techniques alternatives de d\u00e9sherbage \u00e0 Terres Inovia ; Laure Durand-Lagarrigue, Charg\u00e9e de mission Ecophyto au SRAL Occitanie et Anne-Marie Ducasse-Cournac, charg\u00e9e de mission Ambroisie \u00e0 FREDON Occitanie.<\/em><\/p>\n<p style=\"text-align: justify\">Ce document ne demande qu\u2019\u00e0 \u00eatre diffus\u00e9 !<\/p>\n<p style=\"text-align: justify\">Il sera \u00e9galement disponible en version papier sur demande.<\/p>\n<p>[\/vc_column_text][\/vc_column][\/vc_row]<\/p>\n","protected":false},"excerpt":{"rendered":"<p>[vc_row][vc_column][trx_title type=\u00a0\u00bb3&Prime;]\u00ab\u00a0LES AMBROISIES : UN PROBL\u00c8ME AGRICOLE ET DE SANT\u00c9 PUBLIQUE QUI NE FAIT QUE COMMENCER \u2013 POURQUOI FAIRE DE LA LUTTE CONTRE LES AMBROISIES UNE PRIORIT\u00c9 ?\u00a0\u00bb[\/trx_title][trx_image url=\u00a0\u00bb8441&Prime; left=\u00a0\u00bb150&Prime;][vc_column_text] Retrouvez cette nouvelle publication sur les ambroisies en Occitanie \u00e0 destination du monde agricole, issue d\u2019un groupe de travail* ACTA, CRAO, DRAAF, FREDON Occitanie, Terres [&hellip;]<\/p>\n","protected":false},"author":1,"featured_media":0,"comment_status":"closed","ping_status":"open","sticky":false,"template":"","format":"standard","meta":{"footnotes":""},"categories":[7],"tags":[],"class_list":["post-8520","post","type-post","status-publish","format-standard","hentry","category-actualites-surveillance"],"_links":{"self":[{"href":"https:\/\/www.fredonoccitanie.com\/surveillance\/wp-json\/wp\/v2\/posts\/8520","targetHints":{"allow":["GET"]}}],"collection":[{"href":"https:\/\/www.fredonoccitanie.com\/surveillance\/wp-json\/wp\/v2\/posts"}],"about":[{"href":"https:\/\/www.fredonoccitanie.com\/surveillance\/wp-json\/wp\/v2\/types\/post"}],"author":[{"embeddable":true,"href":"https:\/\/www.fredonoccitanie.com\/surveillance\/wp-json\/wp\/v2\/users\/1"}],"replies":[{"embeddable":true,"href":"https:\/\/www.fredonoccitanie.com\/surveillance\/wp-json\/wp\/v2\/comments?post=8520"}],"version-history":[{"count":1,"href":"https:\/\/www.fredonoccitanie.com\/surveillance\/wp-json\/wp\/v2\/posts\/8520\/revisions"}],"predecessor-version":[{"id":9702,"href":"https:\/\/www.fredonoccitanie.com\/surveillance\/wp-json\/wp\/v2\/posts\/8520\/revisions\/9702"}],"wp:attachment":[{"href":"https:\/\/www.fredonoccitanie.com\/surveillance\/wp-json\/wp\/v2\/media?parent=8520"}],"wp:term":[{"taxonomy":"category","embeddable":true,"href":"https:\/\/www.fredonoccitanie.com\/surveillance\/wp-json\/wp\/v2\/categories?post=8520"},{"taxonomy":"post_tag","embeddable":true,"href":"https:\/\/www.fredonoccitanie.com\/surveillance\/wp-json\/wp\/v2\/tags?post=8520"}],"curies":[{"name":"wp","href":"https:\/\/api.w.org\/{rel}","templated":true}]}}