{"id":8361,"date":"2020-12-14T14:48:50","date_gmt":"2020-12-14T13:48:50","guid":{"rendered":"https:\/\/www.fredonoccitanie.com\/surveillance\/?p=8361"},"modified":"2021-12-03T08:53:39","modified_gmt":"2021-12-03T07:53:39","slug":"une-nouvelle-publication-sur-les-ambroisies-en-occitanie-a-destination-du-monde","status":"publish","type":"post","link":"https:\/\/www.fredonoccitanie.com\/surveillance\/2020\/12\/14\/une-nouvelle-publication-sur-les-ambroisies-en-occitanie-a-destination-du-monde\/","title":{"rendered":"Une nouvelle publication sur les ambroisies en Occitanie \u00e0 destination du monde"},"content":{"rendered":"<h1>Une nouvelle publication sur les ambroisies en Occitanie \u00e0 destination du monde<\/h1>\n<p>&nbsp;<\/p>\n<p>\u00ab\u00a0<a href=\"https:\/\/cloud.ressources-fredonoccitanie.com\/index.php\/s\/aYsCizTYpgXDsQg\">LES AMBROISIES : UN PROBLEME AGRICOLE ET DE SANTE PUBLIQUE QUI NE FAIT QUE COMMENCER<\/a>\u00a0\u00bb<\/p>\n<p>POURQUOI FAIRE DE LA LUTTE CONTRE LES AMBROISIES UNE PRIORIT\u00c9 ?<\/p>\n<p>&nbsp;<\/p>\n<p>Cette brochure a \u00e9t\u00e9 r\u00e9alis\u00e9e par un groupe de travail comprenant Barbara Cichosz, animatrice Surveillance Biologique du Territoire \u00e0 la Chambre R\u00e9gionale d\u2019Agriculture Occitanie ; Alain Rodriguez, sp\u00e9cialiste malherbologie et gestion de la flore adventice \u00e0 l\u2019ACTA ; Fanny Vuillemin, charg\u00e9e d\u2019\u00e9tude Adventices et techniques alternatives de d\u00e9sherbage \u00e0 TerresInovia ; Laure Durand-Lagarrigue, Charg\u00e9e de mission Ecophyto au SRAL Occitanie et Anne-Marie Ducasse-Cournac, charg\u00e9e de mission Ambroisie \u00e0 FREDON Occitanie<\/p>\n<p>Apr\u00e8s un point sur l\u2019\u00e9volution des foyers d\u2019ambroisies \u00e0 feuille d\u2019armoise et ambroisies trifide en Occitanie, l\u2019accent est mis sur la reconnaissance pr\u00e9coce des plants et leur cycle de vie. Les raisons qui font que les ambroisies sont des plantes redoutables en agriculture sont pr\u00e9sent\u00e9es, afin de bien comprendre les leviers efficaces de leur gestion en grandes cultures\u00a0: assolements, interventions. Les strat\u00e9gies sont d\u00e9taill\u00e9es dans les cultures d\u2019hiver et de printemps.<\/p>\n<p>&nbsp;<\/p>\n<p>Ce document ne demande qu\u2019\u00e0 \u00eatre diffus\u00e9\u00a0!<\/p>\n<p>Il sera \u00e9galement disponible en version papier sur demande.<\/p>\n","protected":false},"excerpt":{"rendered":"<p>Une nouvelle publication sur les ambroisies en Occitanie \u00e0 destination du monde &nbsp; \u00ab\u00a0LES AMBROISIES : UN PROBLEME AGRICOLE ET DE SANTE PUBLIQUE QUI NE FAIT QUE COMMENCER\u00a0\u00bb POURQUOI FAIRE DE LA LUTTE CONTRE LES AMBROISIES UNE PRIORIT\u00c9 ? &nbsp; Cette brochure a \u00e9t\u00e9 r\u00e9alis\u00e9e par un groupe de travail comprenant Barbara Cichosz, animatrice Surveillance [&hellip;]<\/p>\n","protected":false},"author":1,"featured_media":8355,"comment_status":"closed","ping_status":"open","sticky":false,"template":"","format":"standard","meta":{"footnotes":""},"categories":[7],"tags":[9],"class_list":["post-8361","post","type-post","status-publish","format-standard","has-post-thumbnail","hentry","category-actualites-surveillance","tag-actualites-surveillance"],"_links":{"self":[{"href":"https:\/\/www.fredonoccitanie.com\/surveillance\/wp-json\/wp\/v2\/posts\/8361","targetHints":{"allow":["GET"]}}],"collection":[{"href":"https:\/\/www.fredonoccitanie.com\/surveillance\/wp-json\/wp\/v2\/posts"}],"about":[{"href":"https:\/\/www.fredonoccitanie.com\/surveillance\/wp-json\/wp\/v2\/types\/post"}],"author":[{"embeddable":true,"href":"https:\/\/www.fredonoccitanie.com\/surveillance\/wp-json\/wp\/v2\/users\/1"}],"replies":[{"embeddable":true,"href":"https:\/\/www.fredonoccitanie.com\/surveillance\/wp-json\/wp\/v2\/comments?post=8361"}],"version-history":[{"count":1,"href":"https:\/\/www.fredonoccitanie.com\/surveillance\/wp-json\/wp\/v2\/posts\/8361\/revisions"}],"predecessor-version":[{"id":9705,"href":"https:\/\/www.fredonoccitanie.com\/surveillance\/wp-json\/wp\/v2\/posts\/8361\/revisions\/9705"}],"wp:featuredmedia":[{"embeddable":true,"href":"https:\/\/www.fredonoccitanie.com\/surveillance\/wp-json\/wp\/v2\/media\/8355"}],"wp:attachment":[{"href":"https:\/\/www.fredonoccitanie.com\/surveillance\/wp-json\/wp\/v2\/media?parent=8361"}],"wp:term":[{"taxonomy":"category","embeddable":true,"href":"https:\/\/www.fredonoccitanie.com\/surveillance\/wp-json\/wp\/v2\/categories?post=8361"},{"taxonomy":"post_tag","embeddable":true,"href":"https:\/\/www.fredonoccitanie.com\/surveillance\/wp-json\/wp\/v2\/tags?post=8361"}],"curies":[{"name":"wp","href":"https:\/\/api.w.org\/{rel}","templated":true}]}}