{"id":8135,"date":"2020-07-17T16:49:04","date_gmt":"2020-07-17T14:49:04","guid":{"rendered":"https:\/\/www.fredonoccitanie.com\/surveillance\/?p=8135"},"modified":"2021-12-03T08:53:39","modified_gmt":"2021-12-03T07:53:39","slug":"vigilance-la-mouche-mexicaine-des-fruits-ou-anastrepha-ludens","status":"publish","type":"post","link":"https:\/\/www.fredonoccitanie.com\/surveillance\/2020\/07\/17\/vigilance-la-mouche-mexicaine-des-fruits-ou-anastrepha-ludens\/","title":{"rendered":"Vigilance ! La mouche mexicaine des fruits ou Anastrepha ludens"},"content":{"rendered":"<h1>Vigilance ! La mouche mexicaine des fruits ou Anastrepha ludens<\/h1>\n<p>La mouche mexicaine des fruits ou Anastrepha ludens est un <strong>organisme de quarantaine prioritaire (OQP)<\/strong>. Cela signifie que<\/p>\n<ul>\n<li>(option 1) la pr\u00e9sence de cette mouche repr\u00e9sente une menace potentielle sur un plan \u00e9conomique, environnemental et\/ou sanitaire de par les dommages qu\u2019elle peut provoquer.<\/li>\n<li>(option 2) la pr\u00e9sence de cette mouche est susceptible d\u2019avoir des impacts inacceptables sur un plan \u00e9conomique, environnemental et\/ou sanitaire.<\/li>\n<\/ul>\n<p>L\u2019\u00c9tat demande \u00e0 tous (particuliers et professionnels) une grande vigilance et un signalement imm\u00e9diat aux services concern\u00e9s (DRAAF\/SRAL et FREDON de votre r\u00e9gion). \u00c0 ce jour, elle n\u2019a toujours pas \u00e9t\u00e9 d\u00e9tect\u00e9e sur notre territoire.<\/p>\n<p>&nbsp;<\/p>\n<h3>Comment reconnaitre la mouche mexicaine des fruits ?<\/h3>\n<p>Comme la majorit\u00e9 des dipt\u00e8res du genre Anastrepha, les ailes (7-9 mm) de la mouche mexicaine des fruits ont un aspect caract\u00e9ristique : deux <strong>motifs imbriqu\u00e9s en forme de V invers\u00e9s<\/strong> sont visibles dans la partie apicale.<br \/>\nCependant, l\u2019identification au niveau de l\u2019esp\u00e8ce n\u00e9cessite une dissection de l\u2019ovipositeur des femelles.<\/p>\n<p>La femelle adulte pond ses \u0153ufs (blancs et d\u2019environ 1,5 mm) sous la peau du fruit, et probablement proche du noyau gr\u00e2ce \u00e0 son long ovipositeur. Les larves \u00e9mergent 6 \u00e0 12 jours apr\u00e8s la ponte et se nourrissent de l\u2019int\u00e9rieur du fruit pendant 15 \u00e0 30 jours. Elles sont blanch\u00e2tres, mesurent entre 6 et 12 mm et ne sont pas identifiables avec certitude.<\/p>\n<p>La pupaison se passe dans le sol, sous la plante h\u00f4te, d\u2019o\u00f9 \u00e9mergent les adultes apr\u00e8s 15 \u00e0 19 jours (ce d\u00e9lai est allong\u00e9 quand les temp\u00e9ratures sont basses).<\/p>\n<p>En cas de doutes, contactez les services concern\u00e9s<a href=\"https:\/\/www.fredonoccitanie.com\/nous-contacter\/\"> (DRAAF\/SRAL et FREDON de votre r\u00e9gion).<\/a><\/p>\n<p><a href=\"https:\/\/www.fredonoccitanie.com\/surveillance\/wp-content\/uploads\/sites\/9\/2020\/07\/ext_Anastrepha_ludens-6.jpg\"><img loading=\"lazy\" decoding=\"async\" class=\"aligncenter  wp-image-8137\" src=\"https:\/\/www.fredonoccitanie.com\/surveillance\/wp-content\/uploads\/sites\/9\/2020\/07\/ext_Anastrepha_ludens-6-767x647.jpg\" alt=\"\" width=\"606\" height=\"511\" \/><\/a><\/p>\n<p>&nbsp;<\/p>\n<h3><strong>Quels sont les dommages caract\u00e9ristiques la mouche mexicaine des fruits ?<\/strong><\/h3>\n<p><strong>\u00a0<\/strong><\/p>\n<p>Les Citrus et le manguier sont les principales plantes-h\u00f4tes de la mouche mexicaine alors que le <strong>goyavier et le p\u00eacher repr\u00e9sentent des h\u00f4tes occasionnels<\/strong>. Les observations rapport\u00e9es sur d\u2019autres fruits n\u2019ont pas eu d\u2019incidence \u00e9conomique jusqu\u2019\u00e0 pr\u00e9sent.<\/p>\n<p>Les dommages sont li\u00e9s \u00e0 la croissance des larves qui se nourrissent de l\u2019int\u00e9rieur des fruits infest\u00e9s. \u00a0Les traces de ponte sont difficilement visibles et les d\u00e9g\u00e2ts \u00e0 l\u2019int\u00e9rieur du fruit peuvent \u00eatre d\u00e9j\u00e0 importants avant que n\u2019apparaissent les sympt\u00f4mes ext\u00e9rieurs (r\u00e9seau de galeries accompagn\u00e9 de pourriture, exsudats pour les fruits tr\u00e8s sucr\u00e9s).<\/p>\n<h3><strong><a href=\"https:\/\/www.fredonoccitanie.com\/surveillance\/wp-content\/uploads\/sites\/9\/2020\/07\/ext_Anastrepha_ludens-8.jpg\"><img loading=\"lazy\" decoding=\"async\" class=\" wp-image-8138 alignleft\" src=\"https:\/\/www.fredonoccitanie.com\/surveillance\/wp-content\/uploads\/sites\/9\/2020\/07\/ext_Anastrepha_ludens-8.jpg\" alt=\"\" width=\"453\" height=\"303\" srcset=\"https:\/\/www.fredonoccitanie.com\/surveillance\/wp-content\/uploads\/sites\/4\/2020\/07\/ext_Anastrepha_ludens-8.jpg 768w, https:\/\/www.fredonoccitanie.com\/surveillance\/wp-content\/uploads\/sites\/4\/2020\/07\/ext_Anastrepha_ludens-8-300x201.jpg 300w, https:\/\/www.fredonoccitanie.com\/surveillance\/wp-content\/uploads\/sites\/4\/2020\/07\/ext_Anastrepha_ludens-8-705x472.jpg 705w\" sizes=\"auto, (max-width: 453px) 100vw, 453px\" \/><\/a><\/strong><a href=\"https:\/\/www.fredonoccitanie.com\/surveillance\/wp-content\/uploads\/sites\/9\/2020\/07\/ext_Anastrepha_ludens-16.jpg\"><img loading=\"lazy\" decoding=\"async\" class=\"wp-image-8139 alignleft\" src=\"https:\/\/www.fredonoccitanie.com\/surveillance\/wp-content\/uploads\/sites\/9\/2020\/07\/ext_Anastrepha_ludens-16.jpg\" alt=\"\" width=\"450\" height=\"300\" srcset=\"https:\/\/www.fredonoccitanie.com\/surveillance\/wp-content\/uploads\/sites\/4\/2020\/07\/ext_Anastrepha_ludens-16.jpg 768w, https:\/\/www.fredonoccitanie.com\/surveillance\/wp-content\/uploads\/sites\/4\/2020\/07\/ext_Anastrepha_ludens-16-300x200.jpg 300w, https:\/\/www.fredonoccitanie.com\/surveillance\/wp-content\/uploads\/sites\/4\/2020\/07\/ext_Anastrepha_ludens-16-705x470.jpg 705w\" sizes=\"auto, (max-width: 450px) 100vw, 450px\" \/><\/a><\/h3>\n<h3><\/h3>\n<h3><\/h3>\n<h3><\/h3>\n<h3><\/h3>\n<h3><\/h3>\n<h3><\/h3>\n<h3><\/h3>\n<p>&nbsp;<\/p>\n<p>&nbsp;<\/p>\n<p>&nbsp;<\/p>\n<p>&nbsp;<\/p>\n<p>&nbsp;<\/p>\n<p>&nbsp;<\/p>\n<p>&nbsp;<\/p>\n<p>&nbsp;<\/p>\n<h3><\/h3>\n<h3><strong>D\u2019o\u00f9 vient-elle\u00a0?<\/strong><\/h3>\n<p><strong>Originaire du Mexique<\/strong>, cette mouche est \u00e9galement pr\u00e9sente en Am\u00e9rique centrale, en Argentine et en Colombie. Elle a \u00e9t\u00e9 intercept\u00e9e aux \u00c9tats-Unis.<\/p>\n<p>Le d\u00e9placement naturel des adultes, qui peuvent parcourir jusqu\u2019\u00e0 135 km, est un moyen de dispersion important. Le principal facteur d\u2019introduction de la mouche mexicaine des fruits dans les zones non touch\u00e9es est le transport de fruits infest\u00e9s par les larves &#8211; en particulier les mangues, les Citrus et, dans une moindre mesure, les p\u00eaches. Il existe \u00e9galement un risque d\u2019introduction par le transport de pupes dans le sol ou autre milieu de culture de plantes.<\/p>\n<p>&nbsp;<\/p>\n<p>&nbsp;<\/p>\n<p><a href=\"https:\/\/www.fredonoccitanie.com\/surveillance\/wp-content\/uploads\/sites\/9\/2020\/07\/ext_Anastrepha_ludens-10.jpg\"><img loading=\"lazy\" decoding=\"async\" class=\"wp-image-8140 alignleft\" src=\"https:\/\/www.fredonoccitanie.com\/surveillance\/wp-content\/uploads\/sites\/9\/2020\/07\/ext_Anastrepha_ludens-10.jpg\" alt=\"\" width=\"474\" height=\"315\" srcset=\"https:\/\/www.fredonoccitanie.com\/surveillance\/wp-content\/uploads\/sites\/4\/2020\/07\/ext_Anastrepha_ludens-10.jpg 768w, https:\/\/www.fredonoccitanie.com\/surveillance\/wp-content\/uploads\/sites\/4\/2020\/07\/ext_Anastrepha_ludens-10-300x199.jpg 300w, https:\/\/www.fredonoccitanie.com\/surveillance\/wp-content\/uploads\/sites\/4\/2020\/07\/ext_Anastrepha_ludens-10-705x468.jpg 705w\" sizes=\"auto, (max-width: 474px) 100vw, 474px\" \/><\/a><a href=\"https:\/\/www.fredonoccitanie.com\/surveillance\/wp-content\/uploads\/sites\/9\/2020\/07\/ext_Anastrepha_ludens-7.jpg\"><img loading=\"lazy\" decoding=\"async\" class=\"wp-image-8141 alignleft\" src=\"https:\/\/www.fredonoccitanie.com\/surveillance\/wp-content\/uploads\/sites\/9\/2020\/07\/ext_Anastrepha_ludens-7-512x647.jpg\" alt=\"\" width=\"332\" height=\"419\" \/><\/a><\/p>\n<p>&nbsp;<\/p>\n<p>&nbsp;<\/p>\n<p>&nbsp;<\/p>\n<p>&nbsp;<\/p>\n<p>&nbsp;<\/p>\n<p>&nbsp;<\/p>\n<p>&nbsp;<\/p>\n<p>&nbsp;<\/p>\n<p>&nbsp;<\/p>\n<p>&nbsp;<\/p>\n<p>&nbsp;<\/p>\n<p>&nbsp;<\/p>\n<p>Pour plus d\u2019information\u00a0:<\/p>\n<ul>\n<li><a href=\"https:\/\/www.google.com\/url?sa=t&amp;rct=j&amp;q=&amp;esrc=s&amp;source=web&amp;cd=&amp;ved=2ahUKEwj_w4KXwtTqAhXSxYUKHfm9DdUQFjABegQIBRAB&amp;url=https%3A%2F%2Fgd.eppo.int%2Fdownload%2Fdoc%2F801_ds_ANSTLU_fr.pdf&amp;usg=AOvVaw0xZAPHpem9dXMq9thXOWo3\">Fiche EPPO<\/a><\/li>\n<\/ul>\n","protected":false},"excerpt":{"rendered":"<p>Vigilance ! La mouche mexicaine des fruits ou Anastrepha ludens La mouche mexicaine des fruits ou Anastrepha ludens est un organisme de quarantaine prioritaire (OQP). Cela signifie que (option 1) la pr\u00e9sence de cette mouche repr\u00e9sente une menace potentielle sur un plan \u00e9conomique, environnemental et\/ou sanitaire de par les dommages qu\u2019elle peut provoquer. (option 2) [&hellip;]<\/p>\n","protected":false},"author":1,"featured_media":8142,"comment_status":"closed","ping_status":"open","sticky":false,"template":"","format":"standard","meta":{"footnotes":""},"categories":[7],"tags":[9],"class_list":["post-8135","post","type-post","status-publish","format-standard","has-post-thumbnail","hentry","category-actualites-surveillance","tag-actualites-surveillance"],"_links":{"self":[{"href":"https:\/\/www.fredonoccitanie.com\/surveillance\/wp-json\/wp\/v2\/posts\/8135","targetHints":{"allow":["GET"]}}],"collection":[{"href":"https:\/\/www.fredonoccitanie.com\/surveillance\/wp-json\/wp\/v2\/posts"}],"about":[{"href":"https:\/\/www.fredonoccitanie.com\/surveillance\/wp-json\/wp\/v2\/types\/post"}],"author":[{"embeddable":true,"href":"https:\/\/www.fredonoccitanie.com\/surveillance\/wp-json\/wp\/v2\/users\/1"}],"replies":[{"embeddable":true,"href":"https:\/\/www.fredonoccitanie.com\/surveillance\/wp-json\/wp\/v2\/comments?post=8135"}],"version-history":[{"count":1,"href":"https:\/\/www.fredonoccitanie.com\/surveillance\/wp-json\/wp\/v2\/posts\/8135\/revisions"}],"predecessor-version":[{"id":9713,"href":"https:\/\/www.fredonoccitanie.com\/surveillance\/wp-json\/wp\/v2\/posts\/8135\/revisions\/9713"}],"wp:featuredmedia":[{"embeddable":true,"href":"https:\/\/www.fredonoccitanie.com\/surveillance\/wp-json\/wp\/v2\/media\/8142"}],"wp:attachment":[{"href":"https:\/\/www.fredonoccitanie.com\/surveillance\/wp-json\/wp\/v2\/media?parent=8135"}],"wp:term":[{"taxonomy":"category","embeddable":true,"href":"https:\/\/www.fredonoccitanie.com\/surveillance\/wp-json\/wp\/v2\/categories?post=8135"},{"taxonomy":"post_tag","embeddable":true,"href":"https:\/\/www.fredonoccitanie.com\/surveillance\/wp-json\/wp\/v2\/tags?post=8135"}],"curies":[{"name":"wp","href":"https:\/\/api.w.org\/{rel}","templated":true}]}}