{"id":8059,"date":"2020-07-22T08:17:19","date_gmt":"2020-07-22T06:17:19","guid":{"rendered":"https:\/\/www.fredonoccitanie.com\/surveillance\/?p=8059"},"modified":"2021-12-03T08:53:39","modified_gmt":"2021-12-03T07:53:39","slug":"vigilance-le-scarabee-japonais-ou-popillia-japonica","status":"publish","type":"post","link":"https:\/\/www.fredonoccitanie.com\/surveillance\/2020\/07\/22\/vigilance-le-scarabee-japonais-ou-popillia-japonica\/","title":{"rendered":"Vigilance ! Le scarab\u00e9e japonais ou Popillia japonica"},"content":{"rendered":"<h1>Vigilance ! Le scarab\u00e9e japonais ou Popillia japonica<\/h1>\n<h3 style=\"text-align: left\"><strong>Le scarab\u00e9e japonais<em> ou Popillia japonica<\/em> <\/strong>est un organisme de quarantaine prioritaire (OQP)<a href=\"#_ftn1\" name=\"_ftnref1\">[1]<\/a>.<\/h3>\n<p style=\"text-align: left\">Cela signifie que :<\/p>\n<ul>\n<li style=\"text-align: left\"><em>(option 1)<\/em> la pr\u00e9sence de ce scarab\u00e9e repr\u00e9sente une menace potentielle sur un plan \u00e9conomique, environnemental et\/ou sanitaire\u00a0de\u00a0 par les dommages qu\u2019il peut provoquer<\/li>\n<li style=\"text-align: left\"><em>(option 2)<\/em> la pr\u00e9sence de ce scarab\u00e9e est susceptible d\u2019avoir des impacts inacceptables sur un plan \u00e9conomique, environnemental et\/ou sanitaire.<\/li>\n<\/ul>\n<p style=\"text-align: left\">L\u2019\u00c9tat demande \u00e0 tous (particuliers et professionnels) une <strong>grande vigilance et un signalement imm\u00e9diat<\/strong> aux services concern\u00e9s (DRAAF\/SRAL et FREDON de votre r\u00e9gion). \u00c0 ce jour, il n\u2019a toujours pas \u00e9t\u00e9 d\u00e9tect\u00e9 sur le territoire fran\u00e7ais.<\/p>\n<h3><\/h3>\n<p>&nbsp;<\/p>\n<p>&nbsp;<\/p>\n<h2><strong>Comment reconnaitre le scarab\u00e9e japonais\u00a0?<\/strong><\/h2>\n<p>L\u2019<span style=\"text-decoration: line-through\">A<\/span>dulte mesure environ 10 mm de long et 6 mm de large. Son abdomen, thorax et t\u00eate sont vert m\u00e9tallique. Les \u00e9lytres sont de couleur brun cuivr\u00e9<strong> \u00a0Un crit\u00e8re d\u2019identification carcaract\u00e9ristique est <\/strong>la pr\u00e9sence<strong> de toupets de soies blanches sur le pourtour de l\u2019abdomen<\/strong>.<\/p>\n<p><strong>En cas de doutes, contactez les <\/strong>services concern\u00e9s (DRAAF\/SRAL et FREDON de votre r\u00e9gion).<\/p>\n<p><a href=\"https:\/\/www.fredonoccitanie.com\/surveillance\/wp-content\/uploads\/sites\/9\/2020\/07\/ext_Popillia_japonica-14.jpg\"><img loading=\"lazy\" decoding=\"async\" class=\"wp-image-8065 alignleft\" src=\"https:\/\/www.fredonoccitanie.com\/surveillance\/wp-content\/uploads\/sites\/9\/2020\/07\/ext_Popillia_japonica-14-768x647.jpg\" alt=\"\" width=\"294\" height=\"247\" \/><\/a><a href=\"https:\/\/www.fredonoccitanie.com\/surveillance\/wp-content\/uploads\/sites\/9\/2020\/07\/ext_Popillia_japonica-17.jpg\"><img loading=\"lazy\" decoding=\"async\" class=\"wp-image-8070 alignleft\" src=\"https:\/\/www.fredonoccitanie.com\/surveillance\/wp-content\/uploads\/sites\/9\/2020\/07\/ext_Popillia_japonica-17.jpg\" alt=\"\" width=\"307\" height=\"251\" srcset=\"https:\/\/www.fredonoccitanie.com\/surveillance\/wp-content\/uploads\/sites\/4\/2020\/07\/ext_Popillia_japonica-17.jpg 768w, https:\/\/www.fredonoccitanie.com\/surveillance\/wp-content\/uploads\/sites\/4\/2020\/07\/ext_Popillia_japonica-17-300x245.jpg 300w, https:\/\/www.fredonoccitanie.com\/surveillance\/wp-content\/uploads\/sites\/4\/2020\/07\/ext_Popillia_japonica-17-705x576.jpg 705w\" sizes=\"auto, (max-width: 307px) 100vw, 307px\" \/><\/a><a href=\"https:\/\/www.fredonoccitanie.com\/surveillance\/wp-content\/uploads\/sites\/9\/2020\/07\/ext_Popillia_japonica-6.jpg\"><img loading=\"lazy\" decoding=\"async\" class=\"wp-image-8061 alignleft\" src=\"https:\/\/www.fredonoccitanie.com\/surveillance\/wp-content\/uploads\/sites\/9\/2020\/07\/ext_Popillia_japonica-6.jpg\" alt=\"\" width=\"380\" height=\"253\" srcset=\"https:\/\/www.fredonoccitanie.com\/surveillance\/wp-content\/uploads\/sites\/4\/2020\/07\/ext_Popillia_japonica-6.jpg 768w, https:\/\/www.fredonoccitanie.com\/surveillance\/wp-content\/uploads\/sites\/4\/2020\/07\/ext_Popillia_japonica-6-300x200.jpg 300w, https:\/\/www.fredonoccitanie.com\/surveillance\/wp-content\/uploads\/sites\/4\/2020\/07\/ext_Popillia_japonica-6-705x470.jpg 705w\" sizes=\"auto, (max-width: 380px) 100vw, 380px\" \/><\/a><\/p>\n<h2><\/h2>\n<h2><\/h2>\n<h2><\/h2>\n<h2><\/h2>\n<h2><\/h2>\n<p>&nbsp;<\/p>\n<p>&nbsp;<\/p>\n<p>&nbsp;<\/p>\n<p>&nbsp;<\/p>\n<p>&nbsp;<\/p>\n<p>&nbsp;<\/p>\n<p>&nbsp;<\/p>\n<p>&nbsp;<\/p>\n<p>&nbsp;<\/p>\n<p>&nbsp;<\/p>\n<h2><strong>Quels sont les dommages caract\u00e9ristiques du Scarab\u00e9e japonais\u00a0?<\/strong><\/h2>\n<p>Il est <strong>tr\u00e8s polyphage<\/strong>, il se nourrit de pr\u00e8s <strong>de 300 plantes<\/strong> diff\u00e9rentes r\u00e9parties dans 79 familles botaniques, dont des adventices.<\/p>\n<p style=\"text-align: left\">Sur les parties a\u00e9riennes des plantes, les adultes se n<strong>ourrissent des tissus v\u00e9g\u00e9taux<\/strong> entre les nervures foliaires en ne laissant qu\u2019un <strong>squelette de feuille \u00e0 l\u2019aspect de dentelle<\/strong>.<\/p>\n<p>&nbsp;<\/p>\n<p><a href=\"https:\/\/www.fredonoccitanie.com\/surveillance\/wp-content\/uploads\/sites\/9\/2020\/07\/ext_Popillia_japonica-7.jpg\"><img loading=\"lazy\" decoding=\"async\" class=\"wp-image-8063 alignleft\" src=\"https:\/\/www.fredonoccitanie.com\/surveillance\/wp-content\/uploads\/sites\/9\/2020\/07\/ext_Popillia_japonica-7-512x647.jpg\" alt=\"\" width=\"268\" height=\"339\" \/><\/a><a href=\"https:\/\/www.fredonoccitanie.com\/surveillance\/wp-content\/uploads\/sites\/9\/2020\/07\/ext_Popillia_japonica-5.jpg\"><img loading=\"lazy\" decoding=\"async\" class=\"wp-image-8064 alignleft\" src=\"https:\/\/www.fredonoccitanie.com\/surveillance\/wp-content\/uploads\/sites\/9\/2020\/07\/ext_Popillia_japonica-5.jpg\" alt=\"\" width=\"390\" height=\"260\" srcset=\"https:\/\/www.fredonoccitanie.com\/surveillance\/wp-content\/uploads\/sites\/4\/2020\/07\/ext_Popillia_japonica-5.jpg 768w, https:\/\/www.fredonoccitanie.com\/surveillance\/wp-content\/uploads\/sites\/4\/2020\/07\/ext_Popillia_japonica-5-300x200.jpg 300w, https:\/\/www.fredonoccitanie.com\/surveillance\/wp-content\/uploads\/sites\/4\/2020\/07\/ext_Popillia_japonica-5-705x470.jpg 705w\" sizes=\"auto, (max-width: 390px) 100vw, 390px\" \/><\/a><a href=\"https:\/\/www.fredonoccitanie.com\/surveillance\/wp-content\/uploads\/sites\/9\/2020\/07\/ext_Popillia_japonica-19.jpg\"><img loading=\"lazy\" decoding=\"async\" class=\"wp-image-8071 alignleft\" src=\"https:\/\/www.fredonoccitanie.com\/surveillance\/wp-content\/uploads\/sites\/9\/2020\/07\/ext_Popillia_japonica-19.jpg\" alt=\"\" width=\"390\" height=\"260\" srcset=\"https:\/\/www.fredonoccitanie.com\/surveillance\/wp-content\/uploads\/sites\/4\/2020\/07\/ext_Popillia_japonica-19.jpg 768w, https:\/\/www.fredonoccitanie.com\/surveillance\/wp-content\/uploads\/sites\/4\/2020\/07\/ext_Popillia_japonica-19-300x200.jpg 300w, https:\/\/www.fredonoccitanie.com\/surveillance\/wp-content\/uploads\/sites\/4\/2020\/07\/ext_Popillia_japonica-19-705x470.jpg 705w\" sizes=\"auto, (max-width: 390px) 100vw, 390px\" \/><\/a><\/p>\n<p>&nbsp;<\/p>\n<p>&nbsp;<\/p>\n<p>&nbsp;<\/p>\n<p>&nbsp;<\/p>\n<p>&nbsp;<\/p>\n<p>&nbsp;<\/p>\n<p>&nbsp;<\/p>\n<p>&nbsp;<\/p>\n<p>&nbsp;<\/p>\n<p>&nbsp;<\/p>\n<p>&nbsp;<\/p>\n<p>&nbsp;<\/p>\n<p>&nbsp;<\/p>\n<h2><strong>D\u2019o\u00f9 vient-il\u00a0?<\/strong><\/h2>\n<p><strong>Originaire du nord du Japon<\/strong> et de l\u2019Extr\u00eame-Orient de la Russie, <em>P. japonica<\/em> a d&rsquo;abord \u00e9t\u00e9 d\u00e9couvert en 1916 aux USA, dans le New Jersey. Il est probablement entr\u00e9 aux \u00c9tats-Unis au stade larvaire avec des bulbes d&rsquo;iris. Par la suite, ce ravageur r\u00e9glement\u00e9 de quarantaine a \u00e9t\u00e9 trouv\u00e9 dans les ann\u00e9es 1980 sur l&rsquo;\u00eele portugaise de Terceira, aux A\u00e7ores. Sa capacit\u00e9 d\u2019adaptation \u00e0 de nouveaux biotopes et sa dynamique de population ont favoris\u00e9 son \u00e9tablissement sur cette \u00eele puis, sur trois autres \u00eeles a\u00e7oriennes.<\/p>\n<ol>\n<li><em> japonica<\/em> a \u00e9t\u00e9 signal\u00e9 pour la premi\u00e8re fois en Europe continentale en 2014, dans les r\u00e9gions de Lombardie et du Pi\u00e9mont en Italie.<\/li>\n<\/ol>\n<p>&nbsp;<\/p>\n<p>Cet arthropode est r\u00e9glement\u00e9 sur le territoire de l\u2019Union Europ\u00e9enne (UE) en tant qu\u2019organisme de quarantaine prioritaire (OQP), au titre du R\u00e8glement (UE) 2016\/2031 du 26 octobre 2016 relatif aux mesures de protection contre les organismes nuisibles aux v\u00e9g\u00e9taux et du R\u00e8glement d\u00e9l\u00e9gu\u00e9 (UE) 2019\/1702 du 1er ao\u00fbt 2019 \u00e9tablissant la liste des Organismes de Quarantaine Prioritaires (OQP). Les modalit\u00e9s d\u2019ex\u00e9cution de ce nouveau r\u00e8glement sont pr\u00e9cis\u00e9es dans le R\u00e8glement d\u2019ex\u00e9cution (UE) 2019\/2072 de la Commission du 28 novembre 2019 \u00e9tablissant des conditions uniformes pour la mise en \u0153uvre du r\u00e8glement (UE) 2016\/2031 du Parlement europ\u00e9en et du Conseil, en ce qui concerne les mesures de protection contre les organismes nuisibles aux v\u00e9g\u00e9taux, aussi appel\u00e9 \u00ab Big Act \u00bb.<\/p>\n<p>&nbsp;<\/p>\n<h2>Pour plus d\u2019information\u00a0:<\/h2>\n<ul>\n<li><a href=\"https:\/\/plateforme-esv.fr\/sites\/default\/files\/2020-02\/Note%20nat.%20BSV%20Popillia%20japonica_juillet%202017.pdf\">Fiche BSV<\/a><\/li>\n<\/ul>\n<p><a href=\"#_ftnref1\" name=\"_ftn1\">[1]<\/a> Les <strong>organismes de quarantaine<\/strong> sont des <strong>organismes<\/strong> nuisibles qui ont une importance potentielle pour l&rsquo;\u00e9conomie de la zone menac\u00e9e et qui ne sont pas encore pr\u00e9sents dans cette zone, ou bien s&rsquo;ils sont pr\u00e9sents, le sont \u00e0 distribution restreinte. Ils font l&rsquo;objet d&rsquo;une lutte officielle<\/p>\n<p>&nbsp;<\/p>\n<p><a href=\"https:\/\/www.fredonoccitanie.com\/surveillance\/wp-content\/uploads\/sites\/9\/2020\/07\/ext_Popillia_japonica-18.jpg\"><img loading=\"lazy\" decoding=\"async\" class=\"wp-image-8068 aligncenter\" src=\"https:\/\/www.fredonoccitanie.com\/surveillance\/wp-content\/uploads\/sites\/9\/2020\/07\/ext_Popillia_japonica-18-528x647.jpg\" alt=\"\" width=\"310\" height=\"380\" \/><\/a><\/p>\n<p>&nbsp;<\/p>\n<p>&nbsp;<\/p>\n<p>&nbsp;<\/p>\n<p>[\/vc_column_text][\/vc_column][\/vc_row]<\/p>\n","protected":false},"excerpt":{"rendered":"<p>Vigilance ! Le scarab\u00e9e japonais ou Popillia japonica Le scarab\u00e9e japonais ou Popillia japonica est un organisme de quarantaine prioritaire (OQP)[1]. Cela signifie que : (option 1) la pr\u00e9sence de ce scarab\u00e9e repr\u00e9sente une menace potentielle sur un plan \u00e9conomique, environnemental et\/ou sanitaire\u00a0de\u00a0 par les dommages qu\u2019il peut provoquer (option 2) la pr\u00e9sence de ce [&hellip;]<\/p>\n","protected":false},"author":1,"featured_media":8065,"comment_status":"closed","ping_status":"open","sticky":false,"template":"","format":"standard","meta":{"footnotes":""},"categories":[7],"tags":[9],"class_list":["post-8059","post","type-post","status-publish","format-standard","has-post-thumbnail","hentry","category-actualites-surveillance","tag-actualites-surveillance"],"_links":{"self":[{"href":"https:\/\/www.fredonoccitanie.com\/surveillance\/wp-json\/wp\/v2\/posts\/8059","targetHints":{"allow":["GET"]}}],"collection":[{"href":"https:\/\/www.fredonoccitanie.com\/surveillance\/wp-json\/wp\/v2\/posts"}],"about":[{"href":"https:\/\/www.fredonoccitanie.com\/surveillance\/wp-json\/wp\/v2\/types\/post"}],"author":[{"embeddable":true,"href":"https:\/\/www.fredonoccitanie.com\/surveillance\/wp-json\/wp\/v2\/users\/1"}],"replies":[{"embeddable":true,"href":"https:\/\/www.fredonoccitanie.com\/surveillance\/wp-json\/wp\/v2\/comments?post=8059"}],"version-history":[{"count":1,"href":"https:\/\/www.fredonoccitanie.com\/surveillance\/wp-json\/wp\/v2\/posts\/8059\/revisions"}],"predecessor-version":[{"id":9712,"href":"https:\/\/www.fredonoccitanie.com\/surveillance\/wp-json\/wp\/v2\/posts\/8059\/revisions\/9712"}],"wp:featuredmedia":[{"embeddable":true,"href":"https:\/\/www.fredonoccitanie.com\/surveillance\/wp-json\/wp\/v2\/media\/8065"}],"wp:attachment":[{"href":"https:\/\/www.fredonoccitanie.com\/surveillance\/wp-json\/wp\/v2\/media?parent=8059"}],"wp:term":[{"taxonomy":"category","embeddable":true,"href":"https:\/\/www.fredonoccitanie.com\/surveillance\/wp-json\/wp\/v2\/categories?post=8059"},{"taxonomy":"post_tag","embeddable":true,"href":"https:\/\/www.fredonoccitanie.com\/surveillance\/wp-json\/wp\/v2\/tags?post=8059"}],"curies":[{"name":"wp","href":"https:\/\/api.w.org\/{rel}","templated":true}]}}