{"id":7710,"date":"2020-02-27T16:30:04","date_gmt":"2020-02-27T15:30:04","guid":{"rendered":"https:\/\/www.fredonoccitanie.com\/surveillance\/?p=7710"},"modified":"2021-12-03T08:53:41","modified_gmt":"2021-12-03T07:53:41","slug":"7-avril-2020-colloque-pyrale-du-buis-dans-la-drome-retour-sur-linvasion-de-la-foret-francaise-par-la-pyrale-du-buis","status":"publish","type":"post","link":"https:\/\/www.fredonoccitanie.com\/surveillance\/2020\/02\/27\/7-avril-2020-colloque-pyrale-du-buis-dans-la-drome-retour-sur-linvasion-de-la-foret-francaise-par-la-pyrale-du-buis\/","title":{"rendered":"7 avril 2020 :Colloque pyrale du buis dans la Dr\u00f4me &#8211; Retour sur l&rsquo;invasion de la for\u00eat fran\u00e7aise par la pyrale du buis"},"content":{"rendered":"<div class=\"field field-name-body field-type-text-with-summary field-label-hidden\">\n<div class=\"field-items\">\n<div class=\"field-item even\">\n<h1>7 avril 2020 :Colloque pyrale du buis dans la Dr\u00f4me &#8211; Retour sur l&rsquo;invasion de la for\u00eat fran\u00e7aise par la pyrale du buis<\/h1>\n<h1><\/h1>\n<h2 style=\"text-align: center\">\u00c0 t\u00e9l\u00e9charger<\/h2>\n<p><span class=\"file wysiwyg\"><a title=\"T\u00e9l\u00e9charger le fichier ''Invitation au colloque le 7 avril 2020 - Retour sur l'invasion de la for\u00eat fran\u00e7aise par la pyrale du buis'' [PDF, 233.3 Ko]\" href=\"https:\/\/agriculture.gouv.fr\/telecharger\/108001?token=594fa5158fb05d3329ace6a2fd0e0e18\" target=\"_blank\" rel=\"noopener noreferrer\"> Invitation au colloque le 7 avril 2020 &#8211; Retour sur l&rsquo;invasion de la for\u00eat fran\u00e7aise par la pyrale du buis (PDF, 233.3 Ko) <\/a><\/span><\/p>\n<\/div>\n<p>Retrouver toutes les informations sur <a href=\"https:\/\/www.fredonoccitanie.com\/surveillance\/la_pyrale_du_buis\/\">la pyrale du buis sur notre site<\/a><\/p>\n<p><a href=\"https:\/\/www.fredonoccitanie.com\/surveillance\/wp-content\/uploads\/sites\/9\/2019\/01\/boxwood-borer-762622_1920.jpg\"><img loading=\"lazy\" decoding=\"async\" class=\"aligncenter size-large_image wp-image-6881\" src=\"https:\/\/www.fredonoccitanie.com\/surveillance\/wp-content\/uploads\/sites\/9\/2019\/01\/boxwood-borer-762622_1920-750x500.jpg\" alt=\"\" width=\"750\" height=\"500\" \/><\/a><\/p>\n<\/div>\n<\/div>\n","protected":false},"excerpt":{"rendered":"<p>7 avril 2020 :Colloque pyrale du buis dans la Dr\u00f4me &#8211; Retour sur l&rsquo;invasion de la for\u00eat fran\u00e7aise par la pyrale du buis \u00c0 t\u00e9l\u00e9charger Invitation au colloque le 7 avril 2020 &#8211; Retour sur l&rsquo;invasion de la for\u00eat fran\u00e7aise par la pyrale du buis (PDF, 233.3 Ko) Retrouver toutes les informations sur la pyrale [&hellip;]<\/p>\n","protected":false},"author":1,"featured_media":6849,"comment_status":"closed","ping_status":"open","sticky":false,"template":"","format":"standard","meta":{"footnotes":""},"categories":[7],"tags":[8],"class_list":["post-7710","post","type-post","status-publish","format-standard","has-post-thumbnail","hentry","category-actualites-surveillance","tag-agenda-surveillance"],"_links":{"self":[{"href":"https:\/\/www.fredonoccitanie.com\/surveillance\/wp-json\/wp\/v2\/posts\/7710","targetHints":{"allow":["GET"]}}],"collection":[{"href":"https:\/\/www.fredonoccitanie.com\/surveillance\/wp-json\/wp\/v2\/posts"}],"about":[{"href":"https:\/\/www.fredonoccitanie.com\/surveillance\/wp-json\/wp\/v2\/types\/post"}],"author":[{"embeddable":true,"href":"https:\/\/www.fredonoccitanie.com\/surveillance\/wp-json\/wp\/v2\/users\/1"}],"replies":[{"embeddable":true,"href":"https:\/\/www.fredonoccitanie.com\/surveillance\/wp-json\/wp\/v2\/comments?post=7710"}],"version-history":[{"count":1,"href":"https:\/\/www.fredonoccitanie.com\/surveillance\/wp-json\/wp\/v2\/posts\/7710\/revisions"}],"predecessor-version":[{"id":9732,"href":"https:\/\/www.fredonoccitanie.com\/surveillance\/wp-json\/wp\/v2\/posts\/7710\/revisions\/9732"}],"wp:featuredmedia":[{"embeddable":true,"href":"https:\/\/www.fredonoccitanie.com\/surveillance\/wp-json\/wp\/v2\/media\/6849"}],"wp:attachment":[{"href":"https:\/\/www.fredonoccitanie.com\/surveillance\/wp-json\/wp\/v2\/media?parent=7710"}],"wp:term":[{"taxonomy":"category","embeddable":true,"href":"https:\/\/www.fredonoccitanie.com\/surveillance\/wp-json\/wp\/v2\/categories?post=7710"},{"taxonomy":"post_tag","embeddable":true,"href":"https:\/\/www.fredonoccitanie.com\/surveillance\/wp-json\/wp\/v2\/tags?post=7710"}],"curies":[{"name":"wp","href":"https:\/\/api.w.org\/{rel}","templated":true}]}}