{"id":7213,"date":"2019-05-17T14:21:51","date_gmt":"2019-05-17T12:21:51","guid":{"rendered":"https:\/\/www.fredonoccitanie.com\/surveillance\/?p=7213"},"modified":"2021-12-03T08:53:41","modified_gmt":"2021-12-03T07:53:41","slug":"jeudi-6-juin-2019-journee-de-conferences-et-dechanges-2019-les-plantes-en-voyage","status":"publish","type":"post","link":"https:\/\/www.fredonoccitanie.com\/surveillance\/2019\/05\/17\/jeudi-6-juin-2019-journee-de-conferences-et-dechanges-2019-les-plantes-en-voyage\/","title":{"rendered":"Jeudi 6 Juin 2019 : Journ\u00e9e de conf\u00e9rences et d\u2019\u00e9changes 2019 \u2013 Les plantes en voyage !"},"content":{"rendered":"<h1 class=\"entry-title\">Journ\u00e9e de conf\u00e9rences et d\u2019\u00e9changes, Les plantes en voyage! \u00e0 Montpellier<\/h1>\n<p>Les continents voyagent \u00e0 une vitesse infime et emportent les plantes dont la reproduction s\u2019accompagne d\u2019une diss\u00e9mination et d\u2019une dispersion dans l\u2019espace. Celle-ci peut \u00eatre organis\u00e9e par l\u2019Homme ou non intentionnelle. Au terme de leur p\u00e9riple, les v\u00e9g\u00e9taux atteignent des terres nouvelles, plus ou moins \u00e9loign\u00e9es de leur lieu d\u2019origine. Ce \u2018voyage\u2019 permet aussi une diversification, et l\u2019apparition de nouveaux taxons. Ces processus souvent imperceptibles \u00e0 l\u2019\u00e9chelle de l\u2019existence humaine, mais parfois r\u00e9v\u00e9l\u00e9s, int\u00e9ressent les praticiens, les botanistes, les agronomes, les \u00e9cologues, les biologistes, les arch\u00e9ologues, les historiens\u2026, d\u2019autant plus que la connaissance des origines et de la diversit\u00e9 permet l\u2019am\u00e9lioration les plantes cultiv\u00e9es.<\/p>\n<p><strong>Pour traiter de ces sujets, une journ\u00e9e de conf\u00e9rences et d\u2019\u00e9changes sur les Plantes en voyage est organis\u00e9e par la Soci\u00e9t\u00e9 Nationale d\u2019Horticulture de France (SNHF), la Soci\u00e9t\u00e9 d\u2019Horticulture et d\u2019Histoire Naturelle de l\u2019H\u00e9rault (SHHNH), et la Ville de Montpellier\u00a0: le 6 juin 2019, de 9h15 \u00e0 17h15.<\/strong><\/p>\n<p>La journ\u00e9e donnera \u00e0 la ville de Montpellier l\u2019opportunit\u00e9 de pr\u00e9senter le projet du parc M\u00e9ric, sa politique de biodiversit\u00e9 et le choix des esp\u00e8ces introduites dans les milieux divers des parcs et jardins. En lien avec la th\u00e9matique des <strong>Plantes en voyage<\/strong>, la communaut\u00e9 scientifique de Montpellier communiquera sur des recherches effectu\u00e9es localement, appelant un \u00e9change avec le public. Seront ainsi abord\u00e9s les th\u00e8mes suivants\u00a0:<\/p>\n<ul>\n<li><strong>Les aspects soci\u00e9taux\u00a0:<\/strong> avec les voyages de la vigne, les voyages des noms \u2013 voyages des plantes, le commerce, la religion, et \u2018l\u2019affaire tournesol\u2019 qui m\u00eale diverses influences entre Am\u00e9rique, Russie et Europe\u00a0;<\/li>\n<li><strong>Les routes autour de la M\u00e9diterran\u00e9e\u00a0:<\/strong> avec l\u2019ol\u00e9astre et l\u2019olivier, Ol\u00e9ac\u00e9es baladeuses, puis les agrumes et l\u2019exp\u00e9dition des Hesp\u00e9rides \u00e0 la conqu\u00eate du monde\u00a0;<\/li>\n<li><strong>L\u2019odyss\u00e9e du pollen\u00a0:<\/strong> avec la pollinisation par les chauves-souris, et les allergies notamment dues aux ambroisies envahissantes\u00a0;<\/li>\n<li><strong>Les voyages trans- et inter-continentaux<\/strong> en retra\u00e7ant les introductions complexes des palmiers-dattiers, le grand voyage des bananiers depuis l\u2019Asie et l\u2019Afrique jusqu\u2019\u00e0 nos assiettes.<\/li>\n<\/ul>\n<p>Comme nombre d\u2019esp\u00e8ces suivent l\u2019Homme lors de ses p\u00e9r\u00e9grinations et son histoire\u00a0: sous la semelle de ses chaussures, dans ses bagages et dor\u00e9navant dans la soute de ses avions,<strong> une table ronde sur le th\u00e8me\u00a0: Introduire des plantes\u00a0: conseils &amp; \u00e9thique<\/strong>, r\u00e9unira divers t\u00e9moignages appelant \u00e0 une r\u00e9flexion collective citoyenne, o\u00f9 connaissance, raison et prudence seront conjugu\u00e9es.<\/p>\n<p>Au cours des pauses, de nombreux ouvrages d\u2019horticulture et de botanique seront pr\u00e9sent\u00e9s et propos\u00e9s \u00e0 la vente.<\/p>\n<p><strong>\u00a0Lieu : <\/strong><\/p>\n<p>Salle des rencontres, H\u00f4tel de Ville,<br \/>\n1 place G. Fr\u00eache, Montpellier<br \/>\nTramway lignes 1,3 et 4 arr\u00eat Moular\u00e8s.<strong><br \/>\n<\/strong><\/p>\n<h1>Inscription : jce.montpellier@snhf.org<\/h1>\n<h4>Le programme<\/h4>\n<p>9:00 &gt; Accueil<br \/>\n9:30 &gt; Ouverture de la journ\u00e9e par G. Duvallet, <em>SHHNH, <\/em>Ph. Saurel <em>Ville de Montpellier <\/em>et Dominique Douard, <em>Pr\u00e9sident de SNHF.<\/em><\/p>\n<p><strong>L\u2019aspect soci\u00e9tal\u00a0: Aspects socio-historiques\/socio\u00e9conomiques <\/strong><strong>Mod\u00e9rateur J-F Terral<\/strong><br \/>\n9:45 &gt; <strong>Le voyage de Vitis vinifera suivi par la g\u00e9n\u00e9tique<\/strong>, Thierry Lacombe <em>IR INRA<\/em>.<br \/>\n10:10 &gt; <strong>Le Domaine de M\u00e9ric : derri\u00e8re les peintures de Fr\u00e9deric Bazille, petite histoire de l\u2019introduction des plantes \u00e0 Montpellier, <\/strong>Patrick Berger, <em>Directeur Paysage et Biodiversit\u00e9<\/em>.<\/p>\n<p>10:35 &gt; <strong>Voyages des noms, voyages des plantes,<\/strong> Josiane Ubaud, <em>Lexicographe et ethnobotaniste, SHHNH.<\/em><br \/>\n11:00 &gt; <strong>L\u2019affaire tournesol, <\/strong>Andr\u00e9 Bervill\u00e9, <em>Ex DR INRA, SHHNH.<\/em><br \/>\n11:25 &gt; Pause<\/p>\n<p><strong>Routes autour de la M\u00e9diterran\u00e9e &gt; <\/strong><strong>Mod\u00e9rateur A. Bervill\u00e9<\/strong><\/p>\n<p>11:40 &gt; <strong>Une ol\u00e9ac\u00e9e baladeuse\u00a0: les voyages mouvement\u00e9s de l\u2019ol\u00e9astre et de l\u2019olivier<\/strong>, Catherine Breton, Bio-info, Bioversity Int.<br \/>\n12:05 &gt; <strong>L\u2019exp\u00e9dition des Hesp\u00e9rides, ou comment les agrumes ont conquis le monde,<\/strong> Frank Curk, <em>Inra.<\/em><\/p>\n<p>12:30 \u2013 14:00\u00a0: D\u00e9jeuner<\/p>\n<p><strong>L\u2019odyss\u00e9e des pollen &gt; Mod\u00e9rateur session\u00a0: C. Breton<\/strong><br \/>\n14:00 &gt;<strong> Le pollen en voyage avec les chauves-souris,<\/strong> \u00c9mile Duhoux, <em>Prof. Universit\u00e9 Paris 7, SHHNH.<\/em><br \/>\n14:25 &gt; Le c\u00f4t\u00e9 obscur des plantes exotiques envahissantes (et allerg\u00e8nes) : le cas des ambroisies, Anne-Marie Ducasse-Cournac, <em>Fredon Occitanie.<\/em><\/p>\n<p><strong>4. Voyages trans-continentaux \/ inter-continentaux \u2013 Mod\u00e9rateur P. Berger<\/strong><br \/>\n14:50 &gt; <strong>Le palmier dattier : voyage syst\u00e9matique, g\u00e9ographique et temporel<\/strong>, Jean-Fr\u00e9d\u00e9ric Terral <em>Prof. Univ. Montpellier<\/em> &amp; Muriel Gros-Balthazard.<\/p>\n<p>Pause\u00a0: 15:15 \u2013 15:30<\/p>\n<p>15:30 &gt; <strong>Les bananiers en Afrique, une longue tribulation depuis l\u2019Asie,\u00a0<\/strong>Xavier Perrier &amp; Fr\u00e9d\u00e9ric Bakry, C<em>hercheurs Cirad.<\/em><\/p>\n<p>15:55 &gt; \u00c9changes avec la salle sur les expos\u00e9s depuis le matin.<\/p>\n<p>16:20 \u2013 17:00\u00a0: <strong>Table ronde : Introduire des plantes\u00a0: conseils &amp; \u00e9thique, pratiques citoyennes, <\/strong>mod\u00e9rateur Philippe Tixier-Malicorne, <em>Dir Fredon Occitanie<\/em>, participeront\u00a0: Muriel N\u00e8gre, <em>Pr\u00e9sidente Bambouseraie de Prafrance\u00a0<\/em>; Emmanuel Spicq, <em>Directeur des Services techniques du Jardin des Plantes (Universit\u00e9 de Montpellier).<\/em><\/p>\n<p>17:00-17:15\u00a0: Conclusion par Jean-Luc Regnard (<em>Conseil scientifique de la SNHF, Prof. Em SupAgro<\/em>).<\/p>\n<p>Pr\u00e9sentation d\u2019ouvrages\u00a0:<\/p>\n<ul>\n<li>Quae \u00e9ditions,<\/li>\n<li>IRD \u00e9ditions,<\/li>\n<li>Biotope \u00e9ditions (M\u00e8ze),<\/li>\n<li>s\u00e9lection d\u2019ouvrages par la SNHF (reprendre liste du Colloque 2018, et des JCE)\u00a0;<\/li>\n<li>D\u00e9dicaces de deux ouvrages\u00a0: S. Hamon\u00a0: <em>L\u2019odyss\u00e9e des plantes<\/em>\u00a0; Michel Chauvet\u00a0:<em> L\u2019Encyclop\u00e9die des plantes cultiv\u00e9es<\/em>\u00a0; Pr\u00e9sentation de revues\u00a0: <em>Esp\u00e8ces<\/em>\u00a0; <em>Jardins de France<\/em>, pr\u00e9sentation de posters\u2026<\/li>\n<\/ul>\n<p><a href=\"https:\/\/www.snhf.org\/evenements\/journee-de-conferences-dechanges-plantes-voyage-a-montpellier\/\">Retrouvez toutes ces informations sur ce lien<\/a><\/p>\n<p><a href=\"https:\/\/www.fredonoccitanie.com\/surveillance\/wp-content\/uploads\/sites\/9\/2019\/05\/AFFICHE_les_plantes_en_voyage_JCE_MONTPELLIER-1.jpg\"><img loading=\"lazy\" decoding=\"async\" class=\"aligncenter size-large_image wp-image-7214\" src=\"https:\/\/www.fredonoccitanie.com\/surveillance\/wp-content\/uploads\/sites\/9\/2019\/05\/AFFICHE_les_plantes_en_voyage_JCE_MONTPELLIER-1-750x1061.jpg\" alt=\"\" width=\"750\" height=\"1061\" \/><\/a><\/p>\n","protected":false},"excerpt":{"rendered":"<p>Journ\u00e9e de conf\u00e9rences et d\u2019\u00e9changes, Les plantes en voyage! \u00e0 Montpellier Les continents voyagent \u00e0 une vitesse infime et emportent les plantes dont la reproduction s\u2019accompagne d\u2019une diss\u00e9mination et d\u2019une dispersion dans l\u2019espace. Celle-ci peut \u00eatre organis\u00e9e par l\u2019Homme ou non intentionnelle. Au terme de leur p\u00e9riple, les v\u00e9g\u00e9taux atteignent des terres nouvelles, plus ou [&hellip;]<\/p>\n","protected":false},"author":1,"featured_media":0,"comment_status":"closed","ping_status":"open","sticky":false,"template":"","format":"standard","meta":{"footnotes":""},"categories":[7],"tags":[8],"class_list":["post-7213","post","type-post","status-publish","format-standard","hentry","category-actualites-surveillance","tag-agenda-surveillance"],"_links":{"self":[{"href":"https:\/\/www.fredonoccitanie.com\/surveillance\/wp-json\/wp\/v2\/posts\/7213","targetHints":{"allow":["GET"]}}],"collection":[{"href":"https:\/\/www.fredonoccitanie.com\/surveillance\/wp-json\/wp\/v2\/posts"}],"about":[{"href":"https:\/\/www.fredonoccitanie.com\/surveillance\/wp-json\/wp\/v2\/types\/post"}],"author":[{"embeddable":true,"href":"https:\/\/www.fredonoccitanie.com\/surveillance\/wp-json\/wp\/v2\/users\/1"}],"replies":[{"embeddable":true,"href":"https:\/\/www.fredonoccitanie.com\/surveillance\/wp-json\/wp\/v2\/comments?post=7213"}],"version-history":[{"count":1,"href":"https:\/\/www.fredonoccitanie.com\/surveillance\/wp-json\/wp\/v2\/posts\/7213\/revisions"}],"predecessor-version":[{"id":9755,"href":"https:\/\/www.fredonoccitanie.com\/surveillance\/wp-json\/wp\/v2\/posts\/7213\/revisions\/9755"}],"wp:attachment":[{"href":"https:\/\/www.fredonoccitanie.com\/surveillance\/wp-json\/wp\/v2\/media?parent=7213"}],"wp:term":[{"taxonomy":"category","embeddable":true,"href":"https:\/\/www.fredonoccitanie.com\/surveillance\/wp-json\/wp\/v2\/categories?post=7213"},{"taxonomy":"post_tag","embeddable":true,"href":"https:\/\/www.fredonoccitanie.com\/surveillance\/wp-json\/wp\/v2\/tags?post=7213"}],"curies":[{"name":"wp","href":"https:\/\/api.w.org\/{rel}","templated":true}]}}