{"id":7129,"date":"2019-04-12T09:13:11","date_gmt":"2019-04-12T07:13:11","guid":{"rendered":"https:\/\/www.fredonoccitanie.com\/surveillance\/?p=7129"},"modified":"2021-12-03T08:53:42","modified_gmt":"2021-12-03T07:53:42","slug":"premieres-levees-dambroisie","status":"publish","type":"post","link":"https:\/\/www.fredonoccitanie.com\/surveillance\/2019\/04\/12\/premieres-levees-dambroisie\/","title":{"rendered":"Premi\u00e8res lev\u00e9es d&rsquo;ambroisie !"},"content":{"rendered":"<p>Le 08 avril, \u00e0 l&rsquo;occasion d&rsquo;une r\u00e9union multi-acteurs \u00e0 Giroussens (agriculteurs \u2013 D\u00e9partement 81 \u2013 \u00e9lus \u2013 r\u00e9f\u00e9rents \u2013 Chambre d&rsquo;Agriculture \u2013 ARS81 \u2013 CPIE \u2013 CBN \u2013 FREDON Occitanie) pour \u00e9laborer un plan local de lutte contre l&rsquo;ambroisie, un agriculteur nous a amen\u00e9 dans son champ pour nous montrer <strong>les premi\u00e8res lev\u00e9es de l&rsquo;adventice<\/strong>.<\/p>\n<p>Cet agriculteur, impact\u00e9 par l&rsquo;ambroisie depuis plusieurs ann\u00e9es, utilise <strong>plusieurs strat\u00e9gies pour limiter ses populations<\/strong> (rotations longues, adaptation des travaux et passages d&rsquo;engins\u2026). Il pratique notamment du faux-semis sur des boulb\u00e8nes caillouteuses se r\u00e9chauffant rapidement afin de faire germer pr\u00e9cocement l&rsquo;ambroisie. Il passera ensuite un d\u00e9sherbant avant de semer son champ en ma\u00efs (un nouveau travail du sol recr\u00e9erait une lev\u00e9e d&rsquo;ambroisies, ce qui n&rsquo;est alors plus le but recherch\u00e9).<\/p>\n<p><a href=\"https:\/\/www.fredonoccitanie.com\/surveillance\/wp-content\/uploads\/sites\/9\/2019\/04\/20190408_Giroussens-premi\u00e8res-ambroisies-1.jpg\"><img loading=\"lazy\" decoding=\"async\" class=\"aligncenter size-large_image wp-image-7130\" src=\"https:\/\/www.fredonoccitanie.com\/surveillance\/wp-content\/uploads\/sites\/9\/2019\/04\/20190408_Giroussens-premi\u00e8res-ambroisies-1-750x422.jpg\" alt=\"\" width=\"750\" height=\"422\" \/><\/a><\/p>\n<p style=\"text-align: center\"><em>Photo du 08\/04\/2019 : jeunes plantules, caract\u00e9ris\u00e9es par leurs cotyl\u00e9dons ronds (2 \u00e0 3 mm) et premi\u00e8res feuilles \u00e0 3 \u00e0 5 folioles<\/em><\/p>\n<p>&nbsp;<\/p>\n<h3>Ne pas confondre avec l&rsquo;armoise, plus en avance\u2026<\/h3>\n<p style=\"text-align: center\"><em>Photo : armoises dans le lit du Gardon \u00e0 Al\u00e8s, le 22\/03\/2019. L&rsquo;ambroisie, pr\u00e9sente sur cette station, n&rsquo;\u00e9tait pas encore sortie.<\/em><\/p>\n<p><a href=\"https:\/\/www.fredonoccitanie.com\/surveillance\/wp-content\/uploads\/sites\/9\/2019\/04\/armoise.jpg\"><img loading=\"lazy\" decoding=\"async\" class=\"aligncenter size-large_image wp-image-7131\" src=\"https:\/\/www.fredonoccitanie.com\/surveillance\/wp-content\/uploads\/sites\/9\/2019\/04\/armoise-750x422.jpg\" alt=\"\" width=\"750\" height=\"422\" \/><\/a><\/p>\n","protected":false},"excerpt":{"rendered":"<p>Le 08 avril, \u00e0 l&rsquo;occasion d&rsquo;une r\u00e9union multi-acteurs \u00e0 Giroussens (agriculteurs \u2013 D\u00e9partement 81 \u2013 \u00e9lus \u2013 r\u00e9f\u00e9rents \u2013 Chambre d&rsquo;Agriculture \u2013 ARS81 \u2013 CPIE \u2013 CBN \u2013 FREDON Occitanie) pour \u00e9laborer un plan local de lutte contre l&rsquo;ambroisie, un agriculteur nous a amen\u00e9 dans son champ pour nous montrer les premi\u00e8res lev\u00e9es de l&rsquo;adventice. [&hellip;]<\/p>\n","protected":false},"author":1,"featured_media":7159,"comment_status":"closed","ping_status":"open","sticky":false,"template":"","format":"standard","meta":{"footnotes":""},"categories":[7],"tags":[9],"class_list":["post-7129","post","type-post","status-publish","format-standard","has-post-thumbnail","hentry","category-actualites-surveillance","tag-actualites-surveillance"],"_links":{"self":[{"href":"https:\/\/www.fredonoccitanie.com\/surveillance\/wp-json\/wp\/v2\/posts\/7129","targetHints":{"allow":["GET"]}}],"collection":[{"href":"https:\/\/www.fredonoccitanie.com\/surveillance\/wp-json\/wp\/v2\/posts"}],"about":[{"href":"https:\/\/www.fredonoccitanie.com\/surveillance\/wp-json\/wp\/v2\/types\/post"}],"author":[{"embeddable":true,"href":"https:\/\/www.fredonoccitanie.com\/surveillance\/wp-json\/wp\/v2\/users\/1"}],"replies":[{"embeddable":true,"href":"https:\/\/www.fredonoccitanie.com\/surveillance\/wp-json\/wp\/v2\/comments?post=7129"}],"version-history":[{"count":1,"href":"https:\/\/www.fredonoccitanie.com\/surveillance\/wp-json\/wp\/v2\/posts\/7129\/revisions"}],"predecessor-version":[{"id":9761,"href":"https:\/\/www.fredonoccitanie.com\/surveillance\/wp-json\/wp\/v2\/posts\/7129\/revisions\/9761"}],"wp:featuredmedia":[{"embeddable":true,"href":"https:\/\/www.fredonoccitanie.com\/surveillance\/wp-json\/wp\/v2\/media\/7159"}],"wp:attachment":[{"href":"https:\/\/www.fredonoccitanie.com\/surveillance\/wp-json\/wp\/v2\/media?parent=7129"}],"wp:term":[{"taxonomy":"category","embeddable":true,"href":"https:\/\/www.fredonoccitanie.com\/surveillance\/wp-json\/wp\/v2\/categories?post=7129"},{"taxonomy":"post_tag","embeddable":true,"href":"https:\/\/www.fredonoccitanie.com\/surveillance\/wp-json\/wp\/v2\/tags?post=7129"}],"curies":[{"name":"wp","href":"https:\/\/api.w.org\/{rel}","templated":true}]}}