{"id":6964,"date":"2019-02-18T11:31:11","date_gmt":"2019-02-18T10:31:11","guid":{"rendered":"https:\/\/www.fredonoccitanie.com\/surveillance\/?p=6964"},"modified":"2021-12-03T08:53:42","modified_gmt":"2021-12-03T07:53:42","slug":"du-nouveau-sur-le-charancon-de-lagave","status":"publish","type":"post","link":"https:\/\/www.fredonoccitanie.com\/surveillance\/2019\/02\/18\/du-nouveau-sur-le-charancon-de-lagave\/","title":{"rendered":"Du nouveau sur le Charan\u00e7on de l&rsquo;agave"},"content":{"rendered":"<h1 style=\"text-align: center\">Du nouveau sur le Charan\u00e7on de l&rsquo;agave<\/h1>\n<p><img loading=\"lazy\" decoding=\"async\" class=\"aligncenter wp-image-6961\" src=\"https:\/\/www.fredonoccitanie.com\/surveillance\/wp-content\/uploads\/sites\/9\/2019\/02\/carte_agave_janv_2019-750x535.png\" alt=\"\" width=\"603\" height=\"430\" \/><\/p>\n<p>Suite aux nombreux signalements que nous avons re\u00e7u via le<a href=\"https:\/\/www.fredonoccitanie.com\/surveillance\/charancon-agave\/\"> formulaire en ligne<\/a> nous avons mis \u00e0 jour la cartographie de la r\u00e9partition du Charan\u00e7on de l&rsquo;agave.<\/p>\n<div class=\"wpb_text_column wpb_content_element \">\n<div class=\"wpb_wrapper\">\n<p>Actuellement plusieurs foyers sont identifi\u00e9s dans les Pyr\u00e9n\u00e9es-Orientales et l\u2019H\u00e9rault.<\/p>\n<p><strong>66 :<\/strong> Collioure, Cerb\u00e8re, Banyuls-sur-Mer<\/p>\n<p><strong>34 :<\/strong> B\u00e9ziers<\/p>\n<p>et de nombreux signalement \u00e0 Th\u00e9za, Port Vendre, Villelongue dels Monts, Saint Nazaire, Laroque des Alb\u00e8res<\/p>\n<\/div>\n<p>Retrouvez plus d&rsquo;informations sur le Charan\u00e7on sur notre page <a href=\"http:\/\/Localisation des foyers : Au 19\/09\/2017, plusieurs foyers sont identifi\u00e9s dans les Pyr\u00e9n\u00e9es-Orientales et l\u2019H\u00e9rault. 66 : Collioure, Cerb\u00e8re, Banyuls-sur-Mer 34 : B\u00e9ziers et de nombreux signalement \u00e0 Th\u00e9za, Port Vendre, Villelongue dels Monts, Saint Nazaire, Laroque des Alb\u00e8res\">Charan\u00e7on de l&rsquo;agave<\/a><\/p>\n<\/div>\n<p>&nbsp;<\/p>\n","protected":false},"excerpt":{"rendered":"<p>Du nouveau sur le Charan\u00e7on de l&rsquo;agave Suite aux nombreux signalements que nous avons re\u00e7u via le formulaire en ligne nous avons mis \u00e0 jour la cartographie de la r\u00e9partition du Charan\u00e7on de l&rsquo;agave. Actuellement plusieurs foyers sont identifi\u00e9s dans les Pyr\u00e9n\u00e9es-Orientales et l\u2019H\u00e9rault. 66 : Collioure, Cerb\u00e8re, Banyuls-sur-Mer 34 : B\u00e9ziers et de nombreux [&hellip;]<\/p>\n","protected":false},"author":1,"featured_media":6645,"comment_status":"closed","ping_status":"open","sticky":false,"template":"","format":"standard","meta":{"footnotes":""},"categories":[7],"tags":[9],"class_list":["post-6964","post","type-post","status-publish","format-standard","has-post-thumbnail","hentry","category-actualites-surveillance","tag-actualites-surveillance"],"_links":{"self":[{"href":"https:\/\/www.fredonoccitanie.com\/surveillance\/wp-json\/wp\/v2\/posts\/6964","targetHints":{"allow":["GET"]}}],"collection":[{"href":"https:\/\/www.fredonoccitanie.com\/surveillance\/wp-json\/wp\/v2\/posts"}],"about":[{"href":"https:\/\/www.fredonoccitanie.com\/surveillance\/wp-json\/wp\/v2\/types\/post"}],"author":[{"embeddable":true,"href":"https:\/\/www.fredonoccitanie.com\/surveillance\/wp-json\/wp\/v2\/users\/1"}],"replies":[{"embeddable":true,"href":"https:\/\/www.fredonoccitanie.com\/surveillance\/wp-json\/wp\/v2\/comments?post=6964"}],"version-history":[{"count":1,"href":"https:\/\/www.fredonoccitanie.com\/surveillance\/wp-json\/wp\/v2\/posts\/6964\/revisions"}],"predecessor-version":[{"id":9770,"href":"https:\/\/www.fredonoccitanie.com\/surveillance\/wp-json\/wp\/v2\/posts\/6964\/revisions\/9770"}],"wp:featuredmedia":[{"embeddable":true,"href":"https:\/\/www.fredonoccitanie.com\/surveillance\/wp-json\/wp\/v2\/media\/6645"}],"wp:attachment":[{"href":"https:\/\/www.fredonoccitanie.com\/surveillance\/wp-json\/wp\/v2\/media?parent=6964"}],"wp:term":[{"taxonomy":"category","embeddable":true,"href":"https:\/\/www.fredonoccitanie.com\/surveillance\/wp-json\/wp\/v2\/categories?post=6964"},{"taxonomy":"post_tag","embeddable":true,"href":"https:\/\/www.fredonoccitanie.com\/surveillance\/wp-json\/wp\/v2\/tags?post=6964"}],"curies":[{"name":"wp","href":"https:\/\/api.w.org\/{rel}","templated":true}]}}