{"id":6745,"date":"2019-01-06T16:51:54","date_gmt":"2019-01-06T15:51:54","guid":{"rendered":"https:\/\/www.fredonoccitanie.com\/surveillance\/?p=6745"},"modified":"2021-12-03T08:53:42","modified_gmt":"2021-12-03T07:53:42","slug":"du-nouveau-sur-xylella-fastidiosa","status":"publish","type":"post","link":"https:\/\/www.fredonoccitanie.com\/surveillance\/2019\/01\/06\/du-nouveau-sur-xylella-fastidiosa\/","title":{"rendered":"Du nouveau sur Xylella fastidiosa !"},"content":{"rendered":"<h1>Du nouveau sur <a href=\"https:\/\/www.fredonoccitanie.com\/surveillance\/xylella-fastidiosa\/\">Xylella fastidiosa<\/a> !<\/h1>\n<p>Originaire du continent am\u00e9ricain,<strong><a href=\"https:\/\/www.fredonoccitanie.com\/surveillance\/xylella-fastidiosa\/\"><em> Xylella fastidiosa<\/em><\/a> est une bact\u00e9rie<\/strong> qui peut infecter un grand nombre d\u2019esp\u00e8ces v\u00e9g\u00e9tales. Elle peut causer des d\u00e9g\u00e2ts importants dans les cultures d\u2019oliviers et d\u2019agrumes, dans les vignobles mais aussi sur plantes ornementales en espaces verts.<\/p>\n<p>En Europe, la bact\u00e9rie est pr\u00e9sente en Italie, o\u00f9 elle a caus\u00e9 de nombreuses mortalit\u00e9s d\u2019oliviers dans la r\u00e9gion des Pouilles, en Espagne et en France (r\u00e9gions PACA et Corse).<\/p>\n<p>Le 27 septembre 2018, <strong><a href=\"https:\/\/www.fredonoccitanie.com\/surveillance\/xylella-fastidiosa\/\"><em>Xylella fastidiosa<\/em><\/a> a \u00e9t\u00e9 d\u00e9tect\u00e9e pour la premi\u00e8re fois en Belgique<\/strong> dans une entreprise de Flandre occidentale, dans des oliviers r\u00e9cemment introduits d&rsquo;Espagne et dont plusieurs sujets pr\u00e9sentaient des sympt\u00f4mes suspects. Une partie des plantes \u00e9taient toujours pr\u00e9sentes dans l\u2019entreprise, une autre partie ayant \u00e9t\u00e9 vendue \u00e0 des entreprises dans l\u2019intervalle. Tous les sujets contamin\u00e9s et tous les oliviers pr\u00e9sents dans l\u2019entreprise ont \u00e9t\u00e9 d\u00e9truits. L&rsquo;AFSCA (Agence f\u00e9d\u00e9rale pour la s\u00e9curit\u00e9 de la cha\u00eene alimentaire) effectue actuellement toutes les recherches n\u00e9cessaires pour d\u00e9terminer si la bact\u00e9rie s\u2019est propag\u00e9e et s\u2019assurer qu&rsquo;aucune mesure suppl\u00e9mentaire n&rsquo;est requise.<\/p>\n<p><em>Xylella fastidiosa<\/em> a \u00e9galement \u00e9t\u00e9 d\u00e9couverte<strong> r\u00e9cemment sur un caf\u00e9ier<\/strong> pr\u00e9sent depuis neuf ans dans un bureau n\u00e9erlandais. La plante infect\u00e9e a \u00e9t\u00e9 scell\u00e9e et transport\u00e9e dans une serre de quarantaine.<\/p>\n<p>La bact\u00e9rie a \u00e9t\u00e9 identifi\u00e9e gr\u00e2ce aux<strong> contr\u00f4les renforc\u00e9s<\/strong> mis en place depuis quelques semaines (aucune zone tampon n&rsquo;a \u00e9t\u00e9 impos\u00e9e).<\/p>\n<p>Enfin, le <strong>12 novembre dernier, 201 nouveaux r\u00e9sultats positifs<\/strong> de <a href=\"https:\/\/www.fredonoccitanie.com\/surveillance\/xylella-fastidiosa\/\"><em>Xylella fastidiosa<\/em> <\/a>ont \u00e9t\u00e9 annonc\u00e9s dans la province d&rsquo;Alicante, en Espagne\u00a0: 193 sur amandiers, 4 sur <em>Polygala myrtifolia<\/em>, 2 sur <em>Helychrysum italicum<\/em>, 1 sur <em>Saxon phagnalon<\/em> et 1 sur <em>Prunus armeniaca<\/em>.<\/p>\n<p>Tous les r\u00e9sultats obtenus jusqu&rsquo;\u00e0 pr\u00e9sent indiquent que les positifs appartiennent \u00e0 la m\u00eame sous-esp\u00e8ce multiplex et \u00e0 la ST6.<\/p>\n<p><strong>Pour la premi\u00e8re fois en Europe, la bact\u00e9rie pathog\u00e8ne a donc \u00e9t\u00e9 d\u00e9tect\u00e9e sur abricotier<\/strong>. Cet abricotier isol\u00e9 est situ\u00e9 pr\u00e8s de parcelles d\u2019amandiers contamin\u00e9s, dans la municipalit\u00e9 de Benissa.<\/p>\n<p>&nbsp;<\/p>\n","protected":false},"excerpt":{"rendered":"<p>Du nouveau sur Xylella fastidiosa ! Originaire du continent am\u00e9ricain, Xylella fastidiosa est une bact\u00e9rie qui peut infecter un grand nombre d\u2019esp\u00e8ces v\u00e9g\u00e9tales. Elle peut causer des d\u00e9g\u00e2ts importants dans les cultures d\u2019oliviers et d\u2019agrumes, dans les vignobles mais aussi sur plantes ornementales en espaces verts. En Europe, la bact\u00e9rie est pr\u00e9sente en Italie, o\u00f9 [&hellip;]<\/p>\n","protected":false},"author":1,"featured_media":6855,"comment_status":"closed","ping_status":"open","sticky":false,"template":"","format":"standard","meta":{"footnotes":""},"categories":[7],"tags":[9],"class_list":["post-6745","post","type-post","status-publish","format-standard","has-post-thumbnail","hentry","category-actualites-surveillance","tag-actualites-surveillance"],"_links":{"self":[{"href":"https:\/\/www.fredonoccitanie.com\/surveillance\/wp-json\/wp\/v2\/posts\/6745","targetHints":{"allow":["GET"]}}],"collection":[{"href":"https:\/\/www.fredonoccitanie.com\/surveillance\/wp-json\/wp\/v2\/posts"}],"about":[{"href":"https:\/\/www.fredonoccitanie.com\/surveillance\/wp-json\/wp\/v2\/types\/post"}],"author":[{"embeddable":true,"href":"https:\/\/www.fredonoccitanie.com\/surveillance\/wp-json\/wp\/v2\/users\/1"}],"replies":[{"embeddable":true,"href":"https:\/\/www.fredonoccitanie.com\/surveillance\/wp-json\/wp\/v2\/comments?post=6745"}],"version-history":[{"count":1,"href":"https:\/\/www.fredonoccitanie.com\/surveillance\/wp-json\/wp\/v2\/posts\/6745\/revisions"}],"predecessor-version":[{"id":9774,"href":"https:\/\/www.fredonoccitanie.com\/surveillance\/wp-json\/wp\/v2\/posts\/6745\/revisions\/9774"}],"wp:featuredmedia":[{"embeddable":true,"href":"https:\/\/www.fredonoccitanie.com\/surveillance\/wp-json\/wp\/v2\/media\/6855"}],"wp:attachment":[{"href":"https:\/\/www.fredonoccitanie.com\/surveillance\/wp-json\/wp\/v2\/media?parent=6745"}],"wp:term":[{"taxonomy":"category","embeddable":true,"href":"https:\/\/www.fredonoccitanie.com\/surveillance\/wp-json\/wp\/v2\/categories?post=6745"},{"taxonomy":"post_tag","embeddable":true,"href":"https:\/\/www.fredonoccitanie.com\/surveillance\/wp-json\/wp\/v2\/tags?post=6745"}],"curies":[{"name":"wp","href":"https:\/\/api.w.org\/{rel}","templated":true}]}}