{"id":6627,"date":"2018-08-22T14:00:57","date_gmt":"2018-08-22T12:00:57","guid":{"rendered":"https:\/\/www.fredonoccitanie.com\/surveillance\/?p=6627"},"modified":"2021-12-03T08:53:43","modified_gmt":"2021-12-03T07:53:43","slug":"les-cles-pour-lutter-contre-le-chenille-processionnaire-du-pin","status":"publish","type":"post","link":"https:\/\/www.fredonoccitanie.com\/surveillance\/2018\/08\/22\/les-cles-pour-lutter-contre-le-chenille-processionnaire-du-pin\/","title":{"rendered":"Les cl\u00e9s pour lutter contre le chenille processionnaire du Pin"},"content":{"rendered":"<p><a href=\"http:\/\/draaf.auvergne-rhone-alpes.agriculture.gouv.fr\/IMG\/pdf\/les_cles_pour_lutter_contre_la_PP_cle8437ee.pdf\"><img loading=\"lazy\" decoding=\"async\" class=\"alignleft wp-image-3504\" src=\"https:\/\/www.fredonoccitanie.com\/surveillance\/wp-content\/uploads\/sites\/9\/2016\/11\/processionnaire_pin_ext-1.jpg\" alt=\"\" width=\"178\" height=\"152\" srcset=\"https:\/\/www.fredonoccitanie.com\/surveillance\/wp-content\/uploads\/sites\/4\/2016\/11\/processionnaire_pin_ext-1.jpg 336w, https:\/\/www.fredonoccitanie.com\/surveillance\/wp-content\/uploads\/sites\/4\/2016\/11\/processionnaire_pin_ext-1-300x256.jpg 300w\" sizes=\"auto, (max-width: 178px) 100vw, 178px\" \/><\/a>L&rsquo;INRA a r\u00e9\u00e9dit\u00e9 et actualis\u00e9 ce petit guide pour mieux appr\u00e9hender la lutte contre la chenille processionnaire du pin.<br \/>\nLes sujets essentiels sont abord\u00e9s : le cycle de vie de la processionnaire du pin, les risques sanitaires et les bons gestes \u00e0 avoir, les diff\u00e9rentes m\u00e9thodes de lutte en fonction de la p\u00e9riode et les \u00e9quipements de protection individuelle.<\/p>\n<p>Ce guide de 15 pages a \u00e9t\u00e9 \u00e9labor\u00e9 dans le cadre du projet Alterpro en partenariat avec Plante &amp; Cit\u00e9, projet ayant obtenu le financement Ecophyto et ONEMA<\/p>\n<p>&nbsp;<\/p>\n<p>&nbsp;<\/p>\n<p><a href=\"http:\/\/draaf.auvergne-rhone-alpes.agriculture.gouv.fr\/IMG\/pdf\/les_cles_pour_lutter_contre_la_PP_cle8437ee.pdf\">T\u00e9l\u00e9charger le guide<\/a><\/p>\n","protected":false},"excerpt":{"rendered":"<p>L&rsquo;INRA a r\u00e9\u00e9dit\u00e9 et actualis\u00e9 ce petit guide pour mieux appr\u00e9hender la lutte contre la chenille processionnaire du pin. Les sujets essentiels sont abord\u00e9s : le cycle de vie de la processionnaire du pin, les risques sanitaires et les bons gestes \u00e0 avoir, les diff\u00e9rentes m\u00e9thodes de lutte en fonction de la p\u00e9riode et les [&hellip;]<\/p>\n","protected":false},"author":1,"featured_media":6629,"comment_status":"closed","ping_status":"open","sticky":false,"template":"","format":"standard","meta":{"footnotes":""},"categories":[7],"tags":[9],"class_list":["post-6627","post","type-post","status-publish","format-standard","has-post-thumbnail","hentry","category-actualites-surveillance","tag-actualites-surveillance"],"_links":{"self":[{"href":"https:\/\/www.fredonoccitanie.com\/surveillance\/wp-json\/wp\/v2\/posts\/6627","targetHints":{"allow":["GET"]}}],"collection":[{"href":"https:\/\/www.fredonoccitanie.com\/surveillance\/wp-json\/wp\/v2\/posts"}],"about":[{"href":"https:\/\/www.fredonoccitanie.com\/surveillance\/wp-json\/wp\/v2\/types\/post"}],"author":[{"embeddable":true,"href":"https:\/\/www.fredonoccitanie.com\/surveillance\/wp-json\/wp\/v2\/users\/1"}],"replies":[{"embeddable":true,"href":"https:\/\/www.fredonoccitanie.com\/surveillance\/wp-json\/wp\/v2\/comments?post=6627"}],"version-history":[{"count":1,"href":"https:\/\/www.fredonoccitanie.com\/surveillance\/wp-json\/wp\/v2\/posts\/6627\/revisions"}],"predecessor-version":[{"id":9782,"href":"https:\/\/www.fredonoccitanie.com\/surveillance\/wp-json\/wp\/v2\/posts\/6627\/revisions\/9782"}],"wp:featuredmedia":[{"embeddable":true,"href":"https:\/\/www.fredonoccitanie.com\/surveillance\/wp-json\/wp\/v2\/media\/6629"}],"wp:attachment":[{"href":"https:\/\/www.fredonoccitanie.com\/surveillance\/wp-json\/wp\/v2\/media?parent=6627"}],"wp:term":[{"taxonomy":"category","embeddable":true,"href":"https:\/\/www.fredonoccitanie.com\/surveillance\/wp-json\/wp\/v2\/categories?post=6627"},{"taxonomy":"post_tag","embeddable":true,"href":"https:\/\/www.fredonoccitanie.com\/surveillance\/wp-json\/wp\/v2\/tags?post=6627"}],"curies":[{"name":"wp","href":"https:\/\/api.w.org\/{rel}","templated":true}]}}