{"id":6544,"date":"2018-06-11T17:10:29","date_gmt":"2018-06-11T15:10:29","guid":{"rendered":"https:\/\/www.fredonoccitanie.com\/surveillance\/?p=6544"},"modified":"2021-12-03T08:53:43","modified_gmt":"2021-12-03T07:53:43","slug":"viticulture-dates-du-second-traitement-contre-le-vecteur-de-la-flavescence-doree-dans-lherault-11-juin-au-26-juin-2018","status":"publish","type":"post","link":"https:\/\/www.fredonoccitanie.com\/surveillance\/2018\/06\/11\/viticulture-dates-du-second-traitement-contre-le-vecteur-de-la-flavescence-doree-dans-lherault-11-juin-au-26-juin-2018\/","title":{"rendered":"Viticulture \u2013 Dates du second traitement contre le vecteur de la flavescence dor\u00e9e dans l\u2019H\u00e9rault : 11 Juin au 26 Juin 2018"},"content":{"rendered":"<p style=\"text-align: center\">LE SERVICE REGIONAL DE L\u2019ALIMENTATION, LA CHAMBRE D\u2019AGRICULTURE DE L\u2019HERAULT<br \/>\nET LA FEDERATION REGIONALE DE DEFENSE CONTRE LES ORGANISMES NUISIBLES<\/p>\n<p style=\"text-align: center\"><strong>COMMUNIQUENT\u00a0:<\/strong><\/p>\n<hr \/>\n<p style=\"text-align: center\"><strong>LUTTE CONTRE LA FLAVESCENCE DOREE DE LA VIGNE<br \/>\nDANS LE DEPARTEMENT DE L\u2019HERAULT<\/strong><\/p>\n<p style=\"text-align: center\">La date du deuxi\u00e8me traitement contre la cicadelle vectrice de la maladie est fix\u00e9e dans la p\u00e9riode du\u00a0:<\/p>\n<h1 style=\"text-align: center\">11 JUIN AU 26 JUIN 2018<\/h1>\n<hr \/>\n<p style=\"text-align: justify\">Ce deuxi\u00e8me traitement vise les larves de l\u2019insecte et donc \u00e0 limiter la propagation de la maladie. <strong>Ce traitement doit \u00eatre appliqu\u00e9 15 jours apr\u00e8s la premi\u00e8re application dans les <\/strong>communes \u00e0 trois traitements. Utilisez imp\u00e9rativement des sp\u00e9cialit\u00e9s commerciales ayant l&rsquo;autorisation de mise sur le march\u00e9 pour l&rsquo;usage cicadelles de la flavescence dor\u00e9e.<\/p>\n<p style=\"text-align: justify\"><strong>Protection des abeilles et de l\u2019environnement :<\/strong><\/p>\n<p style=\"text-align: justify\">Nous vous rappelons qu&rsquo;il est interdit d&rsquo;utiliser un insecticide, m\u00eame portant la mention abeille, lorsqu&rsquo;il existe des plantes mellif\u00e8res en fleur visit\u00e9es par les abeilles dans la parcelle.<\/p>\n<p style=\"text-align: justify\">Dans tous les cas, il faut \u00e9viter les d\u00e9rives des insecticides dans l&rsquo;environnement des parcelles.<\/p>\n<hr \/>\n<p style=\"text-align: justify\"><strong>CAS PARTICULIER DES COMMUNES OU<\/strong><strong> L\u2019AM\u00c9NAGEMENT DE LA LUTTE INSECTICIDE EST POSSIBLE. <\/strong><strong><em>\u00a0<\/em><\/strong><\/p>\n<p style=\"text-align: justify\"><strong><em>Sur avis de la commission d\u00e9partementale flavescence dor\u00e9e du 18 mai 2016<\/em><\/strong><\/p>\n<ul>\n<li>Pour le deuxi\u00e8me traitement\u00a0: AGDE, AIGUES-VIVES, AUTIGNAC, BABEAU-BOULDOUX, BASSAN, CABREROLLES, LA CAUNETTE, CAUSSINIOJOULS, CASTELNAU DE GUERS, CEYRAS, COMBAILLAUX, CORNEILHAN, LATTES, LAURENS, LAURET, LAUROUX, MAGALAS, MAUGUIO, MARGON, MARSEILLAN, MONTESQUIEU, MONTPEYROUX, MURVIEL LES MONTPELLIER, NEFFIES, PEGAIROLLES DE L&rsquo;ESCALETTE, PIERRERUE, PINET, POMEROLS, POUJOLS, SOUBES, VACQUIERES, POUZOLLES, SAINT AUNES, SAINT CHINIAN, SAINT CHRISTOL, SAINT FELIX DE LODEZ, SAINT GUIRAUD, SAINT JEAN DE VEDAS, VAILHAN, VENDARGUES, VILLENEUVE LES MAGUELONE, VILLEVEYRAC.<\/li>\n<li style=\"text-align: justify\"><em>Dans ces communes, renseignez-vous aupr\u00e8s de votre Groupement de D\u00e9fense contre les Organismes Nuisibles (G.D.O.N.).<\/em><\/li>\n<\/ul>\n<h3 style=\"text-align: center\"><a href=\"https:\/\/www.fredonoccitanie.com\/surveillance\/wp-content\/uploads\/sites\/9\/2018\/06\/aa2_flaves_34_2018.pdf\"><strong>TELECHARGER L&rsquo;AVIS DE SECOND TRAITEMENT POUR L\u2019H\u00c9RAULT ICI<\/strong><\/a><\/h3>\n","protected":false},"excerpt":{"rendered":"<p>LE SERVICE REGIONAL DE L\u2019ALIMENTATION, LA CHAMBRE D\u2019AGRICULTURE DE L\u2019HERAULT ET LA FEDERATION REGIONALE DE DEFENSE CONTRE LES ORGANISMES NUISIBLES COMMUNIQUENT\u00a0: LUTTE CONTRE LA FLAVESCENCE DOREE DE LA VIGNE DANS LE DEPARTEMENT DE L\u2019HERAULT La date du deuxi\u00e8me traitement contre la cicadelle vectrice de la maladie est fix\u00e9e dans la p\u00e9riode du\u00a0: 11 JUIN AU [&hellip;]<\/p>\n","protected":false},"author":1,"featured_media":4608,"comment_status":"closed","ping_status":"open","sticky":false,"template":"","format":"standard","meta":{"footnotes":""},"categories":[7],"tags":[9],"class_list":["post-6544","post","type-post","status-publish","format-standard","has-post-thumbnail","hentry","category-actualites-surveillance","tag-actualites-surveillance"],"_links":{"self":[{"href":"https:\/\/www.fredonoccitanie.com\/surveillance\/wp-json\/wp\/v2\/posts\/6544","targetHints":{"allow":["GET"]}}],"collection":[{"href":"https:\/\/www.fredonoccitanie.com\/surveillance\/wp-json\/wp\/v2\/posts"}],"about":[{"href":"https:\/\/www.fredonoccitanie.com\/surveillance\/wp-json\/wp\/v2\/types\/post"}],"author":[{"embeddable":true,"href":"https:\/\/www.fredonoccitanie.com\/surveillance\/wp-json\/wp\/v2\/users\/1"}],"replies":[{"embeddable":true,"href":"https:\/\/www.fredonoccitanie.com\/surveillance\/wp-json\/wp\/v2\/comments?post=6544"}],"version-history":[{"count":1,"href":"https:\/\/www.fredonoccitanie.com\/surveillance\/wp-json\/wp\/v2\/posts\/6544\/revisions"}],"predecessor-version":[{"id":9787,"href":"https:\/\/www.fredonoccitanie.com\/surveillance\/wp-json\/wp\/v2\/posts\/6544\/revisions\/9787"}],"wp:featuredmedia":[{"embeddable":true,"href":"https:\/\/www.fredonoccitanie.com\/surveillance\/wp-json\/wp\/v2\/media\/4608"}],"wp:attachment":[{"href":"https:\/\/www.fredonoccitanie.com\/surveillance\/wp-json\/wp\/v2\/media?parent=6544"}],"wp:term":[{"taxonomy":"category","embeddable":true,"href":"https:\/\/www.fredonoccitanie.com\/surveillance\/wp-json\/wp\/v2\/categories?post=6544"},{"taxonomy":"post_tag","embeddable":true,"href":"https:\/\/www.fredonoccitanie.com\/surveillance\/wp-json\/wp\/v2\/tags?post=6544"}],"curies":[{"name":"wp","href":"https:\/\/api.w.org\/{rel}","templated":true}]}}