{"id":6539,"date":"2018-06-11T16:56:05","date_gmt":"2018-06-11T14:56:05","guid":{"rendered":"https:\/\/www.fredonoccitanie.com\/surveillance\/?p=6539"},"modified":"2021-12-03T08:53:43","modified_gmt":"2021-12-03T07:53:43","slug":"semaine-de-lambroisie-les-evenements-pres-de-chez-vous-en-occitanie","status":"publish","type":"post","link":"https:\/\/www.fredonoccitanie.com\/surveillance\/2018\/06\/11\/semaine-de-lambroisie-les-evenements-pres-de-chez-vous-en-occitanie\/","title":{"rendered":"Semaine de l&rsquo;Ambroisie : Les \u00e9v\u00e8nements pr\u00e8s de chez vous en Occitanie !"},"content":{"rendered":"<hr \/>\n<p><strong>R\u00e9gion Occitanie &#8211; D\u00e9partement de l&rsquo;H\u00e9rault (34)<\/strong><br \/>\nStructure organisatrice : CPIE du Haut-Languedoc<br \/>\nPartenaires : FREDON Occitanie, ARS 34<br \/>\nTitre de l\u2019\u00e9v\u00e8nement : Journ\u00e9e d\u2019\u00e9change \u00ab R\u00e9union d\u2019information sur l\u2019Ambroisie dans l&rsquo;H\u00e9rault \u00bb<br \/>\nDate et horaires : <strong>le 14 juin 2018 de 9h30 \u00e0 12h30<\/strong><br \/>\nVille : Cessenon sur Orb (34)<br \/>\nLieu de l\u2019\u00e9v\u00e8nement : salle municipale<br \/>\nDescription de l\u2019\u00e9v\u00e8nement : Journ\u00e9e de formation pour les r\u00e9f\u00e9rents ambroisie de l&rsquo;H\u00e9rault<br \/>\nProgramme : la reconnaissance de la plante, sa gestion ; le r\u00f4le du r\u00e9f\u00e9rent ; le signalement des ambroisies. Anim\u00e9 par la FREDON Occitanie.<br \/>\nPublic concern\u00e9 : les r\u00e9f\u00e9rents ambroisie, nomm\u00e9s par les communes<br \/>\nContact : Anne-Marie DUCASSE-COURNAC, FREDON Occitanie ducasse.fredonlr@orange.fr ; t\u00e9l : 06 52 93 76 46<\/p>\n<hr \/>\n<p><strong>R\u00e9gion Occitanie &#8211; D\u00e9partement du Gard (30)<\/strong><br \/>\nStructure organisatrice : FREDON Occitanie<br \/>\nPartenaires : CH de Bagnols sur C\u00e8ze, ARS Gard<br \/>\nTitre de l\u2019\u00e9v\u00e8nement : Journ\u00e9e d\u2019\u00e9change \u00ab R\u00e9union d\u2019information sur l\u2019Ambroisie dans le Gard \u00bb<br \/>\nDate et horaires : <strong>le 28 juin 2018 de 14h \u00e0 14h30<\/strong><br \/>\nVille : Bagnols sur C\u00e8ze (30)<br \/>\nLieu de l\u2019\u00e9v\u00e8nement : Centre Hospitalier de Bagnols\/C\u00e8ze<br \/>\nDescription de l\u2019\u00e9v\u00e8nement : Journ\u00e9e de formation pour les r\u00e9f\u00e9rents ambroisie du Gard.<br \/>\nProgramme : la reconnaissance de la plante, sa gestion ; le r\u00f4le du r\u00e9f\u00e9rent ; le signalement des ambroisies. Une sortie \u00e0 proximit\u00e9 du lieu de formation sera effectu\u00e9e afin de mettre en pratique la reconnaissance et le signalement. Anim\u00e9 par la FREDON Occitanie, en pr\u00e9sence de Madame FABRE, allergologue au CH de Bagnols sur C\u00e8ze<br \/>\nPublic concern\u00e9 : les r\u00e9f\u00e9rents ambroisie, nomm\u00e9s par les communes<br \/>\nContact : Anne-Marie DUCASSE-COURNAC, FREDON Occitanie ducasse.fredonlr@orange.fr ; t\u00e9l : 06 52 93 76 46<\/p>\n<hr \/>\n<p><strong>R\u00e9gion Occitanie &#8211; D\u00e9partement du Gers (32)<\/strong><br \/>\nStructure organisatrice : CPIE Pays Gersois<br \/>\nPartenaires : ARS 32<br \/>\nTitre de l\u2019\u00e9v\u00e8nement : deux journ\u00e9es d\u2019\u00e9change \u00ab R\u00e9union d\u2019information sur l\u2019Ambroisie dans le Gers \u00bb<br \/>\nDate et horaires :<strong> le 29 juin 2018 de 9h00 \u00e0 12h30 et le 3 juillet de le 29 juin 2018 de 9h00 \u00e0 12h30<\/strong><br \/>\nVille : Saint-Clar (32)<br \/>\nLieu de l\u2019\u00e9v\u00e8nement : salle municipale<br \/>\nDescription de l\u2019\u00e9v\u00e8nement : Journ\u00e9e de formation pour les r\u00e9f\u00e9rents ambroisie du Gers<br \/>\nProgramme : la reconnaissance de la plante, sa gestion ; le r\u00f4le du r\u00e9f\u00e9rent ; le signalement des ambroisies. Anim\u00e9 par le CPIE Pays Gersois.<br \/>\nPublic concern\u00e9 : les r\u00e9f\u00e9rents ambroisie, nomm\u00e9s par les communes<br \/>\nContact : Elodie CARRE, CPIE Pays Gersois ; animation@cpie32.org ; 05 62 66 85 77<\/p>\n<hr \/>\n<p><strong>R\u00e9gion Occitanie &#8211; D\u00e9partement du Gers (32)<\/strong><br \/>\nStructure organisatrice : CPIE Pays Gersois<br \/>\nPartenaires : ARS 32<br \/>\nTitre de l\u2019\u00e9v\u00e8nement : une soir\u00e9e d&rsquo;\u00e9change et d\u2019information sur l\u2019Ambroisie dans le Gers Date et horaires :<strong> le<\/strong> <strong>29 juin 2018 de 18h30 \u00e0 20h30<\/strong><br \/>\nVille : Lectoure (32)<br \/>\nLieu de l\u2019\u00e9v\u00e8nement : salle polyvalente<br \/>\nDescription de l\u2019\u00e9v\u00e8nement : stand d&rsquo;information grand public sur l&rsquo;ambroisie dans le Gers<br \/>\nProgramme : exposition, stand, reconnaissance de la plante. Anim\u00e9 par le CPIE Pays Gersois.<br \/>\nPublic concern\u00e9 : grand public<br \/>\nContact : Elodie CARRE, CPIE Pays Gersois ; animation@cpie32.org ; 05 62 66 85 77<\/p>\n<hr \/>\n<p><strong>R\u00e9gion Occitanie &#8211; D\u00e9partement de l&rsquo;Aude (11)<\/strong><br \/>\nStructure organisatrice : FDGDON Aude<br \/>\nPartenaires : FREDON Occitanie, ARS<br \/>\nTitre de l\u2019\u00e9v\u00e8nement : Deux journ\u00e9es d\u2019\u00e9change \u00ab R\u00e9union d\u2019information sur l\u2019Ambroisie dans l&rsquo;Aude \u00bb<br \/>\nDate et horaires : <strong>J1 = le 4 juillet 2018 de 9h30 \u00e0 12h30, et J2 = le 6 juillet 2018 de 9h30 \u00e0 12h30<\/strong><br \/>\nVille : J1 = Alaigne (11), et J2 = Carcassonne (11)<br \/>\nLieu de l\u2019\u00e9v\u00e8nement : J1 = domaine de Cazes ; J2 = salle petit Cathare, Chambre d\u2019Agriculture de l\u2019Aude, ZA de Saut\u00e8s \u00e0 Tr\u00e8bes<br \/>\nDescription de l\u2019\u00e9v\u00e8nement : Journ\u00e9e de formation pour les r\u00e9f\u00e9rents ambroisie de l&rsquo;Aude.<br \/>\nProgramme : la reconnaissance de la plante, sa gestion ; le r\u00f4le du r\u00e9f\u00e9rent ; le signalement des ambroisies.<br \/>\nPublic concern\u00e9 : les r\u00e9f\u00e9rents ambroisie, nomm\u00e9s par les communes<br \/>\nContact : Fabrice GUILLOIS, FDGDON de l&rsquo;Aude ; fedon11@wanadoo.fr ; tel 06 75 29 42 39<\/p>\n<hr \/>\n<p><strong><span style=\"color: #ff0000\">En attente de confirmation<\/span><\/strong><br \/>\n<strong>R\u00e9gion Occitanie &#8211; D\u00e9partement du Tarn (81)<\/strong><br \/>\nStructure organisatrice : CPIE Pays Tarnais<br \/>\nPartenaires : ARS 81<br \/>\nTitre de l\u2019\u00e9v\u00e8nement : chantier arrachage d\u2019ambroisie avec une \u00e9quipe d\u2019insertion, ouvert \u00e0 des volontaires<br \/>\n\u2022 Date et horaires : <strong>le 28 juin 2018<\/strong><br \/>\n\u2022 Lieux et Villes : Un arrachage \u00e0 Lautrec dans un champ sans fermage le matin ; un arrachage \u00e0 Rabastens sur la plage l\u2019apr\u00e8s-midi<br \/>\nDescription de l\u2019\u00e9v\u00e8nement : exposition ambroisie, reconnaissance de la plante, sa gestion ; puis chantier d&rsquo;arrachage et pr\u00e9sentation de la brigade verte. Anim\u00e9 par le CPIE Pays Tarnais.<br \/>\nPublic concern\u00e9 : tout public<br \/>\nContact : J\u00e9r\u00e9my Pringault, CPIE Pays Tarnais ; j.pringault@cpie81.fr ; 05 63 34 00 90<\/p>\n","protected":false},"excerpt":{"rendered":"<p>R\u00e9gion Occitanie &#8211; D\u00e9partement de l&rsquo;H\u00e9rault (34) Structure organisatrice : CPIE du Haut-Languedoc Partenaires : FREDON Occitanie, ARS 34 Titre de l\u2019\u00e9v\u00e8nement : Journ\u00e9e d\u2019\u00e9change \u00ab R\u00e9union d\u2019information sur l\u2019Ambroisie dans l&rsquo;H\u00e9rault \u00bb Date et horaires : le 14 juin 2018 de 9h30 \u00e0 12h30 Ville : Cessenon sur Orb (34) Lieu de l\u2019\u00e9v\u00e8nement : [&hellip;]<\/p>\n","protected":false},"author":1,"featured_media":6432,"comment_status":"closed","ping_status":"open","sticky":false,"template":"","format":"standard","meta":{"footnotes":""},"categories":[7],"tags":[10,8],"class_list":["post-6539","post","type-post","status-publish","format-standard","has-post-thumbnail","hentry","category-actualites-surveillance","tag-agenda-ambroisie","tag-agenda-surveillance"],"_links":{"self":[{"href":"https:\/\/www.fredonoccitanie.com\/surveillance\/wp-json\/wp\/v2\/posts\/6539","targetHints":{"allow":["GET"]}}],"collection":[{"href":"https:\/\/www.fredonoccitanie.com\/surveillance\/wp-json\/wp\/v2\/posts"}],"about":[{"href":"https:\/\/www.fredonoccitanie.com\/surveillance\/wp-json\/wp\/v2\/types\/post"}],"author":[{"embeddable":true,"href":"https:\/\/www.fredonoccitanie.com\/surveillance\/wp-json\/wp\/v2\/users\/1"}],"replies":[{"embeddable":true,"href":"https:\/\/www.fredonoccitanie.com\/surveillance\/wp-json\/wp\/v2\/comments?post=6539"}],"version-history":[{"count":1,"href":"https:\/\/www.fredonoccitanie.com\/surveillance\/wp-json\/wp\/v2\/posts\/6539\/revisions"}],"predecessor-version":[{"id":9788,"href":"https:\/\/www.fredonoccitanie.com\/surveillance\/wp-json\/wp\/v2\/posts\/6539\/revisions\/9788"}],"wp:featuredmedia":[{"embeddable":true,"href":"https:\/\/www.fredonoccitanie.com\/surveillance\/wp-json\/wp\/v2\/media\/6432"}],"wp:attachment":[{"href":"https:\/\/www.fredonoccitanie.com\/surveillance\/wp-json\/wp\/v2\/media?parent=6539"}],"wp:term":[{"taxonomy":"category","embeddable":true,"href":"https:\/\/www.fredonoccitanie.com\/surveillance\/wp-json\/wp\/v2\/categories?post=6539"},{"taxonomy":"post_tag","embeddable":true,"href":"https:\/\/www.fredonoccitanie.com\/surveillance\/wp-json\/wp\/v2\/tags?post=6539"}],"curies":[{"name":"wp","href":"https:\/\/api.w.org\/{rel}","templated":true}]}}