{"id":5293,"date":"2017-09-13T16:30:19","date_gmt":"2017-09-13T14:30:19","guid":{"rendered":"https:\/\/www.fredonoccitanie.com\/surveillance\/?p=5293"},"modified":"2021-12-03T08:53:45","modified_gmt":"2021-12-03T07:53:45","slug":"17-septembre-2017-lherault-fete-bio-prades-lez-34","status":"publish","type":"post","link":"https:\/\/www.fredonoccitanie.com\/surveillance\/2017\/09\/13\/17-septembre-2017-lherault-fete-bio-prades-lez-34\/","title":{"rendered":"17 Septembre 2017 : L\u2019H\u00e9rault f\u00eate la Bio ! (Prades-le-Lez, 34)"},"content":{"rendered":"<p style=\"text-align: justify\"><strong>Le CIVAM Bio 34 vous propose une journ\u00e9e de d\u00e9gustations, de d\u00e9couverte et d&rsquo;animation autour du Bio dans le d\u00e9partement de l&rsquo;H\u00e9rault. <\/strong><\/p>\n<p style=\"text-align: justify\"><strong><a href=\"http:\/\/www.bio34.com\/images\/imagesFCK\/file\/flyerlhrault_fte_la_biohd2017_web.pdf\"><img loading=\"lazy\" decoding=\"async\" class=\"alignright wp-image-4920\" src=\"https:\/\/www.fredonoccitanie.com\/wp-content\/uploads\/2017\/09\/lheraultfetelabio2017-400x566.jpg\" alt=\"\" width=\"306\" height=\"433\" \/><\/a>Au programme : March\u00e9 bio, animations enfants et adultes, conf\u00e9rences, restauration sur place, ambiance musicale&#8230; <\/strong><\/p>\n<p style=\"text-align: justify\">Lieu de d\u00e9tente et d\u2019information, cette f\u00eate, organis\u00e9e par le CIVAM Bio de l\u2019H\u00e9rault, a pour objectif de :<\/p>\n<ul style=\"text-align: justify\">\n<li>Pr\u00e9senter la forte dynamique en agriculture biologique de notre d\u00e9partement et les diff\u00e9rentes initiatives sur les territoires,<\/li>\n<li>Valoriser la diversit\u00e9 des produits bio de l\u2019H\u00e9rault, les agriculteurs et entreprises bio,<\/li>\n<li>Mettre en valeur les projets de d\u00e9veloppement de l\u2019agriculture biologique dans l\u2019H\u00e9rault et les actions de d\u00e9veloppement durable sur les territoires men\u00e9es par les collectivit\u00e9s et les partenaires associatifs,<\/li>\n<li>Permettre aux acteurs de la bio de se rencontrer et d\u2019\u00e9changer.<\/li>\n<\/ul>\n<p style=\"text-align: justify\"><strong>March\u00e9 biologique<\/strong><\/p>\n<p style=\"text-align: justify\">Une trentaine de producteurs et transformateurs originaires de l\u2019H\u00e9rault proposent de d\u00e9couvrir leurs produits : vins, fromages, miels, confitures, pains, huiles, viandes, fruits et l\u00e9gumes \u2026<\/p>\n<p style=\"text-align: justify\"><strong>Animations enfants et adultes<\/strong><\/p>\n<ul style=\"text-align: justify\">\n<li>Pour les enfants : balades en poney, ateliers poterie, origrami nature, clip it &#8230;<\/li>\n<li>Pour les grands : de nombreuses animations sur les stands des associations d&rsquo;\u00e9ducation \u00e0 l&rsquo;environnement<\/li>\n<\/ul>\n<p style=\"text-align: justify\"><strong>Retrouvez plus d&rsquo;informations et le programme complet sur le site du CIVAM Bio 34 :<\/strong><\/p>\n<p style=\"text-align: justify\"><a href=\"http:\/\/www.bio34.com\/agenda_5.php#date215\">CIVAM Bio 34 : L&rsquo;H\u00e9rault f\u00eate la Bio 2017<\/a><\/p>\n","protected":false},"excerpt":{"rendered":"<p>Le CIVAM Bio 34 vous propose une journ\u00e9e de d\u00e9gustations, de d\u00e9couverte et d&rsquo;animation autour du Bio dans le d\u00e9partement de l&rsquo;H\u00e9rault. Au programme : March\u00e9 bio, animations enfants et adultes, conf\u00e9rences, restauration sur place, ambiance musicale&#8230; Lieu de d\u00e9tente et d\u2019information, cette f\u00eate, organis\u00e9e par le CIVAM Bio de l\u2019H\u00e9rault, a pour objectif de [&hellip;]<\/p>\n","protected":false},"author":1,"featured_media":0,"comment_status":"closed","ping_status":"open","sticky":false,"template":"","format":"standard","meta":{"footnotes":""},"categories":[7],"tags":[8],"class_list":["post-5293","post","type-post","status-publish","format-standard","hentry","category-actualites-surveillance","tag-agenda-surveillance"],"_links":{"self":[{"href":"https:\/\/www.fredonoccitanie.com\/surveillance\/wp-json\/wp\/v2\/posts\/5293","targetHints":{"allow":["GET"]}}],"collection":[{"href":"https:\/\/www.fredonoccitanie.com\/surveillance\/wp-json\/wp\/v2\/posts"}],"about":[{"href":"https:\/\/www.fredonoccitanie.com\/surveillance\/wp-json\/wp\/v2\/types\/post"}],"author":[{"embeddable":true,"href":"https:\/\/www.fredonoccitanie.com\/surveillance\/wp-json\/wp\/v2\/users\/1"}],"replies":[{"embeddable":true,"href":"https:\/\/www.fredonoccitanie.com\/surveillance\/wp-json\/wp\/v2\/comments?post=5293"}],"version-history":[{"count":1,"href":"https:\/\/www.fredonoccitanie.com\/surveillance\/wp-json\/wp\/v2\/posts\/5293\/revisions"}],"predecessor-version":[{"id":9825,"href":"https:\/\/www.fredonoccitanie.com\/surveillance\/wp-json\/wp\/v2\/posts\/5293\/revisions\/9825"}],"wp:attachment":[{"href":"https:\/\/www.fredonoccitanie.com\/surveillance\/wp-json\/wp\/v2\/media?parent=5293"}],"wp:term":[{"taxonomy":"category","embeddable":true,"href":"https:\/\/www.fredonoccitanie.com\/surveillance\/wp-json\/wp\/v2\/categories?post=5293"},{"taxonomy":"post_tag","embeddable":true,"href":"https:\/\/www.fredonoccitanie.com\/surveillance\/wp-json\/wp\/v2\/tags?post=5293"}],"curies":[{"name":"wp","href":"https:\/\/api.w.org\/{rel}","templated":true}]}}