{"id":4960,"date":"2017-07-27T15:03:09","date_gmt":"2017-07-27T13:03:09","guid":{"rendered":"https:\/\/www.fredonoccitanie.com\/surveillance\/?p=4960"},"modified":"2021-12-03T08:53:46","modified_gmt":"2021-12-03T07:53:46","slug":"debut-de-campagne-feu-bacterien-2017","status":"publish","type":"post","link":"https:\/\/www.fredonoccitanie.com\/surveillance\/2017\/07\/27\/debut-de-campagne-feu-bacterien-2017\/","title":{"rendered":"D\u00e9but de la campagne feu bact\u00e9rien 2017"},"content":{"rendered":"<p style=\"text-align: left\">La campagne 2017 pour la d\u00e9tection du <strong>feu bact\u00e9rien<\/strong> \u00e0 d\u00e9but\u00e9.<\/p>\n<p><img decoding=\"async\" class=\"mfp-img aligncenter\" src=\"https:\/\/www.fredonoccitanie.com\/surveillance\/wp-content\/uploads\/sites\/9\/2016\/11\/feu_bacterien.jpg\" \/><\/p>\n<p>Pour rappel, cette maladie caus\u00e9e par la bact\u00e9rie <em><strong>Erwinia amylovora<\/strong><\/em> est tr\u00e8s virulente et peut rapidement causer le d\u00e9p\u00e9rissement et la mort des arbres au verger. Sa capacit\u00e9 de propagation \u00e9lev\u00e9e (outils de taille, eau, vent..) en fait un agent pathog\u00e8ne particuli\u00e8rement nuisible au verger. Nous sollicitons vivement votre vigilance vis-\u00e0-vis de l\u2019observation de sympt\u00f4mes sur les plantes h\u00f4tes (pommier, cognassier&#8230;).<\/p>\n<p>Pour plus de renseignements, consultez notre <a href=\"https:\/\/www.fredonoccitanie.com\/surveillance\/le-feu_bacterien\/\">page d&rsquo;informations consacr\u00e9e au feu bact\u00e9rien<\/a> ainsi que la<a href=\"https:\/\/www.fredonoccitanie.com\/surveillance\/wp-content\/uploads\/sites\/9\/2016\/11\/FEU-Bact%C3%A9rien.pdf\"> fiche technique<\/a> \u00e9dit\u00e9e par la FREDON-LR. N&rsquo;h\u00e9sitez pas \u00e0 contacter nos r\u00e9f\u00e9rents en cas d&rsquo;observation de sympt\u00f4mes douteux.<\/p>\n<p><a href=\"https:\/\/www.fredonoccitanie.com\/lequipe\/\">Contacts : Nicolas ANDRE, St\u00e9phane MALLIE<\/a><\/p>\n","protected":false},"excerpt":{"rendered":"<p>La campagne 2017 pour la d\u00e9tection du feu bact\u00e9rien \u00e0 d\u00e9but\u00e9. Pour rappel, cette maladie caus\u00e9e par la bact\u00e9rie Erwinia amylovora est tr\u00e8s virulente et peut rapidement causer le d\u00e9p\u00e9rissement et la mort des arbres au verger. Sa capacit\u00e9 de propagation \u00e9lev\u00e9e (outils de taille, eau, vent..) en fait un agent pathog\u00e8ne particuli\u00e8rement nuisible au [&hellip;]<\/p>\n","protected":false},"author":1,"featured_media":3387,"comment_status":"closed","ping_status":"open","sticky":false,"template":"","format":"standard","meta":{"footnotes":""},"categories":[7],"tags":[9],"class_list":["post-4960","post","type-post","status-publish","format-standard","has-post-thumbnail","hentry","category-actualites-surveillance","tag-actualites-surveillance"],"_links":{"self":[{"href":"https:\/\/www.fredonoccitanie.com\/surveillance\/wp-json\/wp\/v2\/posts\/4960","targetHints":{"allow":["GET"]}}],"collection":[{"href":"https:\/\/www.fredonoccitanie.com\/surveillance\/wp-json\/wp\/v2\/posts"}],"about":[{"href":"https:\/\/www.fredonoccitanie.com\/surveillance\/wp-json\/wp\/v2\/types\/post"}],"author":[{"embeddable":true,"href":"https:\/\/www.fredonoccitanie.com\/surveillance\/wp-json\/wp\/v2\/users\/1"}],"replies":[{"embeddable":true,"href":"https:\/\/www.fredonoccitanie.com\/surveillance\/wp-json\/wp\/v2\/comments?post=4960"}],"version-history":[{"count":1,"href":"https:\/\/www.fredonoccitanie.com\/surveillance\/wp-json\/wp\/v2\/posts\/4960\/revisions"}],"predecessor-version":[{"id":9833,"href":"https:\/\/www.fredonoccitanie.com\/surveillance\/wp-json\/wp\/v2\/posts\/4960\/revisions\/9833"}],"wp:featuredmedia":[{"embeddable":true,"href":"https:\/\/www.fredonoccitanie.com\/surveillance\/wp-json\/wp\/v2\/media\/3387"}],"wp:attachment":[{"href":"https:\/\/www.fredonoccitanie.com\/surveillance\/wp-json\/wp\/v2\/media?parent=4960"}],"wp:term":[{"taxonomy":"category","embeddable":true,"href":"https:\/\/www.fredonoccitanie.com\/surveillance\/wp-json\/wp\/v2\/categories?post=4960"},{"taxonomy":"post_tag","embeddable":true,"href":"https:\/\/www.fredonoccitanie.com\/surveillance\/wp-json\/wp\/v2\/tags?post=4960"}],"curies":[{"name":"wp","href":"https:\/\/api.w.org\/{rel}","templated":true}]}}