{"id":4954,"date":"2017-07-27T15:16:18","date_gmt":"2017-07-27T13:16:18","guid":{"rendered":"https:\/\/www.fredonoccitanie.com\/surveillance\/?p=4954"},"modified":"2021-12-03T08:53:46","modified_gmt":"2021-12-03T07:53:46","slug":"bacterie-xylella-fastidiosa-detectee-espagne","status":"publish","type":"post","link":"https:\/\/www.fredonoccitanie.com\/surveillance\/2017\/07\/27\/bacterie-xylella-fastidiosa-detectee-espagne\/","title":{"rendered":"La bact\u00e9rie Xylella fastidiosa d\u00e9tect\u00e9e en Espagne"},"content":{"rendered":"<p style=\"text-align: justify\">La bact\u00e9rie <em><strong>Xylella fastidiosa<\/strong><\/em> \u00e0 \u00e9t\u00e9 d\u00e9tect\u00e9e en Juin 2017 sur l&rsquo;<strong>\u00eele espagnole de Majorque<\/strong> sur un plant de <strong>vigne<\/strong>. Apr\u00e8s identification, il s&rsquo;agit de la sous-esp\u00e8ce <strong>fastidiosa<\/strong>, connue comme l&rsquo;agent responsable de la maladie de Pierce aux \u00c9tats-Unis. Pour en savoir plus, consultez le communiqu\u00e9 de la <a href=\"http:\/\/draaf.paca.agriculture.gouv.fr\/Xylella-Fastidiosa-en-Espagne\">DRAAF-PACA<\/a> ainsi que le <a href=\"http:\/\/agriculture.gouv.fr\/xylella-liens-utiles-et-documentation\">site du minist\u00e8re de l&rsquo;agriculture<\/a>.<\/p>\n<p style=\"text-align: justify\">Pour rappel, cette maladie est pr\u00e9sente en France depuis 2015. <strong>En mai 2017, 360 foyers ont \u00e9t\u00e9 identifi\u00e9s dont 340 en Corse et 20 en PACA <\/strong>(voir aussi : <a href=\"http:\/\/agriculture.gouv.fr\/la-situation-de-xylella-en-france-et-en-europe\">la situation de <em>Xylella<\/em> en France et en Europe<\/a>)<\/p>\n<p style=\"text-align: justify\">Pour plus d&rsquo;informations sur les impacts, la r\u00e9glementation et les m\u00e9thodes de lutte, n&rsquo;h\u00e9sitez pas \u00e0 consulter notre <a href=\"https:\/\/www.fredonoccitanie.com\/surveillance\/xylella-fastidiosa\/\">page d&rsquo;informations consacr\u00e9e \u00e0 cette bact\u00e9rie<\/a>.<\/p>\n<p style=\"text-align: justify\"><img loading=\"lazy\" decoding=\"async\" class=\"alignnone size-medium wp-image-4988\" src=\"https:\/\/www.fredonoccitanie.com\/surveillance\/wp-content\/uploads\/sites\/9\/2017\/07\/IMG_20170629_105846-300x199.jpg\" alt=\"\" width=\"300\" height=\"199\" srcset=\"https:\/\/www.fredonoccitanie.com\/surveillance\/wp-content\/uploads\/sites\/4\/2017\/07\/IMG_20170629_105846-300x199.jpg 300w, https:\/\/www.fredonoccitanie.com\/surveillance\/wp-content\/uploads\/sites\/4\/2017\/07\/IMG_20170629_105846-1030x682.jpg 1030w, https:\/\/www.fredonoccitanie.com\/surveillance\/wp-content\/uploads\/sites\/4\/2017\/07\/IMG_20170629_105846-768x509.jpg 768w, https:\/\/www.fredonoccitanie.com\/surveillance\/wp-content\/uploads\/sites\/4\/2017\/07\/IMG_20170629_105846-1536x1017.jpg 1536w, https:\/\/www.fredonoccitanie.com\/surveillance\/wp-content\/uploads\/sites\/4\/2017\/07\/IMG_20170629_105846-1500x993.jpg 1500w, https:\/\/www.fredonoccitanie.com\/surveillance\/wp-content\/uploads\/sites\/4\/2017\/07\/IMG_20170629_105846-705x467.jpg 705w, https:\/\/www.fredonoccitanie.com\/surveillance\/wp-content\/uploads\/sites\/4\/2017\/07\/IMG_20170629_105846.jpg 1575w\" sizes=\"auto, (max-width: 300px) 100vw, 300px\" \/><\/p>\n","protected":false},"excerpt":{"rendered":"<p>La bact\u00e9rie Xylella fastidiosa \u00e0 \u00e9t\u00e9 d\u00e9tect\u00e9e en Juin 2017 sur l&rsquo;\u00eele espagnole de Majorque sur un plant de vigne. Apr\u00e8s identification, il s&rsquo;agit de la sous-esp\u00e8ce fastidiosa, connue comme l&rsquo;agent responsable de la maladie de Pierce aux \u00c9tats-Unis. Pour en savoir plus, consultez le communiqu\u00e9 de la DRAAF-PACA ainsi que le site du minist\u00e8re [&hellip;]<\/p>\n","protected":false},"author":1,"featured_media":4988,"comment_status":"closed","ping_status":"open","sticky":false,"template":"","format":"standard","meta":{"footnotes":""},"categories":[7],"tags":[9],"class_list":["post-4954","post","type-post","status-publish","format-standard","has-post-thumbnail","hentry","category-actualites-surveillance","tag-actualites-surveillance"],"_links":{"self":[{"href":"https:\/\/www.fredonoccitanie.com\/surveillance\/wp-json\/wp\/v2\/posts\/4954","targetHints":{"allow":["GET"]}}],"collection":[{"href":"https:\/\/www.fredonoccitanie.com\/surveillance\/wp-json\/wp\/v2\/posts"}],"about":[{"href":"https:\/\/www.fredonoccitanie.com\/surveillance\/wp-json\/wp\/v2\/types\/post"}],"author":[{"embeddable":true,"href":"https:\/\/www.fredonoccitanie.com\/surveillance\/wp-json\/wp\/v2\/users\/1"}],"replies":[{"embeddable":true,"href":"https:\/\/www.fredonoccitanie.com\/surveillance\/wp-json\/wp\/v2\/comments?post=4954"}],"version-history":[{"count":1,"href":"https:\/\/www.fredonoccitanie.com\/surveillance\/wp-json\/wp\/v2\/posts\/4954\/revisions"}],"predecessor-version":[{"id":9832,"href":"https:\/\/www.fredonoccitanie.com\/surveillance\/wp-json\/wp\/v2\/posts\/4954\/revisions\/9832"}],"wp:featuredmedia":[{"embeddable":true,"href":"https:\/\/www.fredonoccitanie.com\/surveillance\/wp-json\/wp\/v2\/media\/4988"}],"wp:attachment":[{"href":"https:\/\/www.fredonoccitanie.com\/surveillance\/wp-json\/wp\/v2\/media?parent=4954"}],"wp:term":[{"taxonomy":"category","embeddable":true,"href":"https:\/\/www.fredonoccitanie.com\/surveillance\/wp-json\/wp\/v2\/categories?post=4954"},{"taxonomy":"post_tag","embeddable":true,"href":"https:\/\/www.fredonoccitanie.com\/surveillance\/wp-json\/wp\/v2\/tags?post=4954"}],"curies":[{"name":"wp","href":"https:\/\/api.w.org\/{rel}","templated":true}]}}