{"id":4871,"date":"2017-06-22T11:28:55","date_gmt":"2017-06-22T09:28:55","guid":{"rendered":"https:\/\/www.fredonoccitanie.com\/surveillance\/?p=4871"},"modified":"2021-12-03T08:53:46","modified_gmt":"2021-12-03T07:53:46","slug":"semaine-internationale-de-lambroisie-vendredi-30-juin","status":"publish","type":"post","link":"https:\/\/www.fredonoccitanie.com\/surveillance\/2017\/06\/22\/semaine-internationale-de-lambroisie-vendredi-30-juin\/","title":{"rendered":"Semaine internationale de l&rsquo;ambroisie, Vendredi 30 Juin"},"content":{"rendered":"<p>A l&rsquo;occasion de la semaine internationale de l&rsquo;ambroisie, l&rsquo;ARS Occitanie, la FREDON-LR, et l&rsquo;URCPIE Occitanie organisent une journ\u00e9e de formation-test de <em>r\u00e9f\u00e9rents ambroisie<\/em>, le <strong>vendredi 30 juin 2017, de 9h30 \u00e0 15h30 \u00e0 PERPIGNAN<\/strong>, au Conseil D\u00e9partemental des Pyr\u00e9n\u00e9es Orientales, route d\u2019Espagne, salle DAT, 2\u00e8me \u00e9tage.<\/p>\n<p>Nous pr\u00e9senterons\u00a0:<\/p>\n<ul>\n<li>les enjeux de sant\u00e9, la volont\u00e9 nationale de lutte et les actions mises en place\u00a0;<\/li>\n<li>la reconnaissance et la biologie de la plante\u00a0;<\/li>\n<li>le mode de fonctionnement des signalements et mise en place d\u2019un r\u00e9seau de r\u00e9f\u00e9rents territoriaux et de relais d\u00e9partementaux<\/li>\n<\/ul>\n<p>Une sortie terrain l\u2019apr\u00e8s-midi, \u00e0 la rencontre de plantes exotiques envahissantes ou proches de l\u2019ambroisie cl\u00f4turera la journ\u00e9e.<\/p>\n<p>Contact pour renseignements\/inscription : Anne-Marie DUCASSE-COURNAC &#8211; Animatrice Ambroisie t\u00e9l\u00a0: 06.52.93.76.46. m\u00e9l\u00a0: ducasse.fredonlr@orange.fr<\/p>\n<p>&nbsp;<\/p>\n","protected":false},"excerpt":{"rendered":"<p>A l&rsquo;occasion de la semaine internationale de l&rsquo;ambroisie, l&rsquo;ARS Occitanie, la FREDON-LR, et l&rsquo;URCPIE Occitanie organisent une journ\u00e9e de formation-test de r\u00e9f\u00e9rents ambroisie, le vendredi 30 juin 2017, de 9h30 \u00e0 15h30 \u00e0 PERPIGNAN, au Conseil D\u00e9partemental des Pyr\u00e9n\u00e9es Orientales, route d\u2019Espagne, salle DAT, 2\u00e8me \u00e9tage. Nous pr\u00e9senterons\u00a0: les enjeux de sant\u00e9, la volont\u00e9 nationale [&hellip;]<\/p>\n","protected":false},"author":1,"featured_media":4872,"comment_status":"closed","ping_status":"open","sticky":false,"template":"","format":"standard","meta":{"footnotes":""},"categories":[7],"tags":[10,8],"class_list":["post-4871","post","type-post","status-publish","format-standard","has-post-thumbnail","hentry","category-actualites-surveillance","tag-agenda-ambroisie","tag-agenda-surveillance"],"_links":{"self":[{"href":"https:\/\/www.fredonoccitanie.com\/surveillance\/wp-json\/wp\/v2\/posts\/4871","targetHints":{"allow":["GET"]}}],"collection":[{"href":"https:\/\/www.fredonoccitanie.com\/surveillance\/wp-json\/wp\/v2\/posts"}],"about":[{"href":"https:\/\/www.fredonoccitanie.com\/surveillance\/wp-json\/wp\/v2\/types\/post"}],"author":[{"embeddable":true,"href":"https:\/\/www.fredonoccitanie.com\/surveillance\/wp-json\/wp\/v2\/users\/1"}],"replies":[{"embeddable":true,"href":"https:\/\/www.fredonoccitanie.com\/surveillance\/wp-json\/wp\/v2\/comments?post=4871"}],"version-history":[{"count":2,"href":"https:\/\/www.fredonoccitanie.com\/surveillance\/wp-json\/wp\/v2\/posts\/4871\/revisions"}],"predecessor-version":[{"id":9835,"href":"https:\/\/www.fredonoccitanie.com\/surveillance\/wp-json\/wp\/v2\/posts\/4871\/revisions\/9835"}],"wp:featuredmedia":[{"embeddable":true,"href":"https:\/\/www.fredonoccitanie.com\/surveillance\/wp-json\/wp\/v2\/media\/4872"}],"wp:attachment":[{"href":"https:\/\/www.fredonoccitanie.com\/surveillance\/wp-json\/wp\/v2\/media?parent=4871"}],"wp:term":[{"taxonomy":"category","embeddable":true,"href":"https:\/\/www.fredonoccitanie.com\/surveillance\/wp-json\/wp\/v2\/categories?post=4871"},{"taxonomy":"post_tag","embeddable":true,"href":"https:\/\/www.fredonoccitanie.com\/surveillance\/wp-json\/wp\/v2\/tags?post=4871"}],"curies":[{"name":"wp","href":"https:\/\/api.w.org\/{rel}","templated":true}]}}