{"id":4547,"date":"2016-09-30T12:58:18","date_gmt":"2016-09-30T10:58:18","guid":{"rendered":"https:\/\/www.fredonoccitanie.com\/surveillance\/?p=4547"},"modified":"2021-12-03T08:53:47","modified_gmt":"2021-12-03T07:53:47","slug":"nos-palmiers-danger","status":"publish","type":"post","link":"https:\/\/www.fredonoccitanie.com\/surveillance\/2016\/09\/30\/nos-palmiers-danger\/","title":{"rendered":"Nos palmiers en danger"},"content":{"rendered":"<h3>L&rsquo;ind\u00e9pendant<\/h3>\n<ul>\n<ul>\n<li>R\u00e9union publique \u00e0 Saint Cyprien: nos palmiers en danger <a href=\"http:\/\/saintcyprien.blogs.lindependant.com\/archive\/2012\/11\/27\/reunion-publique-nos-palmiers-en-danger.html\" target=\"_blank\" rel=\"noopener\">, 27 Novembre 2012<\/a><\/li>\n<\/ul>\n<\/ul>\n<p><img loading=\"lazy\" decoding=\"async\" class=\"alignleft border\" src=\"https:\/\/www.fredonoccitanie.com\/images\/crp3.jpg\" alt=\"\" width=\"186\" height=\"186\" \/> <i>\u00ab\u00a0Le papillon du palmier, le charan\u00e7on rouge et la fusariose\u2026. Notre commune vient d\u2019\u00eatre proclam\u00e9e commune sinistr\u00e9e par les services de l\u2019Etat. Face \u00e0 ces trois maladies qui attaquent nos palmiers en ce moment, la municipalit\u00e9 a d\u00e9cid\u00e9 de prendre les devants et passe actuellement un march\u00e9 pour traiter l\u2019ensemble des palmiers soit environ 4 000 palmiers : \u00ab Ce sera une lutte biologique avec des organismes vivants : des \u2018n\u00e9matodes\u2019 (micro vers) donc sans risques pour la population et l\u2019environnement. Elle est efficace sur le CRP et <a href=\"http:\/\/saintcyprien.blogs.lindependant.com\/archive\/2012\/11\/27\/reunion-publique-nos-palmiers-en-danger.html\" target=\"_blank\" rel=\"noopener\">, suite&#8230;<\/a>\u00ab\u00a0<\/i><\/p>\n","protected":false},"excerpt":{"rendered":"<p>L&rsquo;ind\u00e9pendant R\u00e9union publique \u00e0 Saint Cyprien: nos palmiers en danger , 27 Novembre 2012 \u00ab\u00a0Le papillon du palmier, le charan\u00e7on rouge et la fusariose\u2026. Notre commune vient d\u2019\u00eatre proclam\u00e9e commune sinistr\u00e9e par les services de l\u2019Etat. Face \u00e0 ces trois maladies qui attaquent nos palmiers en ce moment, la municipalit\u00e9 a d\u00e9cid\u00e9 de prendre les [&hellip;]<\/p>\n","protected":false},"author":1,"featured_media":0,"comment_status":"closed","ping_status":"open","sticky":false,"template":"","format":"standard","meta":{"footnotes":""},"categories":[7],"tags":[8],"class_list":["post-4547","post","type-post","status-publish","format-standard","hentry","category-actualites-surveillance","tag-agenda-surveillance"],"_links":{"self":[{"href":"https:\/\/www.fredonoccitanie.com\/surveillance\/wp-json\/wp\/v2\/posts\/4547","targetHints":{"allow":["GET"]}}],"collection":[{"href":"https:\/\/www.fredonoccitanie.com\/surveillance\/wp-json\/wp\/v2\/posts"}],"about":[{"href":"https:\/\/www.fredonoccitanie.com\/surveillance\/wp-json\/wp\/v2\/types\/post"}],"author":[{"embeddable":true,"href":"https:\/\/www.fredonoccitanie.com\/surveillance\/wp-json\/wp\/v2\/users\/1"}],"replies":[{"embeddable":true,"href":"https:\/\/www.fredonoccitanie.com\/surveillance\/wp-json\/wp\/v2\/comments?post=4547"}],"version-history":[{"count":1,"href":"https:\/\/www.fredonoccitanie.com\/surveillance\/wp-json\/wp\/v2\/posts\/4547\/revisions"}],"predecessor-version":[{"id":9853,"href":"https:\/\/www.fredonoccitanie.com\/surveillance\/wp-json\/wp\/v2\/posts\/4547\/revisions\/9853"}],"wp:attachment":[{"href":"https:\/\/www.fredonoccitanie.com\/surveillance\/wp-json\/wp\/v2\/media?parent=4547"}],"wp:term":[{"taxonomy":"category","embeddable":true,"href":"https:\/\/www.fredonoccitanie.com\/surveillance\/wp-json\/wp\/v2\/categories?post=4547"},{"taxonomy":"post_tag","embeddable":true,"href":"https:\/\/www.fredonoccitanie.com\/surveillance\/wp-json\/wp\/v2\/tags?post=4547"}],"curies":[{"name":"wp","href":"https:\/\/api.w.org\/{rel}","templated":true}]}}