{"id":14935,"date":"2026-09-02T17:02:40","date_gmt":"2026-09-02T15:02:40","guid":{"rendered":"https:\/\/www.fredonoccitanie.com\/surveillance\/?p=14935"},"modified":"2026-09-02T17:22:44","modified_gmt":"2026-09-02T15:22:44","slug":"campagnol-les-eleveurs-sorganisent-a-therondels","status":"publish","type":"post","link":"https:\/\/www.fredonoccitanie.com\/surveillance\/2026\/09\/02\/campagnol-les-eleveurs-sorganisent-a-therondels\/","title":{"rendered":"[Campagnol] Les \u00e9leveurs s&rsquo;organisent \u00e0 Th\u00e9rondels"},"content":{"rendered":"<p>\u00c0 la demande du maire de Th\u00e9rondels, Jean-Michel GUIMONTHEIL, FREDON Occitanie a organis\u00e9 une <strong>r\u00e9union d&rsquo;\u00e9changes le 26 ao\u00fbt dernier, r\u00e9unissant \u00e9leveurs, partenaires et structures techniques afin d&rsquo;organiser la lutte.<\/strong><\/p>\n<p>En cet fin d&rsquo;\u00e9t\u00e9, le constat est <strong>pr\u00e9occupant<\/strong> sur Th\u00e9rondels : malgr\u00e9 la s\u00e9cheresse estivale, les campagnols restent tr\u00e8s actifs sur le Carladez et les secteurs voisins du Cantal. La surveillance du printemps annon\u00e7ait des populations en hausse sur Th\u00e9rondels :\u00a0\u00a0<a href=\"https:\/\/www.fredonoccitanie.com\/surveillance\/carte-evolution-campagnols\/\">voir la carte interactive.<\/a><\/p>\n<p>Cette rencontre a permis :<\/p>\n<ul>\n<li>Le partage d&rsquo;exp\u00e9rience d&rsquo;un collectif de pi\u00e9geage d\u00e9j\u00e0 actif sur l&rsquo;Aubrac, avec le t\u00e9moignage d&rsquo;Aur\u00e9lie RONDREUX, pi\u00e9geuse professionnelle salari\u00e9e de la CUMA d&rsquo;Alpuech &#8211; La Terrisse.<\/li>\n<li>La pr\u00e9sentation des dispositifs d&rsquo;accompagnement existants : contrat de lutte FREDON-FDGDON, m\u00e9canismes d&rsquo;indemnisation du FMSE, formations \u00e0 la <a href=\"https:\/\/fodsa-gds12.fr\/\">FODSA GDS12<\/a><\/li>\n<li>La pr\u00e9sentation des avanc\u00e9es de la recherche scientifique, par Pierre LESTRADE, <span data-olk-copy-source=\"MessageBody\">charg\u00e9 de mission\u00a0\u00a0<a href=\"https:\/\/www.sidam-massifcentral.fr\/developpement\/campagnols\/\">SIDAM <\/a>accompagn\u00e9 de Sol\u00e8ne RIGAL technicienne FDGDON 15<\/span><\/li>\n<li>Des \u00e9changes autour de la cr\u00e9ation d&rsquo;un collectif de pi\u00e9geage \u00e0 Th\u00e9rondels.<\/li>\n<\/ul>\n<p>\u00c0 l&rsquo;issue de la r\u00e9union, 11 agriculteurs ont manifest\u00e9 leur int\u00e9r\u00eat pour poursuivre la r\u00e9flexion. Celle-ci pourrait notamment s&rsquo;appuyer sur la CUMA de Th\u00e9rondels et la CUMA du Puy de Banes afin de salarier un pi\u00e9geur.<\/p>\n<p><strong>Une nouvelle rencontre sera organis\u00e9e prochainement pour associer l&rsquo;ensemble des agriculteurs int\u00e9ress\u00e9s et poursuivre les \u00e9changes sur la mise en place du service.<\/strong><\/p>\n<p>\u00c0 l&rsquo;approche de l&rsquo;automne, la vigilance reste essentielle et la lutte de mise pour limiter les d\u00e9g\u00e2ts sur les prairies.<\/p>\n<p><span data-olk-copy-source=\"MessageBody\">Johan BOUGES, pr\u00e9sident de la FDGDON Aveyron a remerci\u00e9 les participants pour la qualit\u00e9 des \u00e9changes et la mairie de Th\u00e9rondels pour cette belle initiative. <\/span><\/p>\n<p><img loading=\"lazy\" decoding=\"async\" class=\"wp-image-14936 aligncenter\" src=\"https:\/\/www.fredonoccitanie.com\/surveillance\/wp-content\/uploads\/sites\/4\/2026\/09\/20260827_144123-scaled.jpg\" alt=\"\" width=\"783\" height=\"429\" srcset=\"https:\/\/www.fredonoccitanie.com\/surveillance\/wp-content\/uploads\/sites\/4\/2026\/09\/20260827_144123-scaled.jpg 2560w, https:\/\/www.fredonoccitanie.com\/surveillance\/wp-content\/uploads\/sites\/4\/2026\/09\/20260827_144123-300x164.jpg 300w, https:\/\/www.fredonoccitanie.com\/surveillance\/wp-content\/uploads\/sites\/4\/2026\/09\/20260827_144123-1030x564.jpg 1030w, https:\/\/www.fredonoccitanie.com\/surveillance\/wp-content\/uploads\/sites\/4\/2026\/09\/20260827_144123-768x421.jpg 768w, https:\/\/www.fredonoccitanie.com\/surveillance\/wp-content\/uploads\/sites\/4\/2026\/09\/20260827_144123-1536x841.jpg 1536w, https:\/\/www.fredonoccitanie.com\/surveillance\/wp-content\/uploads\/sites\/4\/2026\/09\/20260827_144123-2048x1122.jpg 2048w, https:\/\/www.fredonoccitanie.com\/surveillance\/wp-content\/uploads\/sites\/4\/2026\/09\/20260827_144123-1500x822.jpg 1500w, https:\/\/www.fredonoccitanie.com\/surveillance\/wp-content\/uploads\/sites\/4\/2026\/09\/20260827_144123-705x386.jpg 705w\" sizes=\"auto, (max-width: 783px) 100vw, 783px\" \/><\/p>\n","protected":false},"excerpt":{"rendered":"<p>\u00c0 la demande du maire de Th\u00e9rondels, Jean-Michel GUIMONTHEIL, FREDON Occitanie a organis\u00e9 une r\u00e9union d&rsquo;\u00e9changes le 26 ao\u00fbt dernier, r\u00e9unissant \u00e9leveurs, partenaires et structures techniques afin d&rsquo;organiser la lutte. En cet fin d&rsquo;\u00e9t\u00e9, le constat est pr\u00e9occupant sur Th\u00e9rondels : malgr\u00e9 la s\u00e9cheresse estivale, les campagnols restent tr\u00e8s actifs sur le Carladez et les [&hellip;]<\/p>\n","protected":false},"author":15,"featured_media":14937,"comment_status":"closed","ping_status":"closed","sticky":false,"template":"","format":"standard","meta":{"footnotes":""},"categories":[15,7,16],"tags":[],"class_list":["post-14935","post","type-post","status-publish","format-standard","has-post-thumbnail","hentry","category-actualites-fredon","category-actualites-surveillance","category-campagnol"],"_links":{"self":[{"href":"https:\/\/www.fredonoccitanie.com\/surveillance\/wp-json\/wp\/v2\/posts\/14935","targetHints":{"allow":["GET"]}}],"collection":[{"href":"https:\/\/www.fredonoccitanie.com\/surveillance\/wp-json\/wp\/v2\/posts"}],"about":[{"href":"https:\/\/www.fredonoccitanie.com\/surveillance\/wp-json\/wp\/v2\/types\/post"}],"author":[{"embeddable":true,"href":"https:\/\/www.fredonoccitanie.com\/surveillance\/wp-json\/wp\/v2\/users\/15"}],"replies":[{"embeddable":true,"href":"https:\/\/www.fredonoccitanie.com\/surveillance\/wp-json\/wp\/v2\/comments?post=14935"}],"version-history":[{"count":4,"href":"https:\/\/www.fredonoccitanie.com\/surveillance\/wp-json\/wp\/v2\/posts\/14935\/revisions"}],"predecessor-version":[{"id":14941,"href":"https:\/\/www.fredonoccitanie.com\/surveillance\/wp-json\/wp\/v2\/posts\/14935\/revisions\/14941"}],"wp:featuredmedia":[{"embeddable":true,"href":"https:\/\/www.fredonoccitanie.com\/surveillance\/wp-json\/wp\/v2\/media\/14937"}],"wp:attachment":[{"href":"https:\/\/www.fredonoccitanie.com\/surveillance\/wp-json\/wp\/v2\/media?parent=14935"}],"wp:term":[{"taxonomy":"category","embeddable":true,"href":"https:\/\/www.fredonoccitanie.com\/surveillance\/wp-json\/wp\/v2\/categories?post=14935"},{"taxonomy":"post_tag","embeddable":true,"href":"https:\/\/www.fredonoccitanie.com\/surveillance\/wp-json\/wp\/v2\/tags?post=14935"}],"curies":[{"name":"wp","href":"https:\/\/api.w.org\/{rel}","templated":true}]}}