{"id":14265,"date":"2025-09-08T11:39:15","date_gmt":"2025-09-08T09:39:15","guid":{"rendered":"https:\/\/www.fredonoccitanie.com\/surveillance\/?p=14265"},"modified":"2025-09-08T11:53:26","modified_gmt":"2025-09-08T09:53:26","slug":"webinaire-mardi-14-octobre-communaute-regionale-des-friches-agricoles-doccitanie-crefao","status":"publish","type":"post","link":"https:\/\/www.fredonoccitanie.com\/surveillance\/2025\/09\/08\/webinaire-mardi-14-octobre-communaute-regionale-des-friches-agricoles-doccitanie-crefao\/","title":{"rendered":"[WEBINAIRE] Mardi 14 octobre, Communaut\u00e9 R\u00e9gionale des Friches Agricoles d\u2019Occitanie ( CR\u00e9FAO)"},"content":{"rendered":"<div class=\"-lF-32\">\n<div class=\"-oZ-31\">\n<div id=\"FormTitleId_titleAriaId\" class=\"-eA-33\">\n<div class=\"-o-35\" role=\"heading\" aria-level=\"1\" data-automation-id=\"formTitle\">\n<p><span class=\"text-format-content \">Lysiane GRIVEL (Charg\u00e9e de mission Vigne, FREDON Occitanie)\u00a0 participera en tant qu&rsquo;intervenante au Webinaire de la <a href=\"https:\/\/www.safer-occitanie.com\/fr\/page\/reconquerir.php\">CR\u00e9FAO<\/a> le Mardi 14 octobre 2025 \u00e0 14h sur la th\u00e9matique des Friches Agricoles<\/span><\/p>\n<p><b>Au programme\u00a0<\/b>:<\/p>\n<ul>\n<li>Pr\u00e9sentation du deuxi\u00e8me mill\u00e9sime de l\u2019inventaire des friches agricoles d\u2019Occitanie<\/li>\n<li>Synth\u00e8se des productions des groupes de travail de la CR\u00e9FAO<\/li>\n<li>Les risques sanitaires li\u00e9s \u00e0 l\u2019enfrichement des terres<\/li>\n<li>La proc\u00e9dure terres incultes\u00a0: principes et exemple de mise en \u0153uvre<\/li>\n<li>Quelles pistes d\u2019adaptation au changement climatique pour les exploitations et les fili\u00e8res agricoles \u00e0 horizon 2050\u00a0?<\/li>\n<\/ul>\n<p><a href=\"https:\/\/forms.office.com\/Pages\/ResponsePage.aspx?id=V9GfapBzekOoFhdPO5N0V00R4JMtSvNIg53eP6HUoFlUQ0gxMFVNSTJWMlU0MzVKQ1ZJUEFRNDBWRS4u\">Pour vous inscrire c&rsquo;est ici<\/a><\/p>\n<\/div>\n<\/div>\n<\/div>\n<\/div>\n<p>&nbsp;<\/p>\n<p>Source : <a href=\"https:\/\/www.safer-occitanie.com\/fr\/page\/reconquerir.php\">Safer Occitanie<\/a><\/p>\n","protected":false},"excerpt":{"rendered":"<p>Lysiane GRIVEL (Charg\u00e9e de mission Vigne, FREDON Occitanie)\u00a0 participera en tant qu&rsquo;intervenante au Webinaire de la CR\u00e9FAO le Mardi 14 octobre 2025 \u00e0 14h sur la th\u00e9matique des Friches Agricoles Au programme\u00a0: Pr\u00e9sentation du deuxi\u00e8me mill\u00e9sime de l\u2019inventaire des friches agricoles d\u2019Occitanie Synth\u00e8se des productions des groupes de travail de la CR\u00e9FAO Les risques sanitaires [&hellip;]<\/p>\n","protected":false},"author":5,"featured_media":14266,"comment_status":"closed","ping_status":"closed","sticky":false,"template":"","format":"standard","meta":{"footnotes":""},"categories":[14,3],"tags":[],"class_list":["post-14265","post","type-post","status-publish","format-standard","has-post-thumbnail","hentry","category-agenda-fredon","category-agenda-surveillance"],"_links":{"self":[{"href":"https:\/\/www.fredonoccitanie.com\/surveillance\/wp-json\/wp\/v2\/posts\/14265","targetHints":{"allow":["GET"]}}],"collection":[{"href":"https:\/\/www.fredonoccitanie.com\/surveillance\/wp-json\/wp\/v2\/posts"}],"about":[{"href":"https:\/\/www.fredonoccitanie.com\/surveillance\/wp-json\/wp\/v2\/types\/post"}],"author":[{"embeddable":true,"href":"https:\/\/www.fredonoccitanie.com\/surveillance\/wp-json\/wp\/v2\/users\/5"}],"replies":[{"embeddable":true,"href":"https:\/\/www.fredonoccitanie.com\/surveillance\/wp-json\/wp\/v2\/comments?post=14265"}],"version-history":[{"count":3,"href":"https:\/\/www.fredonoccitanie.com\/surveillance\/wp-json\/wp\/v2\/posts\/14265\/revisions"}],"predecessor-version":[{"id":14268,"href":"https:\/\/www.fredonoccitanie.com\/surveillance\/wp-json\/wp\/v2\/posts\/14265\/revisions\/14268"}],"wp:featuredmedia":[{"embeddable":true,"href":"https:\/\/www.fredonoccitanie.com\/surveillance\/wp-json\/wp\/v2\/media\/14266"}],"wp:attachment":[{"href":"https:\/\/www.fredonoccitanie.com\/surveillance\/wp-json\/wp\/v2\/media?parent=14265"}],"wp:term":[{"taxonomy":"category","embeddable":true,"href":"https:\/\/www.fredonoccitanie.com\/surveillance\/wp-json\/wp\/v2\/categories?post=14265"},{"taxonomy":"post_tag","embeddable":true,"href":"https:\/\/www.fredonoccitanie.com\/surveillance\/wp-json\/wp\/v2\/tags?post=14265"}],"curies":[{"name":"wp","href":"https:\/\/api.w.org\/{rel}","templated":true}]}}