{"id":9886,"date":"2022-08-16T18:32:26","date_gmt":"2022-08-16T16:32:26","guid":{"rendered":"https:\/\/www.fredonoccitanie.com\/jevi\/?p=9886"},"modified":"2022-09-09T16:51:24","modified_gmt":"2022-09-09T14:51:24","slug":"besoin-dastuces-et-de-conseils-revisionnez-les-webinaires-du-reseau-jevi","status":"publish","type":"post","link":"https:\/\/www.fredonoccitanie.com\/jevi\/2022\/08\/16\/besoin-dastuces-et-de-conseils-revisionnez-les-webinaires-du-reseau-jevi\/","title":{"rendered":"Besoin d&rsquo;astuces et de conseils ? (Re)visionnez les webinaires du r\u00e9seau JEVI !"},"content":{"rendered":"<h2 class=\"post-title entry-title \" style=\"text-align: center\">Cycle de webinaires \u00ab Autour du Z\u00e9ro Phyto \u00bb 2022<\/h2>\r\n<p><img loading=\"lazy\" decoding=\"async\" class=\"size-medium wp-image-9122 aligncenter\" src=\"https:\/\/www.fredonoccitanie.com\/jevi\/wp-content\/uploads\/sites\/2\/2022\/02\/webinaire-300x274.png\" alt=\"\" width=\"300\" height=\"274\" \/><\/p>\r\n<p>&nbsp;<\/p>\r\n<h2 style=\"text-align: center\">Vos webinaires (ou conf\u00e9rences en ligne) sont d\u00e9sormais consultables sur la cha\u00eene youtube du r\u00e9seau JEVI !<\/h2>\r\n<p>&nbsp;<\/p>\r\n<p><strong>Depuis le d\u00e9but de l&rsquo;ann\u00e9e 2022, trois temps d&rsquo;\u00e9changes, avec l&rsquo;appui de nos partenaires, ont permis \u00e0 de nombreux participants d&rsquo;am\u00e9liorer leurs connaissances sur de nombreux sujets autour d&rsquo;une gestion \u00ab\u00a0Z\u00e9ro Phyto\u00a0\u00bb de l&rsquo;espace public.<\/strong><\/p>\r\n<p>Vous avez manqu\u00e9 un webinaire et souhaitez le voir ? C&rsquo;est d\u00e9sormais possible !\u00a0<\/p>\r\n<p>&nbsp;<\/p>\r\n<h3>Retrouvez ces webinaires sur la cha\u00eene Youtube du r\u00e9seau JEVI :<\/h3>\r\n<p>&nbsp;<\/p>\r\n<ul>\r\n<li style=\"list-style-type: none\">\r\n<ul>\r\n<li><strong>Webinaire JEVI 2022 #4 &#8211; \u00ab\u00a0Z\u00e9ro Phyto dans les cimeti\u00e8res c&rsquo;est possible\u00a0\u00bb<\/strong><\/li>\r\n<\/ul>\r\n<\/li>\r\n<\/ul>\r\n<p style=\"padding-left: 160px\">Intervenants : <em>FREDON Occitanie \/\/ Florie Richard, animatrice mission JEVI ; Florian Martel, animateur mission JEVI ; CAUE 32 \/\/ Laetita Laffite, paysagiste, animatrice label Villes et villages fleuris 32 ; CAUE 48 \/\/ Caroline Entraygues, architecte conseil<\/em><\/p>\r\n<ul>\r\n<li style=\"list-style-type: none\">\r\n<ul>\r\n<li class=\"title style-scope ytd-video-primary-info-renderer\">\r\n<p><strong>Webinaire JEVI 2022 #3 &#8211; \u00ab\u00a0<\/strong><strong>Limiter les intrants&#8230; le v\u00e9g\u00e9tal comme alternative ? : les bons r\u00e9flexes pour les gestionnaires JEVI\u00a0\u00bb<\/strong><\/p>\r\n<\/li>\r\n<\/ul>\r\n<\/li>\r\n<\/ul>\r\n<p style=\"padding-left: 160px;text-align: left\">Intervenants : <em>FREDON Occitanie \/\/ Philippe Tixier-Malicorne, directeur et Florie Richard, animatrice mission Ecophyto JEVI<\/em><\/p>\r\n<ul>\r\n<li style=\"list-style-type: none\">\r\n<ul>\r\n<li>\r\n<p><strong>Webinaire JEVI 2022 #2 &#8211; \u00ab\u00a0Ne campez pas sur vos modes de gestion, passez au Z\u00e9ro Phyto : des pistes pour les gestionnaires de campings pour anticiper l&rsquo;\u00e9ch\u00e9ance du 1er juillet\u00a0\u00bb<\/strong><\/p>\r\n<\/li>\r\n<\/ul>\r\n<\/li>\r\n<\/ul>\r\n<p style=\"padding-left: 160px\">Intervenants : CO-HPA \/\/ <em>Philippe Robert, pr\u00e9sident de la CO-PHA ; <\/em><em>FREDON Occitanie \/\/ Cl\u00e9ment Baudot et Florie Richard &#8211; animateurs mission Ecophyto JEVI ; T\u00e9moignages de Gilles Lani\u00e8ce<b>, <\/b>Gestionnaire du camping La Roucateille, adh\u00e9rent CO-HPA et de Mathieu Maurel, Gestionnaire du camping Beauregard Plage, adh\u00e9rent CO-HPA et Engag\u00e9 Z\u00e9ro Phyto<\/em><\/p>\r\n<p style=\"padding-left: 120px\"><!-- \/wp:post-content -->\r\n\r\n<!-- wp:paragraph \/-->\r\n\r\n<!-- wp:paragraph --><\/p>\r\n<p style=\"padding-left: 160px\">Ce webinaire a \u00e9t\u00e9 propos\u00e9 en partenariat avec la Conf\u00e9d\u00e9ration Occitanie de l\u2019H\u00f4tellerie de Plein Air (CO-HPA).<\/p>\r\n<ul>\r\n<li style=\"list-style-type: none\">\r\n<ul>\r\n<li>\r\n<p><strong>Webinaire JEVI 2022 #1\u00a0 &#8211; \u00ab\u00a0De l&rsquo;aide pour trouver des aides : Pr\u00e9sentation des outils Aides-territoires et Volontariat territorial en administration (VTA)\u00a0\u00bb<\/strong><\/p>\r\n<\/li>\r\n<\/ul>\r\n<\/li>\r\n<\/ul>\r\n<p><!-- \/wp:paragraph -->\r\n\r\n<!-- wp:paragraph --><\/p>\r\n<p style=\"padding-left: 160px\">Intervenants :\u00a0<em>Aides-territoires \/\/ Am\u00e9lie Quillet, Charg\u00e9e de d\u00e9ploiement ; <\/em><em>ANCT \/\/ Patricia Andriot, Cheffe de projet ruralit\u00e9s &amp; Marina Maures, Charg\u00e9e de mission Programme Ruralit\u00e9 Montagne<\/em><\/p>\r\n<p style=\"padding-left: 160px\">Ce webinaire a \u00e9t\u00e9 propos\u00e9 par FREDON Occitanie \/ par les 3 missions de son P\u00f4le environnement \u00e0 l\u2019attention de leurs r\u00e9seaux professionnels respectifs, en partenariat avec l&rsquo;ANCT et Aides-territoires.<\/p>\r\n<p>&nbsp;<\/p>\r\n<p style=\"text-align: center\"><strong>Pour les visionner, c&rsquo;est par <\/strong><a href=\"https:\/\/www.youtube.com\/channel\/UChYcxtGTw5i04GK2ViTSiWA\"><strong>ici !<\/strong><\/a><\/p>\r\n<p style=\"text-align: center\">Retrouvez \u00e9galement les pr\u00e9sentations diffus\u00e9es lors de ces webinaires sur l&rsquo;<a href=\"https:\/\/cloud.ressources-fredonoccitanie.com\/index.php\/s\/658ceydQGXrTTb2?path=%2FRencontres%26Webinaires\">espace ressources en ligne.<\/a><\/p>\r\n<p>&nbsp;<\/p>\r\n<p>&nbsp;<\/p>\r\n<p>&nbsp;<\/p>\r\n<h3>Et ne manquez pas les prochaines dates pr\u00e9vues d\u00e8s la rentr\u00e9e !\u00a0<\/h3>\r\n<p><a href=\"https:\/\/www.fredonoccitanie.com\/jevi\/2022\/02\/17\/jevi-cycle-de-webinaire-2022\/\"><img loading=\"lazy\" decoding=\"async\" class=\"size-medium wp-image-9159 aligncenter\" src=\"https:\/\/www.fredonoccitanie.com\/jevi\/wp-content\/uploads\/sites\/2\/2022\/02\/webinaires_jevi-300x267.png\" alt=\"\" width=\"300\" height=\"267\" \/><\/a><\/p>\r\n<p>&nbsp;<\/p>\r\n<p style=\"text-align: center\"><a href=\"https:\/\/www.fredonoccitanie.com\/jevi\/2022\/02\/17\/jevi-cycle-de-webinaire-2022\/\">Pour consulter le programme complet, c&rsquo;est ici<\/a><\/p>\r\n<p>\u00a0<img loading=\"lazy\" decoding=\"async\" class=\"size-full wp-image-32 aligncenter\" src=\"https:\/\/www.fredonoccitanie.com\/jevi\/wp-content\/uploads\/sites\/2\/2021\/06\/picto_jevi-e1643362552534.png\" alt=\"\" width=\"100\" height=\"100\" \/><\/p>\r\n<p>&nbsp;<\/p>\r\n<p>&nbsp;<\/p>\r\n<p>Cr\u00e9dit image : (c) FREDON Occitanie<\/p>\r\n<!-- wp:heading {\"textAlign\":\"center\"} \/-->","protected":false},"excerpt":{"rendered":"<p>Cycle de webinaires \u00ab Autour du Z\u00e9ro Phyto \u00bb 2022 &nbsp; Vos webinaires (ou conf\u00e9rences en ligne) sont d\u00e9sormais consultables sur la cha\u00eene youtube du r\u00e9seau JEVI ! &nbsp; Depuis le d\u00e9but de l&rsquo;ann\u00e9e 2022, trois temps d&rsquo;\u00e9changes, avec l&rsquo;appui de nos partenaires, ont permis \u00e0 de nombreux participants d&rsquo;am\u00e9liorer leurs connaissances sur de nombreux [&hellip;]<\/p>\n","protected":false},"author":14,"featured_media":0,"comment_status":"closed","ping_status":"open","sticky":false,"template":"","format":"standard","meta":{"footnotes":""},"categories":[8,2],"tags":[7],"class_list":["post-9886","post","type-post","status-publish","format-standard","hentry","category-jevi","category-actualites-fredon","tag-actualites-jevi"],"_links":{"self":[{"href":"https:\/\/www.fredonoccitanie.com\/jevi\/wp-json\/wp\/v2\/posts\/9886","targetHints":{"allow":["GET"]}}],"collection":[{"href":"https:\/\/www.fredonoccitanie.com\/jevi\/wp-json\/wp\/v2\/posts"}],"about":[{"href":"https:\/\/www.fredonoccitanie.com\/jevi\/wp-json\/wp\/v2\/types\/post"}],"author":[{"embeddable":true,"href":"https:\/\/www.fredonoccitanie.com\/jevi\/wp-json\/wp\/v2\/users\/14"}],"replies":[{"embeddable":true,"href":"https:\/\/www.fredonoccitanie.com\/jevi\/wp-json\/wp\/v2\/comments?post=9886"}],"version-history":[{"count":5,"href":"https:\/\/www.fredonoccitanie.com\/jevi\/wp-json\/wp\/v2\/posts\/9886\/revisions"}],"predecessor-version":[{"id":9910,"href":"https:\/\/www.fredonoccitanie.com\/jevi\/wp-json\/wp\/v2\/posts\/9886\/revisions\/9910"}],"wp:attachment":[{"href":"https:\/\/www.fredonoccitanie.com\/jevi\/wp-json\/wp\/v2\/media?parent=9886"}],"wp:term":[{"taxonomy":"category","embeddable":true,"href":"https:\/\/www.fredonoccitanie.com\/jevi\/wp-json\/wp\/v2\/categories?post=9886"},{"taxonomy":"post_tag","embeddable":true,"href":"https:\/\/www.fredonoccitanie.com\/jevi\/wp-json\/wp\/v2\/tags?post=9886"}],"curies":[{"name":"wp","href":"https:\/\/api.w.org\/{rel}","templated":true}]}}