{"id":9882,"date":"2022-08-12T11:47:14","date_gmt":"2022-08-12T09:47:14","guid":{"rendered":"https:\/\/www.fredonoccitanie.com\/jevi\/?p=9882"},"modified":"2022-09-01T12:38:13","modified_gmt":"2022-09-01T10:38:13","slug":"tourisme-avis-aux-hebergeurs-des-aides-pour-accelerer-votre-transition-ecologique","status":"publish","type":"post","link":"https:\/\/www.fredonoccitanie.com\/jevi\/2022\/08\/12\/tourisme-avis-aux-hebergeurs-des-aides-pour-accelerer-votre-transition-ecologique\/","title":{"rendered":"[Aides] Avis aux h\u00e9bergeurs : un fonds pour acc\u00e9l\u00e9rer votre transition \u00e9cologique !"},"content":{"rendered":"<h2 style=\"text-align: center\">L&rsquo;ADEME soutient les restaurateurs et h\u00e9bergeurs via le Fonds de Tourisme Durable pour acc\u00e9l\u00e9rer la transition \u00e9cologique.<\/h2>\n<p>&nbsp;<\/p>\n<p><strong>Initi\u00e9 dans le cadre du plan de relance lanc\u00e9e en 2021 et repris aujourd\u2019hui dans le cadre du programme <a href=\"https:\/\/www.entreprises.gouv.fr\/fr\/actualites\/tourisme\/developpement-et-competitivite-du-secteur\/destination-france-vaste-plan-de\">Destination France<\/a>, le <a href=\"https:\/\/agirpourlatransition.ademe.fr\/entreprises\/aides-financieres\/2022\/fonds-tourisme-durable-restaurateurs-hebergeurs-accelerez-transition?cible=79&amp;region=41\">fonds tourisme durable dot\u00e9 d\u2019un budget de 50M\u20ac (volet 1 &amp; 2)<\/a> de l\u2019ADEME<\/strong> <strong>soutient la\u00a0r\u00e9alisation d&rsquo;un diagnostic environnemental gratuit et le<\/strong> <strong>financements d&rsquo;investissements<\/strong>.<\/p>\n<p>&nbsp;<\/p>\n<h3>Le Fonds tourisme durable, vers un accompagnement technique et une aide financi\u00e8re<\/h3>\n<p><strong>Il vise \u00e0 soutenir les restaurateurs et les h\u00e9bergeurs des communes rurales et peu denses, au travers de :<\/strong><\/p>\n<ul>\n<li>un accompagnement gratuit par un des partenaires de l\u2019ADEME pour un diagnostic et la conception d\u2019un plan d\u2019actions.<\/li>\n<li>une subvention de l\u2019ADEME entre 5 et 200 k\u20ac via des aides forfaitaires sous forme d\u2019un guichet rassemblant plusieurs actions sur <strong>tous les domaines de la transition \u00e9cologique<\/strong> pour\u00a0:\n<ul>\n<li>Financer des actions de r\u00e9novation performante et production d\u2019\u00e9nergie renouvelable thermique (chaleur et froid renouvelable) et ma\u00eetriser les co\u00fbts fixes (\u00e9nergie, eau, d\u00e9chets, gaspillage alimentaire, mobilit\u00e9)\u00a0;<\/li>\n<li>Sensibiliser\/former l\u2019ensemble de l\u2019\u00e9cosyst\u00e8me : fournisseurs, salari\u00e9s et clients ;<\/li>\n<li>Accompagner les petits investissements dans le cadre de l\u2019\u00e9conomie circulaire\u00a0;<\/li>\n<li>D\u00e9velopper les principes de l\u2019alimentation durable (local, de saison, bas carbone\u2026)\u00a0;<\/li>\n<li>Encourager l\u2019\u00e9tablissement dans une d\u00e9marche d\u2019\u00e9coconception notamment l\u2019\u00e9colabel europ\u00e9en ou encore l\u2019affichage environnemental.<\/li>\n<\/ul>\n<\/li>\n<\/ul>\n<p>&nbsp;<\/p>\n<p><em>A noter que depuis d\u00e9but mars 2022, les actions li\u00e9es \u00e0 la r\u00e9novation \u00e9nerg\u00e9tique et prochainement au financement des \u00e9nergies renouvelables thermiques sont finan\u00e7ables dans le cadre du dispositif en amont de la r\u00e9alisation d\u2019un audit \u00e9nerg\u00e9tique.<br \/>\n<\/em><\/p>\n<p>&nbsp;<\/p>\n<p style=\"text-align: center\"><strong>Un appui \u00e0 saisir pour accompagner une d\u00e9marche de transition vers le Z\u00e9ro Phyto et au-del\u00e0 !<\/strong><\/p>\n<p>&nbsp;<\/p>\n<h3>Focus sur l&rsquo;Occitanie : 8 structures op\u00e9rationnelles pour accompagner les porteurs de projets<\/h3>\n<p>En Occitanie, en partenariat avec la R\u00e9gion Occitanie (Direction Tourisme) et le Comit\u00e9 R\u00e9gional du Tourisme et des Loisirs, <strong><a href=\"https:\/\/occitanie.ademe.fr\/sites\/default\/files\/fonds-tourisme-durable-ademe.pdf\">8 partenaires du Fonds Tourisme<\/a> <\/strong>(CCI, PNR, ADT, UNAT\u2026) ont \u00e9t\u00e9 s\u00e9lectionn\u00e9s dans le cadre d\u2019un appel \u00e0 manifestation d\u2019int\u00e9r\u00eat d\u00e9but 2021, <strong>soit 17 contacts op\u00e9rationnels pour accompagner les porteurs de projets.<\/strong><\/p>\n<p>L\u2019Occitanie, 2<sup>\u00e8me<\/sup> r\u00e9gion de France en nombre de diagnostics r\u00e9alis\u00e9s et dossiers d\u00e9pos\u00e9s est fortement mobilis\u00e9e avec pr\u00e8s de 250 diagnostics (2000 au national) et 105 dossiers d\u00e9pos\u00e9s (850 au national) dont 75 dossiers laur\u00e9ats pour un montant total d\u2019investissement de plus de 2M\u20ac et une aide de 1,6M\u20ac (soit une aide moyenne de 13k\u20ac).<\/p>\n<p>&nbsp;<\/p>\n<h3>Quels sont les porteurs de projet \u00e9ligibles ?<\/h3>\n<p>L&rsquo;aide s&rsquo;adresse aux TPE et PME exer\u00e7ant une activit\u00e9 de restauration et\/ou d\u2019h\u00e9bergement touristique (SAS, SCOP, association loi 1901\u2026), <strong>situ\u00e9es en zone rurale<\/strong>.<\/p>\n<p style=\"text-align: center\"><strong>V\u00e9rifiez votre \u00e9ligibilit\u00e9 en <a href=\"https:\/\/agirpourlatransition.ademe.fr\/entreprises\/sites\/default\/files\/AAP%20Fonds%20Tourisme%20Durable%20-%20Conditions%20d%27%C3%A9ligibilit%C3%A9%20et%20de%20financement%20-%202022.pdf\">cliquant ici<\/a><\/strong><\/p>\n<p>&nbsp;<\/p>\n<h3 style=\"text-align: center\"><strong>Pour en savoir plus :<\/strong><\/h3>\n<h3 style=\"text-align: center\"><strong>D\u00e9couvrez l&rsquo;ensemble du dispositif de Fonds de Tourisme Durable en <a href=\"https:\/\/agirpourlatransition.ademe.fr\/entreprises\/aides-financieres\/2022\/fonds-tourisme-durable-restaurateurs-hebergeurs-accelerez-transition?cible=79&amp;region=41\">cliquant ici<\/a><\/strong><\/h3>\n<p>&nbsp;<\/p>\n<p>&nbsp;<\/p>\n<p>&nbsp;<\/p>\n<p>Source : Ademe<\/p>\n<p>Photo : Camping la Truffi\u00e8re \u00e0 Saint-Cirq-Lapopie (46), un camping Engag\u00e9 Z\u00e9ro Phyto<img loading=\"lazy\" decoding=\"async\" class=\"alignnone wp-image-26\" src=\"https:\/\/www.fredonoccitanie.com\/jevi\/wp-content\/uploads\/sites\/2\/2021\/06\/cartouche_engage_phyto-300x148.png\" alt=\"\" width=\"63\" height=\"31\" srcset=\"https:\/\/www.fredonoccitanie.com\/jevi\/wp-content\/uploads\/sites\/2\/2021\/06\/cartouche_engage_phyto-300x148.png 300w, https:\/\/www.fredonoccitanie.com\/jevi\/wp-content\/uploads\/sites\/2\/2021\/06\/cartouche_engage_phyto.png 305w\" sizes=\"auto, (max-width: 63px) 100vw, 63px\" \/> &#8211; (c) FREDON Occitanie<\/p>\n","protected":false},"excerpt":{"rendered":"<p>L&rsquo;ADEME soutient les restaurateurs et h\u00e9bergeurs via le Fonds de Tourisme Durable pour acc\u00e9l\u00e9rer la transition \u00e9cologique. &nbsp; Initi\u00e9 dans le cadre du plan de relance lanc\u00e9e en 2021 et repris aujourd\u2019hui dans le cadre du programme Destination France, le fonds tourisme durable dot\u00e9 d\u2019un budget de 50M\u20ac (volet 1 &amp; 2) de l\u2019ADEME soutient [&hellip;]<\/p>\n","protected":false},"author":14,"featured_media":9936,"comment_status":"closed","ping_status":"closed","sticky":false,"template":"","format":"standard","meta":{"footnotes":""},"categories":[8,2],"tags":[],"class_list":["post-9882","post","type-post","status-publish","format-standard","has-post-thumbnail","hentry","category-jevi","category-actualites-fredon"],"_links":{"self":[{"href":"https:\/\/www.fredonoccitanie.com\/jevi\/wp-json\/wp\/v2\/posts\/9882","targetHints":{"allow":["GET"]}}],"collection":[{"href":"https:\/\/www.fredonoccitanie.com\/jevi\/wp-json\/wp\/v2\/posts"}],"about":[{"href":"https:\/\/www.fredonoccitanie.com\/jevi\/wp-json\/wp\/v2\/types\/post"}],"author":[{"embeddable":true,"href":"https:\/\/www.fredonoccitanie.com\/jevi\/wp-json\/wp\/v2\/users\/14"}],"replies":[{"embeddable":true,"href":"https:\/\/www.fredonoccitanie.com\/jevi\/wp-json\/wp\/v2\/comments?post=9882"}],"version-history":[{"count":5,"href":"https:\/\/www.fredonoccitanie.com\/jevi\/wp-json\/wp\/v2\/posts\/9882\/revisions"}],"predecessor-version":[{"id":10093,"href":"https:\/\/www.fredonoccitanie.com\/jevi\/wp-json\/wp\/v2\/posts\/9882\/revisions\/10093"}],"wp:featuredmedia":[{"embeddable":true,"href":"https:\/\/www.fredonoccitanie.com\/jevi\/wp-json\/wp\/v2\/media\/9936"}],"wp:attachment":[{"href":"https:\/\/www.fredonoccitanie.com\/jevi\/wp-json\/wp\/v2\/media?parent=9882"}],"wp:term":[{"taxonomy":"category","embeddable":true,"href":"https:\/\/www.fredonoccitanie.com\/jevi\/wp-json\/wp\/v2\/categories?post=9882"},{"taxonomy":"post_tag","embeddable":true,"href":"https:\/\/www.fredonoccitanie.com\/jevi\/wp-json\/wp\/v2\/tags?post=9882"}],"curies":[{"name":"wp","href":"https:\/\/api.w.org\/{rel}","templated":true}]}}