{"id":9876,"date":"2022-08-16T18:46:34","date_gmt":"2022-08-16T16:46:34","guid":{"rendered":"https:\/\/www.fredonoccitanie.com\/jevi\/?p=9876"},"modified":"2022-09-01T12:40:29","modified_gmt":"2022-09-01T10:40:29","slug":"lpo-entreprises-passez-a-laction-en-suivant-le-mooc-entreprises-et-biodiversite","status":"publish","type":"post","link":"https:\/\/www.fredonoccitanie.com\/jevi\/2022\/08\/16\/lpo-entreprises-passez-a-laction-en-suivant-le-mooc-entreprises-et-biodiversite\/","title":{"rendered":"[Biodiversit\u00e9] Entreprises, passez \u00e0 l&rsquo;action en suivant le MOOC \u00ab\u00a0Entreprises et biodiversit\u00e9\u00a0\u00bb de la LPO !"},"content":{"rendered":"<h2 style=\"text-align: center\">Avis aux gestionnaires priv\u00e9s, la Ligue de Protection des Oiseaux (LPO) propose aux entreprises de se former en ligne gratuitement pour agir en faveur de la biodiversit\u00e9.<\/h2>\n<p>&nbsp;<\/p>\n<p><strong>La biodiversit\u00e9 est un alli\u00e9 pr\u00e9cieux dans la gestion \u00e9cologique des espaces ! Face au constat alarmant d&rsquo;\u00e9rosion de la biodiversit\u00e9 sur nos territoires, tous les moyens sont bons pour mieux comprendre ces enjeux et se doter d&rsquo;outils pour agir.<\/strong><\/p>\n<p>Parmi ces outils, les MOOC (Massive Open Online Course) sont des formations en ligne destin\u00e9es \u00e0 de larges publics. Elles permettent d&rsquo;acqu\u00e9rir les connaissances et les bases techniques pour passer \u00e0 l&rsquo;action.<\/p>\n<p>\u00c9labor\u00e9 conjointement par la <strong>LPO<\/strong>, le <strong>Mouvement des entreprises de France (MEDEF)<\/strong> et <strong>l\u2019Office Fran\u00e7ais de la Biodiversit\u00e9 (<a href=\"https:\/\/admin.lpo.fr\/silpo\/accueil-lpo.fr\/qui-sommes-nous\/nos-partenaires\/partenariats\/lpo-france\/public\/ofb\" target=\"_blank\" rel=\"noopener\">OFB<\/a>)<\/strong>, le <strong>MOOC Entreprises et biodiversit\u00e9<\/strong> est une formation gratuite et accessible \u00e0 tous pour aider les entreprises \u00e0 agir en faveur de la biodiversit\u00e9.<\/p>\n<p>Il peut \u00eatre suivi sur simple inscription par tout professionnel qui le souhaite, du chef d\u2019entreprise aux salari\u00e9s volontaires en passant par les responsables RSE.<\/p>\n<p>Il est con\u00e7u comme une formation tourn\u00e9e vers l\u2019action gr\u00e2ce \u00e0 des retours d\u2019exp\u00e9rience concrets d\u2019entreprises engag\u00e9es et des activit\u00e9s diversifi\u00e9es.<\/p>\n<p>&nbsp;<\/p>\n<h3>Trois s\u00e9quences rythment\u00a0le parcours p\u00e9dagogique :<\/h3>\n<ul>\n<li>Comprendre les risques et l\u2019urgence d\u2019agir face \u00e0 l\u2019\u00e9rosion du vivant,<\/li>\n<li>Agir \u00e0 l\u2019\u00e9chelle de son site d\u2019activit\u00e9s et tout au long de la cha\u00eene de valeur<\/li>\n<li>Faire le diagnostic de ses activit\u00e9s, mobiliser ses \u00e9quipes et s\u2019engager<\/li>\n<\/ul>\n<p>&nbsp;<\/p>\n<p style=\"text-align: center\"><strong>Pour en savoir plus<\/strong><\/p>\n<p style=\"text-align: center\">Consulter le site web : <a href=\"https:\/\/www.lpo.fr\/decouvrir-la-nature\/formations\/mooc\/mooc-entreprises-et-biodiversite\" target=\"_blank\" rel=\"noopener\">https:\/\/www.lpo.fr\/decouvrir-la-nature\/formations\/mooc\/mooc-entreprises-et-biodiversite<\/a><\/p>\n<p style=\"text-align: center\">D\u00e9couvrir le teaser en <a href=\"https:\/\/youtu.be\/rqP8OeIQlEk\" target=\"_blank\" rel=\"noopener\">cliquant ici<\/a><\/p>\n<p style=\"text-align: center\">S&rsquo;inscrire en <a href=\"https:\/\/mooc.formation.lpo.fr\/enrol\/synopsis\/index.php?id=4\" target=\"_blank\" rel=\"noopener\">cliquant ici<\/a><\/p>\n<p>&nbsp;<\/p>\n<p><img loading=\"lazy\" decoding=\"async\" class=\" wp-image-9906 aligncenter\" src=\"https:\/\/www.fredonoccitanie.com\/jevi\/wp-content\/uploads\/sites\/2\/2022\/08\/MOOC_720x410-300x171.jpg\" alt=\"\" width=\"449\" height=\"256\" \/><\/p>\n<p>&nbsp;<\/p>\n<p>&nbsp;<\/p>\n<p>Source et visuels : (c) <a href=\"https:\/\/www.lpo.fr\/decouvrir-la-nature\/formations\/mooc\/mooc-entreprises-et-biodiversite\">LPO<\/a><\/p>\n","protected":false},"excerpt":{"rendered":"<p>Avis aux gestionnaires priv\u00e9s, la Ligue de Protection des Oiseaux (LPO) propose aux entreprises de se former en ligne gratuitement pour agir en faveur de la biodiversit\u00e9. &nbsp; La biodiversit\u00e9 est un alli\u00e9 pr\u00e9cieux dans la gestion \u00e9cologique des espaces ! Face au constat alarmant d&rsquo;\u00e9rosion de la biodiversit\u00e9 sur nos territoires, tous les moyens [&hellip;]<\/p>\n","protected":false},"author":14,"featured_media":10057,"comment_status":"closed","ping_status":"closed","sticky":false,"template":"","format":"standard","meta":{"footnotes":""},"categories":[8,2],"tags":[],"class_list":["post-9876","post","type-post","status-publish","format-standard","has-post-thumbnail","hentry","category-jevi","category-actualites-fredon"],"_links":{"self":[{"href":"https:\/\/www.fredonoccitanie.com\/jevi\/wp-json\/wp\/v2\/posts\/9876","targetHints":{"allow":["GET"]}}],"collection":[{"href":"https:\/\/www.fredonoccitanie.com\/jevi\/wp-json\/wp\/v2\/posts"}],"about":[{"href":"https:\/\/www.fredonoccitanie.com\/jevi\/wp-json\/wp\/v2\/types\/post"}],"author":[{"embeddable":true,"href":"https:\/\/www.fredonoccitanie.com\/jevi\/wp-json\/wp\/v2\/users\/14"}],"replies":[{"embeddable":true,"href":"https:\/\/www.fredonoccitanie.com\/jevi\/wp-json\/wp\/v2\/comments?post=9876"}],"version-history":[{"count":5,"href":"https:\/\/www.fredonoccitanie.com\/jevi\/wp-json\/wp\/v2\/posts\/9876\/revisions"}],"predecessor-version":[{"id":9974,"href":"https:\/\/www.fredonoccitanie.com\/jevi\/wp-json\/wp\/v2\/posts\/9876\/revisions\/9974"}],"wp:featuredmedia":[{"embeddable":true,"href":"https:\/\/www.fredonoccitanie.com\/jevi\/wp-json\/wp\/v2\/media\/10057"}],"wp:attachment":[{"href":"https:\/\/www.fredonoccitanie.com\/jevi\/wp-json\/wp\/v2\/media?parent=9876"}],"wp:term":[{"taxonomy":"category","embeddable":true,"href":"https:\/\/www.fredonoccitanie.com\/jevi\/wp-json\/wp\/v2\/categories?post=9876"},{"taxonomy":"post_tag","embeddable":true,"href":"https:\/\/www.fredonoccitanie.com\/jevi\/wp-json\/wp\/v2\/tags?post=9876"}],"curies":[{"name":"wp","href":"https:\/\/api.w.org\/{rel}","templated":true}]}}