{"id":9662,"date":"2022-07-28T10:53:58","date_gmt":"2022-07-28T08:53:58","guid":{"rendered":"https:\/\/www.fredonoccitanie.com\/jevi\/?p=9662"},"modified":"2022-07-28T10:53:58","modified_gmt":"2022-07-28T08:53:58","slug":"prolongation-au-19-aout-arb-biodivact-repondez-a-cette-grande-enquete-aupres-des-communes-doccitanie","status":"publish","type":"post","link":"https:\/\/www.fredonoccitanie.com\/jevi\/2022\/07\/28\/prolongation-au-19-aout-arb-biodivact-repondez-a-cette-grande-enquete-aupres-des-communes-doccitanie\/","title":{"rendered":"PROLONGATION au 19 ao\u00fbt &#8211; [ARB] BIODIV&rsquo;ACT: r\u00e9pondez \u00e0 cette grande enqu\u00eate aupr\u00e8s des communes d&rsquo;Occitanie !"},"content":{"rendered":"<h2 style=\"text-align: center\">Barom\u00e8tre 2022 des communes qui agissent pour la biodiversit\u00e9 !<\/h2>\n<p>&nbsp;<\/p>\n<p><strong>En France, 23 % des esp\u00e8ces animales et v\u00e9g\u00e9tales sont menac\u00e9es de disparition et 78 % des habitats naturels sont dans un \u00e9tat de conservation d\u00e9favorable.\u00a0Les scientifiques, face \u00e0 un constat similaire au niveau mondial, parlent d\u00e9sormais d\u2019une sixi\u00e8me extinction de masse.<\/strong><\/p>\n<p>La R\u00e9gion Occitanie dispose d\u2019un r\u00e9servoir de biodiversit\u00e9 unique et d\u2019int\u00e9r\u00eat patrimonial \u00e0 l\u2019\u00e9chelle fran\u00e7aise voire mondiale, notamment par sa situation g\u00e9ographique <strong>au carrefour de 4 domaines bioclimatiques<\/strong>.<\/p>\n<p>Or les secteurs les plus riches en biodiversit\u00e9 sont souvent les plus vuln\u00e9rables aux diff\u00e9rentes pressions. Ces biens pr\u00e9cieux sont donc <strong>particuli\u00e8rement menac\u00e9s par l\u2019augmentation des pressions humaines notamment l\u2019artificialisation des sols<\/strong>.<\/p>\n<p>Les communes ont un r\u00f4le important \u00e0 jouer dans la reconqu\u00eate de la biodiversit\u00e9 qui constitue \u00e0 la fois notre \u00ab\u00a0assurance vie\u00a0\u00bb et le socle de la qualit\u00e9 de notre environnement dans nos territoires.<\/p>\n<h4><br class=\"autobr\" \/><strong class=\"spip\">Vous avez d\u00e9j\u00e0 r\u00e9alis\u00e9 des actions favorables \u00e0 la biodiversit\u00e9 ou vous souhaitez les mettre en \u0153uvre\u00a0?<\/strong><\/h4>\n<p>&nbsp;<\/p>\n<p>L\u2019Agence r\u00e9gionale de la biodiversit\u00e9 Occitanie propose de mettre en lumi\u00e8re votre territoire au travers de vos bonnes pratiques et de motiver un maximum de territoires \u00e0 suivre votre exemple. Cette initiative s\u2019inscrit dans le cadre de la <strong>Strat\u00e9gie r\u00e9gionale pour la Biodiversit\u00e9<\/strong> et a vocation \u00e0 \u00eatre reconduite chaque ann\u00e9e.<\/p>\n<p>Le recueil des informations permettra \u00e0 l\u2019ARB Occitanie et \u00e0 ses partenaires, dont FREDON Occitanie :<\/p>\n<ul>\n<li>d\u2019identifier les communes qui portent des actions favorables \u00e0 la biodiversit\u00e9 en Occitanie ;<\/li>\n<li>de valoriser vos actions aupr\u00e8s de tous ;<\/li>\n<li>de favoriser les \u00e9changes et les retours d\u2019exp\u00e9riences ;<\/li>\n<li>de suivre l\u2019\u00e9volution de vos pratiques et vous encourager \u00e0 aller toujours plus loin.<\/li>\n<\/ul>\n<p><strong>Aussi, FREDON Occitanie encourage les communes de la r\u00e9gion \u00e0 contribuez \u00e0 cette enqu\u00eate, quelle que soit leur exp\u00e9rience dans la pr\u00e9servation et la restauration de la biodiversit\u00e9.<\/strong><\/p>\n<p>&nbsp;<\/p>\n<h5 style=\"text-align: center\"><strong>Consultez les 8 fiches qui accompagnent cette enqu\u00eate dont l&rsquo;une d\u00e9di\u00e9e au \u00ab\u00a0Z\u00e9ro Phyto\u00a0\u00bb<\/strong><\/h5>\n<ul>\n<li style=\"list-style-type: none\">\n<ul>\n<li style=\"list-style-type: none\">\n<ul>\n<li style=\"list-style-type: none\">\n<ul>\n<li style=\"list-style-type: none\">\n<ul>\n<li><strong><a class=\"spip_in\" title=\"Atlas de la biodiversit\u00e9 communale - Nouvelle fen\u00eatre\" href=\"https:\/\/www.arb-occitanie.fr\/IMG\/pdf\/orb_fiche-abc.pdf\" target=\"_blank\" rel=\"noreferrer noopener\">Atlas de la biodiversit\u00e9 communale<\/a><\/strong><\/li>\n<li><strong><a class=\"spip_in\" title=\"Territoires engag\u00e9s pour la nature - Nouvelle fen\u00eatre\" href=\"https:\/\/www.arb-occitanie.fr\/IMG\/pdf\/orb_fiche-ten.pdf\" target=\"_blank\" rel=\"noreferrer noopener\">Territoires engag\u00e9s pour la nature<\/a><\/strong><\/li>\n<li><strong><a class=\"spip_in\" title=\"Conseil local de la biodiversit\u00e9 - Nouvelle fen\u00eatre\" href=\"https:\/\/www.arb-occitanie.fr\/IMG\/pdf\/orb_fiche-conseil-local-biodiversite.pdf\" target=\"_blank\" rel=\"noreferrer noopener\">Conseil local de la biodiversit\u00e9<\/a><\/strong><\/li>\n<li><strong><a class=\"spip_in\" title=\"Gestion diff\u00e9renci\u00e9e de l\u2019\u00e9clairage public - Nouvelle fen\u00eatre\" href=\"https:\/\/www.arb-occitanie.fr\/IMG\/pdf\/orb_fiche-gestion-eclairage.pdf\" target=\"_blank\" rel=\"noreferrer noopener\">Gestion diff\u00e9renci\u00e9e de l\u2019\u00e9clairage public<\/a><\/strong><\/li>\n<li><strong><a class=\"spip_in\" title=\"Permis de v\u00e9g\u00e9taliser - Nouvelle fen\u00eatre\" href=\"https:\/\/www.arb-occitanie.fr\/IMG\/pdf\/orb_fiche-permis-vegetaliser.pdf\" target=\"_blank\" rel=\"noreferrer noopener\">Permis de v\u00e9g\u00e9taliser<\/a><\/strong><\/li>\n<li><strong><a class=\"spip_in\" title=\"V\u00e9g\u00e9talisation des cours d\u2019\u00e9cole - Nouvelle fen\u00eatre\" href=\"https:\/\/www.arb-occitanie.fr\/IMG\/pdf\/orb_fiche-vegetalisation-cours-ecole.pdf\" target=\"_blank\" rel=\"noreferrer noopener\">V\u00e9g\u00e9talisation des cours d\u2019\u00e9cole<\/a><\/strong><\/li>\n<li><strong><a class=\"spip_in\" title=\"V\u00e9g\u00e9talisation de l\u2019espace public - Nouvelle fen\u00eatre\" href=\"https:\/\/www.arb-occitanie.fr\/IMG\/pdf\/orb_fiche-vegetalisation-espaces-public.pdf\" target=\"_blank\" rel=\"noreferrer noopener\">V\u00e9g\u00e9talisation de l\u2019espace public<\/a><\/strong><\/li>\n<li><strong><a class=\"spip_in\" title=\"Z\u00e9ro phyto - Nouvelle fen\u00eatre\" href=\"https:\/\/www.arb-occitanie.fr\/IMG\/pdf\/orb_fiche-zero-phyto.pdf\" target=\"_blank\" rel=\"noreferrer noopener\">Z\u00e9ro Phyto<\/a><\/strong><\/li>\n<\/ul>\n<\/li>\n<\/ul>\n<\/li>\n<\/ul>\n<\/li>\n<\/ul>\n<\/li>\n<\/ul>\n<h5 style=\"text-align: center\"><a href=\"https:\/\/docs.google.com\/forms\/d\/e\/1FAIpQLSeiQWMXPVjDYP_mX5LAzzQS_tAT8FnUGoi3uYvZ_MM3u4lAdg\/viewform\"><strong>Participez ici \u00e0 l&rsquo;<\/strong>enqu\u00eate BIODIV&rsquo;ACT avant le <strong>19 ao\u00fbt<\/strong><strong class=\"spip\"> 2022<\/strong><\/a><\/h5>\n<p style=\"text-align: center\">[temps de r\u00e9ponse \u00e0 l\u2019enqu\u00eate estim\u00e9 \u00e0 environ 15 minutes]<\/p>\n<p><img loading=\"lazy\" decoding=\"async\" class=\"alignnone wp-image-9628 aligncenter\" src=\"https:\/\/www.fredonoccitanie.com\/jevi\/wp-content\/uploads\/sites\/2\/2022\/06\/biodivact-1-300x263.jpg\" alt=\"\" width=\"351\" height=\"308\" \/><\/p>\n<p>Sources : <a href=\"https:\/\/www.arb-occitanie.fr\/-ARB-\">ARB Occitanie<\/a><\/p>\n","protected":false},"excerpt":{"rendered":"<p>Barom\u00e8tre 2022 des communes qui agissent pour la biodiversit\u00e9 ! &nbsp; En France, 23 % des esp\u00e8ces animales et v\u00e9g\u00e9tales sont menac\u00e9es de disparition et 78 % des habitats naturels sont dans un \u00e9tat de conservation d\u00e9favorable.\u00a0Les scientifiques, face \u00e0 un constat similaire au niveau mondial, parlent d\u00e9sormais d\u2019une sixi\u00e8me extinction de masse. La R\u00e9gion [&hellip;]<\/p>\n","protected":false},"author":14,"featured_media":9628,"comment_status":"closed","ping_status":"closed","sticky":false,"template":"","format":"standard","meta":{"footnotes":""},"categories":[8,2],"tags":[],"class_list":["post-9662","post","type-post","status-publish","format-standard","has-post-thumbnail","hentry","category-jevi","category-actualites-fredon"],"_links":{"self":[{"href":"https:\/\/www.fredonoccitanie.com\/jevi\/wp-json\/wp\/v2\/posts\/9662","targetHints":{"allow":["GET"]}}],"collection":[{"href":"https:\/\/www.fredonoccitanie.com\/jevi\/wp-json\/wp\/v2\/posts"}],"about":[{"href":"https:\/\/www.fredonoccitanie.com\/jevi\/wp-json\/wp\/v2\/types\/post"}],"author":[{"embeddable":true,"href":"https:\/\/www.fredonoccitanie.com\/jevi\/wp-json\/wp\/v2\/users\/14"}],"replies":[{"embeddable":true,"href":"https:\/\/www.fredonoccitanie.com\/jevi\/wp-json\/wp\/v2\/comments?post=9662"}],"version-history":[{"count":4,"href":"https:\/\/www.fredonoccitanie.com\/jevi\/wp-json\/wp\/v2\/posts\/9662\/revisions"}],"predecessor-version":[{"id":9666,"href":"https:\/\/www.fredonoccitanie.com\/jevi\/wp-json\/wp\/v2\/posts\/9662\/revisions\/9666"}],"wp:featuredmedia":[{"embeddable":true,"href":"https:\/\/www.fredonoccitanie.com\/jevi\/wp-json\/wp\/v2\/media\/9628"}],"wp:attachment":[{"href":"https:\/\/www.fredonoccitanie.com\/jevi\/wp-json\/wp\/v2\/media?parent=9662"}],"wp:term":[{"taxonomy":"category","embeddable":true,"href":"https:\/\/www.fredonoccitanie.com\/jevi\/wp-json\/wp\/v2\/categories?post=9662"},{"taxonomy":"post_tag","embeddable":true,"href":"https:\/\/www.fredonoccitanie.com\/jevi\/wp-json\/wp\/v2\/tags?post=9662"}],"curies":[{"name":"wp","href":"https:\/\/api.w.org\/{rel}","templated":true}]}}