{"id":9374,"date":"2022-05-02T10:12:06","date_gmt":"2022-05-02T08:12:06","guid":{"rendered":"https:\/\/www.fredonoccitanie.com\/jevi\/?p=9374"},"modified":"2022-05-03T16:46:33","modified_gmt":"2022-05-03T14:46:33","slug":"6-mai-2022-webinaire-jevi-2022-3-limiter-les-intrants-le-vegetal-comme-alternative","status":"publish","type":"post","link":"https:\/\/www.fredonoccitanie.com\/jevi\/2022\/05\/02\/6-mai-2022-webinaire-jevi-2022-3-limiter-les-intrants-le-vegetal-comme-alternative\/","title":{"rendered":"6 mai 2022 : Webinaire JEVI 2022 #3 \u2013 \u00ab Limiter les intrants\u2026 le v\u00e9g\u00e9tal comme alternative ? \u00bb"},"content":{"rendered":"\r\n<h2 class=\"has-text-align-center wp-block-heading\" style=\"text-align: center\">L<strong>es bons r\u00e9flexes pour les gestionnaires JEVI\u00a0<\/strong><\/h2>\r\n<h2 style=\"text-align: center\"><strong>(d\u00e9cideurs et techniciens, <\/strong><\/h2>\r\n<h2 style=\"text-align: center\"><strong>de la conception \u00e0 la gestion)<\/strong><\/h2>\r\n\r\n\r\n\r\n<h5 class=\"has-text-align-center\" style=\"text-align: center\"><strong><span class=\"has-inline-color\" style=\"color: #d6970a\">vendredi 6 mai 2022 &#8211; 11h00 &#8211; 12h30<\/span><\/strong><\/h5>\r\n<p>&nbsp;<\/p>\r\n\r\n\r\n\r\n\r\n\r\n<p>&nbsp;<\/p>\r\n<p><strong>Et si redonner toute sa place au v\u00e9g\u00e9tal \u00e9tait la solution pour g\u00e9rer durablement les espaces verts des villes, villages ou campings ?<\/strong><\/p>\r\n<p>&nbsp;<\/p>\r\n<p>Pourquoi remobiliser le v\u00e9g\u00e9tal plut\u00f4t que chercher \u00e0 l&rsquo;\u00e9liminer ?\u00a0<\/p>\r\n<p>Comment penser des am\u00e9nagements adapt\u00e9s pour limiter le temps d&rsquo;entretien sans intrants ?<\/p>\r\n<p>Pourquoi planter la bonne essence au bon endroit, au bon moment, avec les bons \u00ab\u00a0compagnons\u00a0\u00bb pour assurer la p\u00e9rennit\u00e9 ?<\/p>\r\n<p>Faut-il planter dense ou isol\u00e9 ? de grands ou de petits sujets ? Quelles strates privil\u00e9gier ? Quelles limites aux objectifs quantitatifs de plantations ?<\/p>\r\n<p>Quelles techniques de taille et de gestion adapt\u00e9es au v\u00e9g\u00e9tal mettre en place pour pr\u00e9venir les risques sanitaires, \u00e0 court et long termes ?<\/p>\r\n<p>Comment favoriser les nombreux services offerts par le v\u00e9g\u00e9tal (valorisation du cadre de vie, bien-\u00eatre des habitants ou des touristes, rafra\u00eechissement de l&rsquo;air ambiant, accueil de la biodiversit\u00e9 et bien d&rsquo;autres) ?<\/p>\r\n<p>&nbsp;<\/p>\r\n<p><strong>Ce webinaire vise \u00e0 aborder avec les gestionnaires JEVI\u00a0 des pr\u00e9conisations concr\u00e8tes, pour r\u00e9pondre \u00e0 ces questions et mettre en place une gestion sans intrant efficace, \u00e9cologique, \u00e9conomique et p\u00e9renne des espaces verts \u00e0 l&rsquo;aide du v\u00e9g\u00e9tal !<\/strong><\/p>\r\n<p>&nbsp;<\/p>\r\n<h5>Au programme :<\/h5>\r\n<p>&nbsp;<\/p>\r\n<ul>\r\n<li><strong><strong>Tour d&rsquo;horizon des bons r\u00e9flexes pour mobiliser durablement le v\u00e9g\u00e9tal comme alternative aux intrants\u00a0 <\/strong><\/strong><strong>! Pr\u00e9sentation technique par FREDON Occitanie<\/strong><\/li>\r\n<\/ul>\r\n<p><em>FREDON Occitanie \/\/ Philippe Tixier-Malicorne &#8211; directeur\u00a0<\/em><\/p>\r\n<ul>\r\n<li style=\"list-style-type: none\">\r\n<ul>\r\n<li>Focus sur quelques id\u00e9es re\u00e7ues autour du v\u00e9g\u00e9tal et \u00e9cueils \u00e0 \u00e9viter : am\u00e9nagement, plantation, choix des essences, modes de gestion<\/li>\r\n<li>Vade-mecum des bons r\u00e9flexes du gestionnaires\u00a0<\/li>\r\n<li>De nombreux enjeux \u00e0 conjuguer :<\/li>\r\n<li>Conseils de gestion : gestion des adventices, gestion des maladies, gestion des ravageurs, gestion de la fertilisation, gestion de l\u2019eau<\/li>\r\n<li>Des outils &amp; ressources \u00e0 mobiliser<\/li>\r\n<\/ul>\r\n<\/li>\r\n<\/ul>\r\n<p>&nbsp;<\/p>\r\n<ul>\r\n<li><strong>Des ressources \u00e0 mobiliser pour aller plus loin !<\/strong><\/li>\r\n<\/ul>\r\n<p><em>FREDON Occitanie \/\/ Florie Richard \u2013 animatrice mission Ecophyto JEVI\u00a0<\/em><\/p>\r\n<p>&nbsp;<\/p>\r\n<ul>\r\n<li><strong>Temps d&rsquo;\u00e9changes avec les participants<\/strong><\/li>\r\n<\/ul>\r\n<p>&nbsp;<\/p>\r\n<p><img loading=\"lazy\" decoding=\"async\" class=\"alignnone size-medium wp-image-9378 aligncenter\" src=\"https:\/\/www.fredonoccitanie.com\/jevi\/wp-content\/uploads\/sites\/2\/2022\/04\/Logo-FREDON-OccitanieCouleur-Horiz@5x-100-300x91.jpg\" alt=\"\" width=\"300\" height=\"91\" srcset=\"https:\/\/www.fredonoccitanie.com\/jevi\/wp-content\/uploads\/sites\/2\/2022\/04\/Logo-FREDON-OccitanieCouleur-Horiz@5x-100-300x91.jpg 300w, https:\/\/www.fredonoccitanie.com\/jevi\/wp-content\/uploads\/sites\/2\/2022\/04\/Logo-FREDON-OccitanieCouleur-Horiz@5x-100-1030x312.jpg 1030w, https:\/\/www.fredonoccitanie.com\/jevi\/wp-content\/uploads\/sites\/2\/2022\/04\/Logo-FREDON-OccitanieCouleur-Horiz@5x-100-768x233.jpg 768w, https:\/\/www.fredonoccitanie.com\/jevi\/wp-content\/uploads\/sites\/2\/2022\/04\/Logo-FREDON-OccitanieCouleur-Horiz@5x-100-1536x466.jpg 1536w, https:\/\/www.fredonoccitanie.com\/jevi\/wp-content\/uploads\/sites\/2\/2022\/04\/Logo-FREDON-OccitanieCouleur-Horiz@5x-100-2048x621.jpg 2048w, https:\/\/www.fredonoccitanie.com\/jevi\/wp-content\/uploads\/sites\/2\/2022\/04\/Logo-FREDON-OccitanieCouleur-Horiz@5x-100-1500x455.jpg 1500w, https:\/\/www.fredonoccitanie.com\/jevi\/wp-content\/uploads\/sites\/2\/2022\/04\/Logo-FREDON-OccitanieCouleur-Horiz@5x-100-705x214.jpg 705w\" sizes=\"auto, (max-width: 300px) 100vw, 300px\" \/><\/p>\r\n<p>&nbsp;<\/p>\r\n\r\n\r\n\r\n<h5>A qui s&rsquo;adresse-t-il ?<\/h5>\r\n<p><strong>Ce webinaire est propos\u00e9 par FREDON Occitanie \/ mission Ecophyto JEVI, en partenariat avec la CO-HPA.<\/strong><\/p>\r\n<p>Il s&rsquo;adresse aux :<\/p>\r\n\r\n\r\n\r\n<ul class=\"wp-block-list\">\r\n<li>gestionnaires publics d\u2019espaces verts (communes, intercommunalit\u00e9s, d\u00e9partements\u2026) : \u00e9lus et techniciens <strong>#jevi<\/strong>\u00a0;<\/li>\r\n<li>gestionnaires de campings et d\u2019infrastructures touristiques en g\u00e9n\u00e9ral : d\u00e9cideurs et techniciens <strong>#jevi ;<\/strong><\/li>\r\n<li>structures qui souhaitent accompagner une dynamique sur leur territoire et accompagner ces gestionnaires dans leur d\u00e9marche (CD, EPCI, PNR, PN, GSF, Syndicats mixtes, associations environnementales, associations touristiques, animateurs <strong>#captages <\/strong>prioritaires\u2026)<\/li>\r\n<\/ul>\r\n<p>&nbsp;<\/p>\r\n<div class=\"wp-block-buttons is-content-justification-center\">\r\n<div>\r\n<div  class='avia-button-wrap av-38207u-de7474136bc80fb09861496a046dfc7d-wrap avia-button-center  avia-builder-el-0  avia-builder-el-no-sibling '><a href='https:\/\/attendee.gotowebinar.com\/register\/2261135089034463243'  class='avia-button av-38207u-de7474136bc80fb09861496a046dfc7d av-link-btn avia-icon_select-no avia-size-small avia-position-center avia-color-theme-color'  target=\"_blank\"  rel=\"noopener noreferrer\"  aria-label=\"Inscrivez-vous en cliquant ici !\"><span class='avia_iconbox_title' >Inscrivez-vous en cliquant ici !<\/span><\/a><\/div>\r\n<\/div>\r\n<\/div>\r\n<div>\u00a0<\/div>\r\n<div class=\"wp-block-buttons is-content-justification-center\">\r\n<div class=\"wp-block-button\" style=\"text-align: center\"><strong>En attendant, retrouvez <\/strong><strong> des ressources techniques sur <a href=\"https:\/\/www.fredonoccitanie.com\/jevi\/\">le site du r\u00e9seau JEVI<\/a> !<\/strong><\/div>\r\n<div>\u00a0<\/div>\r\n<\/div>\r\n\r\n\r\n\r\n\r\n\r\n<p class=\"has-white-color has-text-color\">\u00a0<\/p>\r\n<p>&nbsp;<\/p>\r\n<p>Un webinaire propos\u00e9 par FREDON Occitanie \/ Ecophyto JEVI :<\/p>\r\n<p><img loading=\"lazy\" decoding=\"async\" class=\"alignnone  wp-image-59\" src=\"https:\/\/www.fredonoccitanie.com\/jevi\/wp-content\/uploads\/sites\/2\/2021\/05\/favicon.png\" alt=\"\" width=\"81\" height=\"81\" srcset=\"https:\/\/www.fredonoccitanie.com\/jevi\/wp-content\/uploads\/sites\/2\/2021\/05\/favicon.png 64w, https:\/\/www.fredonoccitanie.com\/jevi\/wp-content\/uploads\/sites\/2\/2021\/05\/favicon-36x36.png 36w\" sizes=\"auto, (max-width: 81px) 100vw, 81px\" \/>\u00a0\u00a0<img loading=\"lazy\" decoding=\"async\" class=\"alignnone  wp-image-4401\" src=\"https:\/\/www.fredonoccitanie.com\/jevi\/wp-content\/uploads\/sites\/2\/2017\/02\/logo_01_light-300x137.jpg\" alt=\"\" width=\"172\" height=\"79\" srcset=\"https:\/\/www.fredonoccitanie.com\/jevi\/wp-content\/uploads\/sites\/2\/2017\/02\/logo_01_light-300x137.jpg 300w, https:\/\/www.fredonoccitanie.com\/jevi\/wp-content\/uploads\/sites\/2\/2017\/02\/logo_01_light-1030x471.jpg 1030w, https:\/\/www.fredonoccitanie.com\/jevi\/wp-content\/uploads\/sites\/2\/2017\/02\/logo_01_light-768x351.jpg 768w, https:\/\/www.fredonoccitanie.com\/jevi\/wp-content\/uploads\/sites\/2\/2017\/02\/logo_01_light-1536x703.jpg 1536w, https:\/\/www.fredonoccitanie.com\/jevi\/wp-content\/uploads\/sites\/2\/2017\/02\/logo_01_light-1500x687.jpg 1500w, https:\/\/www.fredonoccitanie.com\/jevi\/wp-content\/uploads\/sites\/2\/2017\/02\/logo_01_light-705x323.jpg 705w, https:\/\/www.fredonoccitanie.com\/jevi\/wp-content\/uploads\/sites\/2\/2017\/02\/logo_01_light.jpg 1772w\" sizes=\"auto, (max-width: 172px) 100vw, 172px\" \/><img loading=\"lazy\" decoding=\"async\" class=\"alignnone  wp-image-26\" src=\"https:\/\/www.fredonoccitanie.com\/jevi\/wp-content\/uploads\/sites\/2\/2021\/06\/cartouche_engage_phyto-300x148.png\" alt=\"\" width=\"181\" height=\"90\" srcset=\"https:\/\/www.fredonoccitanie.com\/jevi\/wp-content\/uploads\/sites\/2\/2021\/06\/cartouche_engage_phyto-300x148.png 300w, https:\/\/www.fredonoccitanie.com\/jevi\/wp-content\/uploads\/sites\/2\/2021\/06\/cartouche_engage_phyto.png 305w\" sizes=\"auto, (max-width: 181px) 100vw, 181px\" \/><\/p>\r\n<p style=\"text-align: left\">\u00a0<\/p>\r\n<p style=\"text-align: center\">\u00a0<\/p>\r\n<p style=\"text-align: center\">\u00a0<\/p>\r\n<h6 style=\"text-align: center\"><a href=\"https:\/\/www.fredonoccitanie.com\/jevi\/2022\/02\/17\/jevi-cycle-de-webinaire-2022\/\">Retrouvez le cycle de webinaires JEVI 2022 ici et prenez date !<\/a><\/h6>\r\n<p><a href=\"https:\/\/www.fredonoccitanie.com\/jevi\/2022\/02\/17\/jevi-cycle-de-webinaire-2022\/\"><img loading=\"lazy\" decoding=\"async\" class=\"wp-image-9159 aligncenter\" src=\"https:\/\/www.fredonoccitanie.com\/jevi\/wp-content\/uploads\/sites\/2\/2022\/02\/webinaires_jevi-300x267.png\" alt=\"\" width=\"465\" height=\"414\" \/><\/a><img loading=\"lazy\" decoding=\"async\" class=\"size-medium wp-image-3359 aligncenter\" style=\"font-weight: 600;text-align: center\" src=\"https:\/\/www.fredonoccitanie.com\/jevi\/wp-content\/uploads\/sites\/2\/2016\/11\/logo_zna-300x257.png\" alt=\"\" width=\"300\" height=\"257\" srcset=\"https:\/\/www.fredonoccitanie.com\/jevi\/wp-content\/uploads\/sites\/2\/2016\/11\/logo_zna-300x257.png 300w, https:\/\/www.fredonoccitanie.com\/jevi\/wp-content\/uploads\/sites\/2\/2016\/11\/logo_zna.png 486w\" sizes=\"auto, (max-width: 300px) 100vw, 300px\" \/><\/p>\r\n","protected":false},"excerpt":{"rendered":"<p>Les bons r\u00e9flexes pour les gestionnaires JEVI\u00a0 (d\u00e9cideurs et techniciens, de la conception \u00e0 la gestion) vendredi 6 mai 2022 &#8211; 11h00 &#8211; 12h30 &nbsp; &nbsp; Et si redonner toute sa place au v\u00e9g\u00e9tal \u00e9tait la solution pour g\u00e9rer durablement les espaces verts des villes, villages ou campings ? &nbsp; Pourquoi remobiliser le v\u00e9g\u00e9tal plut\u00f4t [&hellip;]<\/p>\n","protected":false},"author":10,"featured_media":9122,"comment_status":"closed","ping_status":"open","sticky":false,"template":"","format":"standard","meta":{"footnotes":""},"categories":[3,11],"tags":[9],"class_list":["post-9374","post","type-post","status-publish","format-standard","has-post-thumbnail","hentry","category-agenda-fredon","category-agenda-jevi","tag-agenda-jevi"],"_links":{"self":[{"href":"https:\/\/www.fredonoccitanie.com\/jevi\/wp-json\/wp\/v2\/posts\/9374","targetHints":{"allow":["GET"]}}],"collection":[{"href":"https:\/\/www.fredonoccitanie.com\/jevi\/wp-json\/wp\/v2\/posts"}],"about":[{"href":"https:\/\/www.fredonoccitanie.com\/jevi\/wp-json\/wp\/v2\/types\/post"}],"author":[{"embeddable":true,"href":"https:\/\/www.fredonoccitanie.com\/jevi\/wp-json\/wp\/v2\/users\/10"}],"replies":[{"embeddable":true,"href":"https:\/\/www.fredonoccitanie.com\/jevi\/wp-json\/wp\/v2\/comments?post=9374"}],"version-history":[{"count":5,"href":"https:\/\/www.fredonoccitanie.com\/jevi\/wp-json\/wp\/v2\/posts\/9374\/revisions"}],"predecessor-version":[{"id":9514,"href":"https:\/\/www.fredonoccitanie.com\/jevi\/wp-json\/wp\/v2\/posts\/9374\/revisions\/9514"}],"wp:featuredmedia":[{"embeddable":true,"href":"https:\/\/www.fredonoccitanie.com\/jevi\/wp-json\/wp\/v2\/media\/9122"}],"wp:attachment":[{"href":"https:\/\/www.fredonoccitanie.com\/jevi\/wp-json\/wp\/v2\/media?parent=9374"}],"wp:term":[{"taxonomy":"category","embeddable":true,"href":"https:\/\/www.fredonoccitanie.com\/jevi\/wp-json\/wp\/v2\/categories?post=9374"},{"taxonomy":"post_tag","embeddable":true,"href":"https:\/\/www.fredonoccitanie.com\/jevi\/wp-json\/wp\/v2\/tags?post=9374"}],"curies":[{"name":"wp","href":"https:\/\/api.w.org\/{rel}","templated":true}]}}