{"id":9364,"date":"2022-04-29T22:10:42","date_gmt":"2022-04-29T20:10:42","guid":{"rendered":"https:\/\/www.fredonoccitanie.com\/jevi\/?p=9364"},"modified":"2022-05-02T10:18:02","modified_gmt":"2022-05-02T08:18:02","slug":"la-lettre-jevi-2022-2","status":"publish","type":"post","link":"https:\/\/www.fredonoccitanie.com\/jevi\/2022\/04\/29\/la-lettre-jevi-2022-2\/","title":{"rendered":"La Lettre JEVI 2022 #2"},"content":{"rendered":"\r\n<h2 class=\"wp-block-heading\">En avril, d\u00e9couvrez le fil des derni\u00e8res actualit\u00e9s\u00a0pour pr\u00e9parer l\u2019\u00e9t\u00e9<\/h2>\r\n<p>&nbsp;<\/p>\r\n\r\n\r\n\r\n<p>Ce printemps, anticipons les \u00e9volutions r\u00e8glementaires pr\u00e9vues \u00e0 l\u2019\u00e9t\u00e9 et pr\u00e9parons un automne de transition vers le \u00ab Z\u00e9ro Phyto \u00bb, et au-del\u00e0.<\/p>\r\n<p>Ce printemps, r\u00e9fl\u00e9chissons aussi au potentiel offert par le v\u00e9g\u00e9tal pour limiter les intrants !<\/p>\r\n<p>Comment\u00a0?<\/p>\r\n<p>En s&rsquo;informant \u00e0 travers notre cycle de webinaires \u00ab Autour du Z\u00e9ro Phyto \u00bb !<\/p>\r\n<p>En questionnant les ressources qu&rsquo;offrent les \u00ab d\u00e9chets \u00bb verts avec des fiches techniques et pratiques \u00e0 mobiliser sans limite.<\/p>\r\n<p>En contribuant aux enqu\u00eates nationales en cours\u2026<\/p>\r\n<p>En mobilisant bien d\u2019autres ressources \u00e0 votre disposition sur notre site internet.<\/p>\r\n<p>Bonne lecture \u00e0 toutes et tous !<\/p>\r\n<p>&nbsp;<\/p>\r\n\r\n\r\n\r\n<p style=\"text-align: center\"><a href=\"https:\/\/mailchi.mp\/3bbe439dfeb2\/lettre-jevi-2-avril-2022\" target=\"_blank\" rel=\"noopener\"><em><strong>Voir la Lettre JEVI 2022 #2<\/strong><\/em><\/a><\/p>\r\n<p style=\"text-align: center\"><strong><em><a href=\"https:\/\/www.fredonoccitanie.com\/jevi\/ressources\/newsletters\/\">S&rsquo;inscrire \u00e0 la lettre du r\u00e9seau JEVI<\/a><\/em><\/strong><\/p>\r\n<p>&nbsp;<\/p>\r\n<p>Cr\u00e9dit image : une rue toulousaine printani\u00e8re (C) FREDON Occitanie<\/p>\r\n","protected":false},"excerpt":{"rendered":"<p>En avril, d\u00e9couvrez le fil des derni\u00e8res actualit\u00e9s\u00a0pour pr\u00e9parer l\u2019\u00e9t\u00e9 &nbsp; Ce printemps, anticipons les \u00e9volutions r\u00e8glementaires pr\u00e9vues \u00e0 l\u2019\u00e9t\u00e9 et pr\u00e9parons un automne de transition vers le \u00ab Z\u00e9ro Phyto \u00bb, et au-del\u00e0. Ce printemps, r\u00e9fl\u00e9chissons aussi au potentiel offert par le v\u00e9g\u00e9tal pour limiter les intrants ! Comment\u00a0? En s&rsquo;informant \u00e0 travers notre [&hellip;]<\/p>\n","protected":false},"author":10,"featured_media":9366,"comment_status":"closed","ping_status":"closed","sticky":false,"template":"","format":"standard","meta":{"footnotes":""},"categories":[8,2,13],"tags":[10],"class_list":["post-9364","post","type-post","status-publish","format-standard","has-post-thumbnail","hentry","category-jevi","category-actualites-fredon","category-lettres-jevi","tag-newsletters-jevi"],"_links":{"self":[{"href":"https:\/\/www.fredonoccitanie.com\/jevi\/wp-json\/wp\/v2\/posts\/9364","targetHints":{"allow":["GET"]}}],"collection":[{"href":"https:\/\/www.fredonoccitanie.com\/jevi\/wp-json\/wp\/v2\/posts"}],"about":[{"href":"https:\/\/www.fredonoccitanie.com\/jevi\/wp-json\/wp\/v2\/types\/post"}],"author":[{"embeddable":true,"href":"https:\/\/www.fredonoccitanie.com\/jevi\/wp-json\/wp\/v2\/users\/10"}],"replies":[{"embeddable":true,"href":"https:\/\/www.fredonoccitanie.com\/jevi\/wp-json\/wp\/v2\/comments?post=9364"}],"version-history":[{"count":5,"href":"https:\/\/www.fredonoccitanie.com\/jevi\/wp-json\/wp\/v2\/posts\/9364\/revisions"}],"predecessor-version":[{"id":9508,"href":"https:\/\/www.fredonoccitanie.com\/jevi\/wp-json\/wp\/v2\/posts\/9364\/revisions\/9508"}],"wp:featuredmedia":[{"embeddable":true,"href":"https:\/\/www.fredonoccitanie.com\/jevi\/wp-json\/wp\/v2\/media\/9366"}],"wp:attachment":[{"href":"https:\/\/www.fredonoccitanie.com\/jevi\/wp-json\/wp\/v2\/media?parent=9364"}],"wp:term":[{"taxonomy":"category","embeddable":true,"href":"https:\/\/www.fredonoccitanie.com\/jevi\/wp-json\/wp\/v2\/categories?post=9364"},{"taxonomy":"post_tag","embeddable":true,"href":"https:\/\/www.fredonoccitanie.com\/jevi\/wp-json\/wp\/v2\/tags?post=9364"}],"curies":[{"name":"wp","href":"https:\/\/api.w.org\/{rel}","templated":true}]}}