{"id":9032,"date":"2022-08-03T16:48:58","date_gmt":"2022-08-03T14:48:58","guid":{"rendered":"https:\/\/www.fredonoccitanie.com\/jevi\/?p=9032"},"modified":"2022-08-18T08:41:21","modified_gmt":"2022-08-18T06:41:21","slug":"vta","status":"publish","type":"post","link":"https:\/\/www.fredonoccitanie.com\/jevi\/2022\/08\/03\/vta\/","title":{"rendered":"[Aides] Volontariat territorial en administration (VTA), une aide \u00e0 l\u2019ing\u00e9nierie \u00e0 mobiliser par les collectivit\u00e9s rurales"},"content":{"rendered":"<h3 style=\"text-align: center\"><strong>VTA, une piste pour accompagner vos projets en faveur de la r\u00e9duction des pesticides et de la gestion durable de votre territoire rural ?<\/strong><\/h3>\n<p>&nbsp;<\/p>\n<p>Le manque de moyens humains et d&rsquo;ing\u00e9nierie est souvent un frein mis en avant par les collectivit\u00e9s rurales pour d\u00e9velopper leurs projets autour du \u00ab z\u00e9ro phyto \u00bb et au-del\u00e0, autour de leurs projets environnementaux.<\/p>\n<p><strong>Nous vous relayons donc le dispositif VTA qui permet aux collectivit\u00e9s de mobiliser une aide \u00e0 l\u2019ing\u00e9nierie en milieu rural en recrutant un jeune dipl\u00f4m\u00e9.<\/strong><\/p>\n<p>&nbsp;<\/p>\n<p>Cr\u00e9\u00e9 en 2021, ce dispositif pilot\u00e9 par l&rsquo;ANCT (Agence nationale pour la coh\u00e9sion des territoires), s\u2019adresse aux<strong> collectivit\u00e9s territoriales rurales<\/strong> (EPCI, communes, PETR\u2026) qui peuvent ainsi b\u00e9n\u00e9ficier des comp\u00e9tences de <strong>jeunes dipl\u00f4m\u00e9s<\/strong> salari\u00e9s le temps d\u2019une mission de<strong> 12 \u00e0 18 mois maximum<\/strong>, <strong>au service de l\u2019ing\u00e9nierie de leurs projets.<\/strong><\/p>\n<p>Une collectivit\u00e9 volontaire peut proposer une offre de poste pour un VTA et solliciter <strong>une subvention forfaitaire de l\u2019Etat de 15 000 \u20ac<\/strong>.<\/p>\n<p>Ce dispositif donne aussi l&rsquo;occasion \u00e0 un jeune dipl\u00f4m\u00e9 de renforcer ses comp\u00e9tences en ing\u00e9nierie de projet !<\/p>\n<p>L\u2019enveloppe d\u00e9di\u00e9e est ouverte pour le recrutement de <strong>800 postes avant fin 2022<\/strong>.<\/p>\n<p>A noter : le dispositif VTA concerne les communes et EPCI ruraux, en se basant sur la nouvelle d\u00e9finition de l&rsquo;INSEE qui repose sur les grilles de densit\u00e9.<\/p>\n<p>&nbsp;<\/p>\n<p style=\"text-align: center\"><strong>&gt;&gt; <a href=\"https:\/\/cloud.ressources-fredonoccitanie.com\/index.php\/s\/658ceydQGXrTTb2?path=%2F8.Ingenierie_projet#pdfviewer\">Renseignez-vous d\u00e8s maintenant sur le dispositif VTA pour recruter un jeune dipl\u00f4m\u00e9 avant fin 2022<\/a><\/strong><\/p>\n<p style=\"text-align: center\"><strong>&gt;&gt; <a href=\"https:\/\/vta.anct.gouv.fr\/\">Contactez l\u2019ANCT (Agence nationale pour la coh\u00e9sion des territoires) pour en savoir plus : vta@anct.gouv.fr<\/a><\/strong><\/p>\n<p>&nbsp;<\/p>\n<p><img loading=\"lazy\" decoding=\"async\" class=\"alignnone wp-image-9078 aligncenter\" src=\"https:\/\/www.fredonoccitanie.com\/jevi\/wp-content\/uploads\/sites\/2\/2022\/02\/ANCT_Logo-300x118.png\" alt=\"\" width=\"310\" height=\"119\" \/><\/p>\n<p>&nbsp;<\/p>\n<p><img loading=\"lazy\" decoding=\"async\" class=\"alignnone wp-image-9083 aligncenter\" src=\"https:\/\/www.fredonoccitanie.com\/jevi\/wp-content\/uploads\/sites\/2\/2022\/02\/TamponAgendaRural-300x300.png\" alt=\"\" width=\"109\" height=\"83\" \/><\/p>\n<p>Sources : <a href=\"https:\/\/vta.anct.gouv.fr\/\">ANCT<\/a><\/p>\n<p>&nbsp;<\/p>\n<p>&nbsp;<\/p>\n<p>&nbsp;<\/p>\n","protected":false},"excerpt":{"rendered":"<p>VTA, une piste pour accompagner vos projets en faveur de la r\u00e9duction des pesticides et de la gestion durable de votre territoire rural ? &nbsp; Le manque de moyens humains et d&rsquo;ing\u00e9nierie est souvent un frein mis en avant par les collectivit\u00e9s rurales pour d\u00e9velopper leurs projets autour du \u00ab z\u00e9ro phyto \u00bb et au-del\u00e0, [&hellip;]<\/p>\n","protected":false},"author":10,"featured_media":24,"comment_status":"closed","ping_status":"closed","sticky":false,"template":"","format":"standard","meta":{"footnotes":""},"categories":[8,2],"tags":[],"class_list":["post-9032","post","type-post","status-publish","format-standard","has-post-thumbnail","hentry","category-jevi","category-actualites-fredon"],"_links":{"self":[{"href":"https:\/\/www.fredonoccitanie.com\/jevi\/wp-json\/wp\/v2\/posts\/9032","targetHints":{"allow":["GET"]}}],"collection":[{"href":"https:\/\/www.fredonoccitanie.com\/jevi\/wp-json\/wp\/v2\/posts"}],"about":[{"href":"https:\/\/www.fredonoccitanie.com\/jevi\/wp-json\/wp\/v2\/types\/post"}],"author":[{"embeddable":true,"href":"https:\/\/www.fredonoccitanie.com\/jevi\/wp-json\/wp\/v2\/users\/10"}],"replies":[{"embeddable":true,"href":"https:\/\/www.fredonoccitanie.com\/jevi\/wp-json\/wp\/v2\/comments?post=9032"}],"version-history":[{"count":5,"href":"https:\/\/www.fredonoccitanie.com\/jevi\/wp-json\/wp\/v2\/posts\/9032\/revisions"}],"predecessor-version":[{"id":9963,"href":"https:\/\/www.fredonoccitanie.com\/jevi\/wp-json\/wp\/v2\/posts\/9032\/revisions\/9963"}],"wp:featuredmedia":[{"embeddable":true,"href":"https:\/\/www.fredonoccitanie.com\/jevi\/wp-json\/wp\/v2\/media\/24"}],"wp:attachment":[{"href":"https:\/\/www.fredonoccitanie.com\/jevi\/wp-json\/wp\/v2\/media?parent=9032"}],"wp:term":[{"taxonomy":"category","embeddable":true,"href":"https:\/\/www.fredonoccitanie.com\/jevi\/wp-json\/wp\/v2\/categories?post=9032"},{"taxonomy":"post_tag","embeddable":true,"href":"https:\/\/www.fredonoccitanie.com\/jevi\/wp-json\/wp\/v2\/tags?post=9032"}],"curies":[{"name":"wp","href":"https:\/\/api.w.org\/{rel}","templated":true}]}}