{"id":8637,"date":"2022-01-13T15:43:35","date_gmt":"2022-01-13T14:43:35","guid":{"rendered":"https:\/\/www.fredonoccitanie.com\/jevi\/?p=8637"},"modified":"2022-01-28T10:30:50","modified_gmt":"2022-01-28T09:30:50","slug":"chartes-regionales-2-0","status":"publish","type":"post","link":"https:\/\/www.fredonoccitanie.com\/jevi\/2022\/01\/13\/chartes-regionales-2-0\/","title":{"rendered":"Chartes r\u00e9gionales \u00ab Z\u00e9ro Phyto \u00bb 2.0 : sortons des sentiers battus, ouvrons de nouvelles perspectives"},"content":{"rendered":"<h3 style=\"text-align: center;\"><\/h3>\n<h3 style=\"text-align: center;\"><strong>\u00ab Z\u00e9ro Phyto\u00a0\u00bb et au-del\u00e0\u2026<\/strong><\/h3>\n<h3 style=\"text-align: center;\"><\/h3>\n<p>&nbsp;<\/p>\n<p>En 2022 les chartes r\u00e9gionales \u00ab Z\u00e9ro Phyto \u00bb se r\u00e9inventent pour sortir des sentiers battus depuis 7 ans en Occitanie et accompagner les gestionnaires au plus pr\u00e8s des enjeux actuels.<\/p>\n<p>Pourquoi ? Comment ? A quelle \u00e9ch\u00e9ance ?<\/p>\n<p>Tour d\u2019horizon de ces perspectives qui s&rsquo;ouvrent&#8230;<\/p>\n<p>&nbsp;<\/p>\n<h4><span data-contrast=\"auto\"><strong>Une \u00e9volution de la r\u00e8glementation en 2022, de nouvelles perspectives pour les chartes r\u00e9gionales \u00ab Z\u00e9ro Phyto \u00bb<\/strong><\/span><\/h4>\n<p>&nbsp;<\/p>\n<p>Les chartes r\u00e9gionales accompagnent les gestionnaires soucieux de mettre en place une gestion \u00e9cologique de leurs espaces et volontaires pour s\u2019engager durablement au-del\u00e0 de la r\u00e8glementation en vigueur.<\/p>\n<p>En 2022 la r\u00e8glementation \u00e9voluera notoirement avec l\u2019extension de la loi Labb\u00e9 qui concernera nombre d\u2019espaces \u00e0 partir du 1er juillet prochain (<a href=\"https:\/\/www.fredonoccitanie.com\/jevi\/2021\/03\/16\/reglementation-modification-de-la-loi-labbe\/\">pour en savoir plus sur les \u00e9volutions r\u00e8glementaires<\/a>).<\/p>\n<p>Il est donc temps pour les chartes r\u00e9gionales d\u2019\u00e9voluer elles aussi, <strong>au-del\u00e0 de la r\u00e8glementation<\/strong> !<\/p>\n<p><img loading=\"lazy\" decoding=\"async\" class=\"size-medium wp-image-8685 aligncenter\" src=\"https:\/\/www.fredonoccitanie.com\/jevi\/wp-content\/uploads\/sites\/2\/2022\/01\/Rudelle_46_fredon_FR-scaled-e1642426195877-300x254.jpg\" alt=\"\" width=\"300\" height=\"254\" srcset=\"https:\/\/www.fredonoccitanie.com\/jevi\/wp-content\/uploads\/sites\/2\/2022\/01\/Rudelle_46_fredon_FR-scaled-e1642426195877-300x254.jpg 300w, https:\/\/www.fredonoccitanie.com\/jevi\/wp-content\/uploads\/sites\/2\/2022\/01\/Rudelle_46_fredon_FR-scaled-e1642426195877-1030x871.jpg 1030w, https:\/\/www.fredonoccitanie.com\/jevi\/wp-content\/uploads\/sites\/2\/2022\/01\/Rudelle_46_fredon_FR-scaled-e1642426195877-768x650.jpg 768w, https:\/\/www.fredonoccitanie.com\/jevi\/wp-content\/uploads\/sites\/2\/2022\/01\/Rudelle_46_fredon_FR-scaled-e1642426195877-1536x1300.jpg 1536w, https:\/\/www.fredonoccitanie.com\/jevi\/wp-content\/uploads\/sites\/2\/2022\/01\/Rudelle_46_fredon_FR-scaled-e1642426195877-1500x1269.jpg 1500w, https:\/\/www.fredonoccitanie.com\/jevi\/wp-content\/uploads\/sites\/2\/2022\/01\/Rudelle_46_fredon_FR-scaled-e1642426195877-705x596.jpg 705w, https:\/\/www.fredonoccitanie.com\/jevi\/wp-content\/uploads\/sites\/2\/2022\/01\/Rudelle_46_fredon_FR-scaled-e1642426195877.jpg 1702w\" sizes=\"auto, (max-width: 300px) 100vw, 300px\" \/><\/p>\n<p>&nbsp;<\/p>\n<p>&nbsp;<\/p>\n<h4><strong>Vers le \u00ab Z\u00e9ro Phyto \u00bb et au-del\u00e0&#8230;<\/strong><\/h4>\n<p>&nbsp;<\/p>\n<p>G\u00e9rer un espace sans usage de pesticides requiert <strong>une approche globale qui croise nombre d\u2019aspects techniques<\/strong>.<\/p>\n<p>Une gestion \u00e9conome de la ressource en eau, une valorisation efficiente des d\u00e9chets verts, une protection de la biodiversit\u00e9, des plantations et am\u00e9nagements adapt\u00e9s au contexte territorial, entre insertion paysag\u00e8re et adaptation au changement climatique, des modes de gestion pr\u00e9venant la sant\u00e9 du v\u00e9g\u00e9tal et la sant\u00e9 humaine, sont autant d\u2019aspects \u00e0 prendre en compte pour limiter l\u2019usage d\u2019intrants.<\/p>\n<p><img loading=\"lazy\" decoding=\"async\" class=\"alignnone wp-image-8641\" src=\"https:\/\/www.fredonoccitanie.com\/jevi\/wp-content\/uploads\/sites\/2\/2022\/01\/Picto-FREDON-JAUNEPlan-de-travail-64@5x.png\" alt=\"\" width=\"47\" height=\"47\" srcset=\"https:\/\/www.fredonoccitanie.com\/jevi\/wp-content\/uploads\/sites\/2\/2022\/01\/Picto-FREDON-JAUNEPlan-de-travail-64@5x.png 120w, https:\/\/www.fredonoccitanie.com\/jevi\/wp-content\/uploads\/sites\/2\/2022\/01\/Picto-FREDON-JAUNEPlan-de-travail-64@5x-80x80.png 80w, https:\/\/www.fredonoccitanie.com\/jevi\/wp-content\/uploads\/sites\/2\/2022\/01\/Picto-FREDON-JAUNEPlan-de-travail-64@5x-36x36.png 36w\" sizes=\"auto, (max-width: 47px) 100vw, 47px\" \/><img loading=\"lazy\" decoding=\"async\" class=\"alignnone wp-image-8655\" src=\"https:\/\/www.fredonoccitanie.com\/jevi\/wp-content\/uploads\/sites\/2\/2022\/01\/Picto-FREDON-VERTPlan-de-travail-723@5x.png\" alt=\"\" width=\"53\" height=\"53\" srcset=\"https:\/\/www.fredonoccitanie.com\/jevi\/wp-content\/uploads\/sites\/2\/2022\/01\/Picto-FREDON-VERTPlan-de-travail-723@5x.png 120w, https:\/\/www.fredonoccitanie.com\/jevi\/wp-content\/uploads\/sites\/2\/2022\/01\/Picto-FREDON-VERTPlan-de-travail-723@5x-80x80.png 80w, https:\/\/www.fredonoccitanie.com\/jevi\/wp-content\/uploads\/sites\/2\/2022\/01\/Picto-FREDON-VERTPlan-de-travail-723@5x-36x36.png 36w\" sizes=\"auto, (max-width: 53px) 100vw, 53px\" \/><img loading=\"lazy\" decoding=\"async\" class=\"alignnone wp-image-8642\" src=\"https:\/\/www.fredonoccitanie.com\/jevi\/wp-content\/uploads\/sites\/2\/2022\/01\/Picto-FREDON-JAUNEPlan-de-travail-65@5x.png\" alt=\"\" width=\"47\" height=\"47\" srcset=\"https:\/\/www.fredonoccitanie.com\/jevi\/wp-content\/uploads\/sites\/2\/2022\/01\/Picto-FREDON-JAUNEPlan-de-travail-65@5x.png 120w, https:\/\/www.fredonoccitanie.com\/jevi\/wp-content\/uploads\/sites\/2\/2022\/01\/Picto-FREDON-JAUNEPlan-de-travail-65@5x-80x80.png 80w, https:\/\/www.fredonoccitanie.com\/jevi\/wp-content\/uploads\/sites\/2\/2022\/01\/Picto-FREDON-JAUNEPlan-de-travail-65@5x-36x36.png 36w\" sizes=\"auto, (max-width: 47px) 100vw, 47px\" \/><img loading=\"lazy\" decoding=\"async\" class=\"alignnone wp-image-8653\" src=\"https:\/\/www.fredonoccitanie.com\/jevi\/wp-content\/uploads\/sites\/2\/2022\/01\/Picto-FREDON-VERTPlan-de-travail-721@5x.png\" alt=\"\" width=\"48\" height=\"48\" srcset=\"https:\/\/www.fredonoccitanie.com\/jevi\/wp-content\/uploads\/sites\/2\/2022\/01\/Picto-FREDON-VERTPlan-de-travail-721@5x.png 120w, https:\/\/www.fredonoccitanie.com\/jevi\/wp-content\/uploads\/sites\/2\/2022\/01\/Picto-FREDON-VERTPlan-de-travail-721@5x-80x80.png 80w, https:\/\/www.fredonoccitanie.com\/jevi\/wp-content\/uploads\/sites\/2\/2022\/01\/Picto-FREDON-VERTPlan-de-travail-721@5x-36x36.png 36w\" sizes=\"auto, (max-width: 48px) 100vw, 48px\" \/><img loading=\"lazy\" decoding=\"async\" class=\"alignnone wp-image-8644\" src=\"https:\/\/www.fredonoccitanie.com\/jevi\/wp-content\/uploads\/sites\/2\/2022\/01\/Picto-FREDON-JAUNEPlan-de-travail-338@5x.png\" alt=\"\" width=\"50\" height=\"50\" srcset=\"https:\/\/www.fredonoccitanie.com\/jevi\/wp-content\/uploads\/sites\/2\/2022\/01\/Picto-FREDON-JAUNEPlan-de-travail-338@5x.png 120w, https:\/\/www.fredonoccitanie.com\/jevi\/wp-content\/uploads\/sites\/2\/2022\/01\/Picto-FREDON-JAUNEPlan-de-travail-338@5x-80x80.png 80w, https:\/\/www.fredonoccitanie.com\/jevi\/wp-content\/uploads\/sites\/2\/2022\/01\/Picto-FREDON-JAUNEPlan-de-travail-338@5x-36x36.png 36w\" sizes=\"auto, (max-width: 50px) 100vw, 50px\" \/><img loading=\"lazy\" decoding=\"async\" class=\"alignnone wp-image-8652\" src=\"https:\/\/www.fredonoccitanie.com\/jevi\/wp-content\/uploads\/sites\/2\/2022\/01\/Picto-FREDON-VERTPlan-de-travail-712@5x.png\" alt=\"\" width=\"44\" height=\"43\" srcset=\"https:\/\/www.fredonoccitanie.com\/jevi\/wp-content\/uploads\/sites\/2\/2022\/01\/Picto-FREDON-VERTPlan-de-travail-712@5x.png 120w, https:\/\/www.fredonoccitanie.com\/jevi\/wp-content\/uploads\/sites\/2\/2022\/01\/Picto-FREDON-VERTPlan-de-travail-712@5x-80x80.png 80w, https:\/\/www.fredonoccitanie.com\/jevi\/wp-content\/uploads\/sites\/2\/2022\/01\/Picto-FREDON-VERTPlan-de-travail-712@5x-36x36.png 36w\" sizes=\"auto, (max-width: 44px) 100vw, 44px\" \/><img loading=\"lazy\" decoding=\"async\" class=\"alignnone wp-image-8647\" src=\"https:\/\/www.fredonoccitanie.com\/jevi\/wp-content\/uploads\/sites\/2\/2022\/01\/Picto-FREDON-JAUNEPlan-de-travail-349@5x.png\" alt=\"\" width=\"44\" height=\"44\" srcset=\"https:\/\/www.fredonoccitanie.com\/jevi\/wp-content\/uploads\/sites\/2\/2022\/01\/Picto-FREDON-JAUNEPlan-de-travail-349@5x.png 120w, https:\/\/www.fredonoccitanie.com\/jevi\/wp-content\/uploads\/sites\/2\/2022\/01\/Picto-FREDON-JAUNEPlan-de-travail-349@5x-80x80.png 80w, https:\/\/www.fredonoccitanie.com\/jevi\/wp-content\/uploads\/sites\/2\/2022\/01\/Picto-FREDON-JAUNEPlan-de-travail-349@5x-36x36.png 36w\" sizes=\"auto, (max-width: 44px) 100vw, 44px\" \/><img loading=\"lazy\" decoding=\"async\" class=\"alignnone wp-image-8650\" src=\"https:\/\/www.fredonoccitanie.com\/jevi\/wp-content\/uploads\/sites\/2\/2022\/01\/Picto-FREDON-VERTPlan-de-travail-565@5x.png\" alt=\"\" width=\"41\" height=\"41\" srcset=\"https:\/\/www.fredonoccitanie.com\/jevi\/wp-content\/uploads\/sites\/2\/2022\/01\/Picto-FREDON-VERTPlan-de-travail-565@5x.png 120w, https:\/\/www.fredonoccitanie.com\/jevi\/wp-content\/uploads\/sites\/2\/2022\/01\/Picto-FREDON-VERTPlan-de-travail-565@5x-80x80.png 80w, https:\/\/www.fredonoccitanie.com\/jevi\/wp-content\/uploads\/sites\/2\/2022\/01\/Picto-FREDON-VERTPlan-de-travail-565@5x-36x36.png 36w\" sizes=\"auto, (max-width: 41px) 100vw, 41px\" \/><img loading=\"lazy\" decoding=\"async\" class=\"alignnone wp-image-8645\" src=\"https:\/\/www.fredonoccitanie.com\/jevi\/wp-content\/uploads\/sites\/2\/2022\/01\/Picto-FREDON-JAUNEPlan-de-travail-339@5x.png\" alt=\"\" width=\"45\" height=\"45\" srcset=\"https:\/\/www.fredonoccitanie.com\/jevi\/wp-content\/uploads\/sites\/2\/2022\/01\/Picto-FREDON-JAUNEPlan-de-travail-339@5x.png 120w, https:\/\/www.fredonoccitanie.com\/jevi\/wp-content\/uploads\/sites\/2\/2022\/01\/Picto-FREDON-JAUNEPlan-de-travail-339@5x-80x80.png 80w, https:\/\/www.fredonoccitanie.com\/jevi\/wp-content\/uploads\/sites\/2\/2022\/01\/Picto-FREDON-JAUNEPlan-de-travail-339@5x-36x36.png 36w\" sizes=\"auto, (max-width: 45px) 100vw, 45px\" \/><img loading=\"lazy\" decoding=\"async\" class=\"alignnone wp-image-8648\" src=\"https:\/\/www.fredonoccitanie.com\/jevi\/wp-content\/uploads\/sites\/2\/2022\/01\/Picto-FREDON-VERTPlan-de-travail-487@5x.png\" alt=\"\" width=\"41\" height=\"41\" srcset=\"https:\/\/www.fredonoccitanie.com\/jevi\/wp-content\/uploads\/sites\/2\/2022\/01\/Picto-FREDON-VERTPlan-de-travail-487@5x.png 120w, https:\/\/www.fredonoccitanie.com\/jevi\/wp-content\/uploads\/sites\/2\/2022\/01\/Picto-FREDON-VERTPlan-de-travail-487@5x-80x80.png 80w, https:\/\/www.fredonoccitanie.com\/jevi\/wp-content\/uploads\/sites\/2\/2022\/01\/Picto-FREDON-VERTPlan-de-travail-487@5x-36x36.png 36w\" sizes=\"auto, (max-width: 41px) 100vw, 41px\" \/><img loading=\"lazy\" decoding=\"async\" class=\"alignnone wp-image-8646\" src=\"https:\/\/www.fredonoccitanie.com\/jevi\/wp-content\/uploads\/sites\/2\/2022\/01\/Picto-FREDON-JAUNEPlan-de-travail-340@5x.png\" alt=\"\" width=\"45\" height=\"45\" srcset=\"https:\/\/www.fredonoccitanie.com\/jevi\/wp-content\/uploads\/sites\/2\/2022\/01\/Picto-FREDON-JAUNEPlan-de-travail-340@5x.png 120w, https:\/\/www.fredonoccitanie.com\/jevi\/wp-content\/uploads\/sites\/2\/2022\/01\/Picto-FREDON-JAUNEPlan-de-travail-340@5x-80x80.png 80w, https:\/\/www.fredonoccitanie.com\/jevi\/wp-content\/uploads\/sites\/2\/2022\/01\/Picto-FREDON-JAUNEPlan-de-travail-340@5x-36x36.png 36w\" sizes=\"auto, (max-width: 45px) 100vw, 45px\" \/><img loading=\"lazy\" decoding=\"async\" class=\"alignnone wp-image-8654\" src=\"https:\/\/www.fredonoccitanie.com\/jevi\/wp-content\/uploads\/sites\/2\/2022\/01\/Picto-FREDON-VERTPlan-de-travail-722@5x.png\" alt=\"\" width=\"44\" height=\"44\" srcset=\"https:\/\/www.fredonoccitanie.com\/jevi\/wp-content\/uploads\/sites\/2\/2022\/01\/Picto-FREDON-VERTPlan-de-travail-722@5x.png 120w, https:\/\/www.fredonoccitanie.com\/jevi\/wp-content\/uploads\/sites\/2\/2022\/01\/Picto-FREDON-VERTPlan-de-travail-722@5x-80x80.png 80w, https:\/\/www.fredonoccitanie.com\/jevi\/wp-content\/uploads\/sites\/2\/2022\/01\/Picto-FREDON-VERTPlan-de-travail-722@5x-36x36.png 36w\" sizes=\"auto, (max-width: 44px) 100vw, 44px\" \/><img loading=\"lazy\" decoding=\"async\" class=\"alignnone wp-image-8643\" src=\"https:\/\/www.fredonoccitanie.com\/jevi\/wp-content\/uploads\/sites\/2\/2022\/01\/Picto-FREDON-JAUNEPlan-de-travail-336@5x.png\" alt=\"\" width=\"42\" height=\"42\" srcset=\"https:\/\/www.fredonoccitanie.com\/jevi\/wp-content\/uploads\/sites\/2\/2022\/01\/Picto-FREDON-JAUNEPlan-de-travail-336@5x.png 120w, https:\/\/www.fredonoccitanie.com\/jevi\/wp-content\/uploads\/sites\/2\/2022\/01\/Picto-FREDON-JAUNEPlan-de-travail-336@5x-80x80.png 80w, https:\/\/www.fredonoccitanie.com\/jevi\/wp-content\/uploads\/sites\/2\/2022\/01\/Picto-FREDON-JAUNEPlan-de-travail-336@5x-36x36.png 36w\" sizes=\"auto, (max-width: 42px) 100vw, 42px\" \/><img loading=\"lazy\" decoding=\"async\" class=\"alignnone wp-image-8662\" src=\"https:\/\/www.fredonoccitanie.com\/jevi\/wp-content\/uploads\/sites\/2\/2022\/01\/Picto-FREDON-VERTPlan-de-travail-344@5x.png\" alt=\"\" width=\"44\" height=\"45\" srcset=\"https:\/\/www.fredonoccitanie.com\/jevi\/wp-content\/uploads\/sites\/2\/2022\/01\/Picto-FREDON-VERTPlan-de-travail-344@5x.png 120w, https:\/\/www.fredonoccitanie.com\/jevi\/wp-content\/uploads\/sites\/2\/2022\/01\/Picto-FREDON-VERTPlan-de-travail-344@5x-80x80.png 80w, https:\/\/www.fredonoccitanie.com\/jevi\/wp-content\/uploads\/sites\/2\/2022\/01\/Picto-FREDON-VERTPlan-de-travail-344@5x-36x36.png 36w\" sizes=\"auto, (max-width: 44px) 100vw, 44px\" \/><\/p>\n<p>Cela tend aussi \u00e0 <strong>s\u2019accorder avec de grands enjeux auxquels les territoires doivent aujourd\u2019hui faire face<\/strong> : limiter l\u2019imperm\u00e9abilisation des sols, r\u00e9duire la production de d\u00e9chets, r\u00e9sorber les \u00eelots de chaleur, r\u00e9pondre aux attentes soci\u00e9tales de nature en ville ou encore favoriser l&rsquo;attractivit\u00e9 des territoires.<\/p>\n<p>Nous souhaitons aujourd\u2019hui, avec nos partenaires, accompagner les gestionnaires face \u00e0 ces questions,<strong> au service de la sant\u00e9 des hommes, du v\u00e9g\u00e9tal, des territoires et de l\u2019environnement !<\/strong><\/p>\n<p>Rendez-vous d\u00e8s le 17 mars \u00e0 Onet-le-Ch\u00e2teau (12) lors des <a href=\"https:\/\/www.fredonoccitanie.com\/jevi\/2021\/12\/08\/17-mars-2022-ateliers-regionaux-du-zero-phyto-a-onet-le-chateau-12\/\">ateliers r\u00e9gionaux du \u00ab\u00a0Z\u00e9ro Phyto<\/a> \u00bb pour aborder ces th\u00e9matiques\u00a0!<\/p>\n<p>&nbsp;<\/p>\n<h4><strong>\u00ab\u00a0Chartes r\u00e9gionales 2.0\u00a0\u00bb : 2022, une ann\u00e9e transitoire&#8230; pour accompagner la transition<\/strong><\/h4>\n<p>&nbsp;<\/p>\n<p><strong>2022 sera une ann\u00e9e transitoire pour \u00e9tudier ces perspectives nouvelles<\/strong>, les exp\u00e9rimenter en lien avec les gestionnaires adh\u00e9rents aux chartes, <strong>et aboutir \u00e0 une nouvelle mouture de \u00ab chartes r\u00e9gionales 2.0 \u00bb pour accompagner la transition.<\/strong><\/p>\n<p>D\u2019ici l\u00e0, rien ne change pour les adh\u00e9rents d\u00e9j\u00e0 engag\u00e9s, au nombre de 520 !<\/p>\n<p style=\"text-align: center;\">&gt;&gt; <a href=\"https:\/\/www.fredonoccitanie.com\/carte_interactive\/phyto.html\">voir la carte interactive des gestionnaires adh\u00e9rents<\/a><\/p>\n<p>Ils seront rejoints d\u00e8s la <a href=\"https:\/\/www.fredonoccitanie.com\/jevi\/2021\/12\/08\/17-mars-2022-ateliers-regionaux-du-zero-phyto-a-onet-le-chateau-12\/\">remise de prix<\/a> qui se tiendra\u00a0 le 17 mars prochain \u00e0 Onet-le-Ch\u00e2teau (12) par les laur\u00e9ats 2021 engag\u00e9s sur la base des cahiers des charges en cours.<\/p>\n<p>Les gestionnaires adh\u00e9rents et les partenaires de ce r\u00e9seau occitan seront tenus inform\u00e9s durant cette ann\u00e9e qui s&rsquo;amorce.<\/p>\n<p>A suivre !<\/p>\n<p>&nbsp;<\/p>\n<p><img loading=\"lazy\" decoding=\"async\" class=\"size-medium wp-image-8639 aligncenter\" src=\"https:\/\/www.fredonoccitanie.com\/jevi\/wp-content\/uploads\/sites\/2\/2022\/01\/charte2.0_-300x215.png\" alt=\"\" width=\"300\" height=\"215\" \/><\/p>\n<p>&nbsp;<\/p>\n<p>Cr\u00e9dits images\u00a0: \u00a9 FREDON<\/p>\n<p>&nbsp;<\/p>\n<p>&nbsp;<\/p>\n<p>&nbsp;<\/p>\n","protected":false},"excerpt":{"rendered":"<p>\u00ab Z\u00e9ro Phyto\u00a0\u00bb et au-del\u00e0\u2026 &nbsp; En 2022 les chartes r\u00e9gionales \u00ab Z\u00e9ro Phyto \u00bb se r\u00e9inventent pour sortir des sentiers battus depuis 7 ans en Occitanie et accompagner les gestionnaires au plus pr\u00e8s des enjeux actuels. Pourquoi ? Comment ? A quelle \u00e9ch\u00e9ance ? Tour d\u2019horizon de ces perspectives qui s&rsquo;ouvrent&#8230; &nbsp; Une \u00e9volution [&hellip;]<\/p>\n","protected":false},"author":10,"featured_media":8639,"comment_status":"closed","ping_status":"closed","sticky":false,"template":"","format":"standard","meta":{"footnotes":""},"categories":[8,2],"tags":[],"class_list":["post-8637","post","type-post","status-publish","format-standard","has-post-thumbnail","hentry","category-jevi","category-actualites-fredon"],"_links":{"self":[{"href":"https:\/\/www.fredonoccitanie.com\/jevi\/wp-json\/wp\/v2\/posts\/8637","targetHints":{"allow":["GET"]}}],"collection":[{"href":"https:\/\/www.fredonoccitanie.com\/jevi\/wp-json\/wp\/v2\/posts"}],"about":[{"href":"https:\/\/www.fredonoccitanie.com\/jevi\/wp-json\/wp\/v2\/types\/post"}],"author":[{"embeddable":true,"href":"https:\/\/www.fredonoccitanie.com\/jevi\/wp-json\/wp\/v2\/users\/10"}],"replies":[{"embeddable":true,"href":"https:\/\/www.fredonoccitanie.com\/jevi\/wp-json\/wp\/v2\/comments?post=8637"}],"version-history":[{"count":5,"href":"https:\/\/www.fredonoccitanie.com\/jevi\/wp-json\/wp\/v2\/posts\/8637\/revisions"}],"predecessor-version":[{"id":9009,"href":"https:\/\/www.fredonoccitanie.com\/jevi\/wp-json\/wp\/v2\/posts\/8637\/revisions\/9009"}],"wp:featuredmedia":[{"embeddable":true,"href":"https:\/\/www.fredonoccitanie.com\/jevi\/wp-json\/wp\/v2\/media\/8639"}],"wp:attachment":[{"href":"https:\/\/www.fredonoccitanie.com\/jevi\/wp-json\/wp\/v2\/media?parent=8637"}],"wp:term":[{"taxonomy":"category","embeddable":true,"href":"https:\/\/www.fredonoccitanie.com\/jevi\/wp-json\/wp\/v2\/categories?post=8637"},{"taxonomy":"post_tag","embeddable":true,"href":"https:\/\/www.fredonoccitanie.com\/jevi\/wp-json\/wp\/v2\/tags?post=8637"}],"curies":[{"name":"wp","href":"https:\/\/api.w.org\/{rel}","templated":true}]}}