{"id":8623,"date":"2022-01-10T15:44:12","date_gmt":"2022-01-10T14:44:12","guid":{"rendered":"https:\/\/www.fredonoccitanie.com\/jevi\/?p=8623"},"modified":"2022-01-28T10:31:26","modified_gmt":"2022-01-28T09:31:26","slug":"2022-nouvel-an-nouvel-elan","status":"publish","type":"post","link":"https:\/\/www.fredonoccitanie.com\/jevi\/2022\/01\/10\/2022-nouvel-an-nouvel-elan\/","title":{"rendered":"2022 : nouvel an, nouvel \u00e9lan !"},"content":{"rendered":"<h3 style=\"text-align: center;\"><\/h3>\n<h3 style=\"text-align: center;\"><span data-contrast=\"auto\"><strong>Bonne ann\u00e9e, Bona annada, Bon any nou, <\/strong><\/span><\/h3>\n<h3 style=\"text-align: center;\"><span data-contrast=\"auto\"><strong>FREDON Occitanie vous adresse ses meilleurs v\u0153ux pour 2022<\/strong>\u202f<\/span><\/h3>\n<h3 style=\"text-align: center;\"><\/h3>\n<p>&nbsp;<\/p>\n<h4><span data-contrast=\"auto\">Nos meilleurs v\u0153ux pour 2022<\/span><\/h4>\n<p>&nbsp;<\/p>\n<p><strong>Nous vous souhaitons une ann\u00e9e fleurissante, une ann\u00e9e pour faire germer vos plus beaux projets\u00a0!<\/strong><\/p>\n<p>&nbsp;<\/p>\n<p><em>Ensemble, en 2022, semons de l\u2019enthousiasme,<\/em><\/p>\n<p><em>Repiquons de belles id\u00e9es<\/em><\/p>\n<p><em>Faisons \u00e9clore des d\u00e9marches participatives fructueuses<\/em><\/p>\n<p><em>Laissons pousser des brins de nature\u00a0<\/em><\/p>\n<p><em>Regardons fleurir de l\u2019\u00e9nergie partag\u00e9e<\/em><\/p>\n<p><em>Pour r\u00e9colter le fruit de notre investissement<\/em><\/p>\n<p><em>Et contempler des paysages d\u2019initiatives vers le \u00ab\u00a0Z\u00e9ro Phyto\u00a0\u00bb et au-del\u00e0\u00a0!<\/em><\/p>\n<p>&nbsp;<\/p>\n<h5 style=\"text-align: center;\"><strong>Bonne ann\u00e9e et meilleurs voeux<\/strong><\/h5>\n<h5 style=\"text-align: center;\"><strong>Bona annada, plan granada e acompanhada<\/strong><\/h5>\n<h5 style=\"text-align: center;\"><strong>Bon any nou i millors desitjos<\/strong><\/h5>\n<p>&nbsp;<\/p>\n<p><img loading=\"lazy\" decoding=\"async\" class=\"alignnone wp-image-8634 aligncenter\" src=\"https:\/\/www.fredonoccitanie.com\/jevi\/wp-content\/uploads\/sites\/2\/2022\/01\/voeux_jevi2022_2-300x119.png\" alt=\"\" width=\"361\" height=\"143\" \/><\/p>\n<p>&nbsp;<\/p>\n<h4><strong>Un nouvel an, un nouvel \u00e9lan vers de nouveaux horizons<\/strong><\/h4>\n<p>&nbsp;<\/p>\n<p><strong>Mettons \u00e0 profit les graines sem\u00e9es en 2021, pour impulser un nouvel \u00e9lan dans nos missions :<\/strong><\/p>\n<ul>\n<li><em>de nouveaux locaux pour FREDON Occitanie \u00e0 l\u2019Est, \u00e0 Vailhauqu\u00e8s, comme \u00e0 l\u2019Ouest, \u00e0 Montrab\u00e9 (<a href=\"https:\/\/www.fredonoccitanie.com\/jevi\/2021\/11\/26\/ca-demenage-a-la-fredon-occitanie\/\">en savoir plus<\/a>)<\/em><\/li>\n<li><em>un nouveau site internet pour mieux vous accompagner au quotidien (<a href=\"https:\/\/www.fredonoccitanie.com\/jevi\/2021\/11\/26\/le-site-internet-de-fredon-occitanie-fait-peau-neuve\/\">en savoir plus<\/a>)<\/em><\/li>\n<li><em>une nouvelle date pour les ateliers r\u00e9gionaux du \u00ab Z\u00e9ro Phyto \u00bb <a href=\"https:\/\/www.fredonoccitanie.com\/jevi\/2021\/12\/08\/17-mars-2022-ateliers-regionaux-du-zero-phyto-a-onet-le-chateau-12\/\">inscrivez-vous d\u00e8s maintenant<\/a> !<\/em><\/li>\n<li><em>et de nouvelles perspectives pour les chartes r\u00e9gionales en cours d\u2019\u00e9volution (<a href=\"https:\/\/www.fredonoccitanie.com\/jevi\/2022\/01\/13\/chartes-regionales-2-0\/\">en savoir plus<\/a>)<\/em><\/li>\n<\/ul>\n<p>&nbsp;<\/p>\n<p>Nous vous inviterons tout au long de l\u2019ann\u00e9e \u00e0 travailler ensemble dans ce cadre renouvel\u00e9 pour explorer de nouveaux horizons autour du \u00ab Z\u00e9ro Phyto \u00bb,&#8230; et au-del\u00e0.<\/p>\n<p>Nous restons \u00e0 votre \u00e9coute pour vous accompagner dans vos projets (<span data-contrast=\"auto\"><a href=\"https:\/\/www.fredonoccitanie.com\/nous-contacter\/\">contactez-nous ici<\/a><\/span>).<\/p>\n<p>&nbsp;<\/p>\n<p>Cr\u00e9dits images :\u00a0\u00a9 FREDON Occitanie<\/p>\n<p>&nbsp;<\/p>\n<p>&nbsp;<\/p>\n<p>&nbsp;<\/p>\n","protected":false},"excerpt":{"rendered":"<p>Bonne ann\u00e9e, Bona annada, Bon any nou, FREDON Occitanie vous adresse ses meilleurs v\u0153ux pour 2022\u202f &nbsp; Nos meilleurs v\u0153ux pour 2022 &nbsp; Nous vous souhaitons une ann\u00e9e fleurissante, une ann\u00e9e pour faire germer vos plus beaux projets\u00a0! &nbsp; Ensemble, en 2022, semons de l\u2019enthousiasme, Repiquons de belles id\u00e9es Faisons \u00e9clore des d\u00e9marches participatives fructueuses [&hellip;]<\/p>\n","protected":false},"author":10,"featured_media":0,"comment_status":"closed","ping_status":"closed","sticky":false,"template":"","format":"standard","meta":{"footnotes":""},"categories":[12,8],"tags":[],"class_list":["post-8623","post","type-post","status-publish","format-standard","hentry","category-a-la-une","category-jevi"],"_links":{"self":[{"href":"https:\/\/www.fredonoccitanie.com\/jevi\/wp-json\/wp\/v2\/posts\/8623","targetHints":{"allow":["GET"]}}],"collection":[{"href":"https:\/\/www.fredonoccitanie.com\/jevi\/wp-json\/wp\/v2\/posts"}],"about":[{"href":"https:\/\/www.fredonoccitanie.com\/jevi\/wp-json\/wp\/v2\/types\/post"}],"author":[{"embeddable":true,"href":"https:\/\/www.fredonoccitanie.com\/jevi\/wp-json\/wp\/v2\/users\/10"}],"replies":[{"embeddable":true,"href":"https:\/\/www.fredonoccitanie.com\/jevi\/wp-json\/wp\/v2\/comments?post=8623"}],"version-history":[{"count":5,"href":"https:\/\/www.fredonoccitanie.com\/jevi\/wp-json\/wp\/v2\/posts\/8623\/revisions"}],"predecessor-version":[{"id":8966,"href":"https:\/\/www.fredonoccitanie.com\/jevi\/wp-json\/wp\/v2\/posts\/8623\/revisions\/8966"}],"wp:attachment":[{"href":"https:\/\/www.fredonoccitanie.com\/jevi\/wp-json\/wp\/v2\/media?parent=8623"}],"wp:term":[{"taxonomy":"category","embeddable":true,"href":"https:\/\/www.fredonoccitanie.com\/jevi\/wp-json\/wp\/v2\/categories?post=8623"},{"taxonomy":"post_tag","embeddable":true,"href":"https:\/\/www.fredonoccitanie.com\/jevi\/wp-json\/wp\/v2\/tags?post=8623"}],"curies":[{"name":"wp","href":"https:\/\/api.w.org\/{rel}","templated":true}]}}