{"id":8517,"date":"2021-11-26T14:42:34","date_gmt":"2021-11-26T13:42:34","guid":{"rendered":"https:\/\/www.fredonoccitanie.com\/jevi\/?p=8517"},"modified":"2022-01-28T09:28:24","modified_gmt":"2022-01-28T08:28:24","slug":"le-site-internet-de-fredon-occitanie-fait-peau-neuve","status":"publish","type":"post","link":"https:\/\/www.fredonoccitanie.com\/jevi\/2021\/11\/26\/le-site-internet-de-fredon-occitanie-fait-peau-neuve\/","title":{"rendered":"Le site internet du R\u00e9seau JEVI fait peau neuve !"},"content":{"rendered":"<h3 style=\"text-align: center\"><span data-contrast=\"auto\">Un nouveau site mais une adresse qui ne change pas\u202f<\/span><\/h3>\n<h3 style=\"text-align: center\"><a href=\"https:\/\/www.fredonoccitanie.com\/jevi\/\"><span data-contrast=\"none\">https:\/\/www.fredonoccitanie.com\/jevi\/<\/span><\/a><\/h3>\n<p>&nbsp;<\/p>\n<p>La refonte du site internet du R\u00e9seau JEVI s&rsquo;int\u00e8gre dans un projet global de refonte des site\/sous-sites de FREDON Occitanie.<\/p>\n<p><span data-contrast=\"auto\">Ce projet a permis de mettre \u00e0 jour les outils de communication utilis\u00e9s afin de s&rsquo;accorder avec le r\u00e9seau national FREDON mais aussi <\/span><span data-contrast=\"auto\">de les rendre plus ergonomiques et de faciliter la transversalit\u00e9 entre les diverses th\u00e9matiques abord\u00e9es par FREDON Occitanie, au service de l&rsquo;environnement.<\/span><\/p>\n<p>C&rsquo;est donc l&rsquo;occasion de vous pr\u00e9senter ces outils au service de la sant\u00e9 des v\u00e9g\u00e9taux et de la protection de l&rsquo;environnement.<\/p>\n<p>Pr\u00eats&#8230; Surfez !<\/p>\n<p>&nbsp;<\/p>\n<h3><span data-ccp-props=\"{&quot;201341983&quot;:0,&quot;335559739&quot;:0,&quot;335559740&quot;:240}\">R<\/span><span data-contrast=\"auto\">etrouverez un site complet,\u00a0 riche de 5 sous-sites correspondant aux missions de FREDON Occitanie, selon les th\u00e9matiques abord\u00e9es&#8230;<\/span><\/h3>\n<p><a href=\"https:\/\/www.fredonoccitanie.com\/\"><img loading=\"lazy\" decoding=\"async\" class=\"alignnone wp-image-7785\" src=\"https:\/\/www.fredonoccitanie.com\/wp-content\/uploads\/2021\/11\/Fredon_oc_illust-261x300.jpg\" alt=\"\" width=\"98\" height=\"112\" \/><\/a><img loading=\"lazy\" decoding=\"async\" class=\"alignnone wp-image-46\" src=\"https:\/\/www.fredonoccitanie.com\/captages\/wp-content\/uploads\/sites\/3\/2021\/05\/bt_site_surveillance.png\" alt=\"\" width=\"132\" height=\"132\" \/> <a href=\"https:\/\/www.fredonoccitanie.com\/jevi\/\"><img loading=\"lazy\" decoding=\"async\" class=\"alignnone wp-image-45\" src=\"https:\/\/www.fredonoccitanie.com\/captages\/wp-content\/uploads\/sites\/3\/2021\/05\/bt_site_jevi.png\" alt=\"\" width=\"131\" height=\"131\" \/><\/a> <a href=\"https:\/\/www.fredonoccitanie.com\/captages\/\"><img loading=\"lazy\" decoding=\"async\" class=\"alignnone wp-image-44\" src=\"https:\/\/www.fredonoccitanie.com\/captages\/wp-content\/uploads\/sites\/3\/2021\/05\/bt_site_captages.png\" alt=\"\" width=\"133\" height=\"133\" \/><\/a> <img loading=\"lazy\" decoding=\"async\" class=\"alignnone wp-image-43\" src=\"https:\/\/www.fredonoccitanie.com\/captages\/wp-content\/uploads\/sites\/3\/2021\/05\/bt_site_ambroisies.png\" alt=\"\" width=\"134\" height=\"134\" \/><\/p>\n<p><a href=\"https:\/\/www.fredonoccitanie.com\/\"><span data-contrast=\"auto\"> Site FREDON Occitanie<\/span><\/a> : Site principal, au service de la sant\u00e9 des v\u00e9g\u00e9taux et de la protection de l&rsquo;environnement<\/p>\n<p><a href=\"https:\/\/www.fredonoccitanie.com\/surveillance\/\"><span data-contrast=\"auto\">Site Surveillance<\/span> sanitaire<\/a> : Informations sur les maladies et les ravageurs des v\u00e9g\u00e9taux, les esp\u00e8ces invasives, la surveillance des organismes nuisibles r\u00e9glement\u00e9s ou \u00e9mergents<\/p>\n<p><a href=\"https:\/\/www.fredonoccitanie.com\/jevi\/\"><span data-contrast=\"auto\">Site du R\u00e9seau JEVI<\/span><\/a> : R\u00e9seau des gestionnaires de Jardins, Espaces Verts et Infrastructures pour la r\u00e9duction de l\u2019usage des produits phytosanitaires, chartes r\u00e9gionales \u00ab Z\u00e9ro Phyto \u00bb<\/p>\n<p><a href=\"https:\/\/www.fredonoccitanie.com\/captages\/\"><span data-contrast=\"auto\">Site <em>Captages d&rsquo;<\/em>Eau<em>ccitanie<\/em><\/span><\/a> : R\u00e9seau pour la reconqu\u00eate de la qualit\u00e9 de l\u2019eau et la protection des captages d\u2019alimentation en eau potable<\/p>\n<p><a href=\"https:\/\/www.fredonoccitanie.com\/ambroisies\/\"><span data-contrast=\"auto\">Site Ambroisies<\/span><\/a> : R\u00e9seau de lutte contre les Ambroisie<\/p>\n<p>&nbsp;<\/p>\n<h3>Restez inform\u00e9s \u00e0 travers les lettres d&rsquo;information et les r\u00e9seaux sociaux<\/h3>\n<p>Abonnez-vous pour recevoir les <span data-contrast=\"auto\">4 lettres d&rsquo;informations \u00e9dit\u00e9es pour partager l&rsquo;actualit\u00e9 des th\u00e9matiques qui animent nos missions <\/span>:<\/p>\n<ul>\n<li><em>La Lettre <a href=\"https:\/\/www.fredonoccitanie.com\/jevi\/ressources\/newsletters\/\">JEVI <\/a><a href=\"https:\/\/www.fredonoccitanie.com\/jevi\/\"><img loading=\"lazy\" decoding=\"async\" class=\"alignnone wp-image-45\" src=\"https:\/\/www.fredonoccitanie.com\/captages\/wp-content\/uploads\/sites\/3\/2021\/05\/bt_site_jevi.png\" alt=\"\" width=\"38\" height=\"38\" \/><\/a> <\/em><\/li>\n<li><em>La Lettre\u00a0<a href=\"https:\/\/www.fredonoccitanie.com\/ambroisies\/ressources-ambroisie\/\"> AMBROISIES <img loading=\"lazy\" decoding=\"async\" class=\"alignnone wp-image-43\" src=\"https:\/\/www.fredonoccitanie.com\/captages\/wp-content\/uploads\/sites\/3\/2021\/05\/bt_site_ambroisies.png\" alt=\"\" width=\"33\" height=\"31\" \/><\/a><\/em><\/li>\n<li><em>La Lettre <a href=\"https:\/\/www.fredonoccitanie.com\/captages\/ressources\/newsletters\/\">CAPTAGES D&rsquo;<\/a><a href=\"https:\/\/www.fredonoccitanie.com\/captages\/ressources\/newsletters\/\">EAU<\/a><a href=\"https:\/\/www.fredonoccitanie.com\/captages\/ressources\/newsletters\/\">CCITANIE <\/a><a href=\"https:\/\/www.fredonoccitanie.com\/captages\/\"><img loading=\"lazy\" decoding=\"async\" class=\"alignnone wp-image-44\" src=\"https:\/\/www.fredonoccitanie.com\/captages\/wp-content\/uploads\/sites\/3\/2021\/05\/bt_site_captages.png\" alt=\"\" width=\"33\" height=\"32\" \/><\/a> <\/em><\/li>\n<li><em>La Lettre\u00a0 <a href=\"https:\/\/www.fredonoccitanie.com\/surveillance\/vie-du-reseau\/newsletter\/\">SURVEILLANCE <img loading=\"lazy\" decoding=\"async\" class=\"alignnone wp-image-46\" src=\"https:\/\/www.fredonoccitanie.com\/captages\/wp-content\/uploads\/sites\/3\/2021\/05\/bt_site_surveillance.png\" alt=\"\" width=\"39\" height=\"39\" \/><\/a><\/em><\/li>\n<\/ul>\n<p><span data-contrast=\"auto\">Suivez aussi les actualit\u00e9s sur <a href=\"https:\/\/twitter.com\/FREDONOc\">Twitter<\/a> ou<a href=\"https:\/\/www.linkedin.com\/in\/fredon-occitanie-440847214\/\"> LinkedIn.<\/a><\/span><\/p>\n<p>&nbsp;<\/p>\n<h3><span data-ccp-props=\"{&quot;201341983&quot;:0,&quot;335559739&quot;:0,&quot;335559740&quot;:240}\">Mettez \u00e0 profit les <\/span><span data-contrast=\"auto\">outils \u00e0 votre disposition sur toutes les th\u00e9matiques<\/span><\/h3>\n<ul>\n<li><span data-contrast=\"auto\"><a href=\"https:\/\/dev.www.fredonoccitanie.com.web09.ovea.com\/jevi\/ressources\/\">R\u00e9seau JEVI \/ Des outils ressources sur le site JEVI<\/a>\u202f<\/span><\/li>\n<li><a href=\"https:\/\/www.fredonoccitanie.com\/jevi\/experiences\/cimetieres\/\">R\u00e9seau JEVI \/ La page technique \u00ab\u00a0cimeti\u00e8re sans pesticide\u00a0\u00bb<\/a><\/li>\n<li><a href=\"https:\/\/www.fredonoccitanie.com\/jevi\/experiences\/stades\/\">R\u00e9seau JEVI \/ La page technique \u00ab\u00a0stade sans pesticide\u00a0\u00bb<\/a><\/li>\n<li><span data-contrast=\"auto\"><a href=\"https:\/\/dev.www.fredonoccitanie.com.web09.ovea.com\/captages\/ressources\/outils-web\/\"><em>Captages d&rsquo;<\/em>Eau<em>ccitanie<\/em> \/ Des outils sur la qualit\u00e9 de l&rsquo;eau \u00e0 l&rsquo;attention des gestionnaires BAC<\/a><\/span><\/li>\n<li data-leveltext=\"-\" data-font=\"Calibri\" data-listid=\"2\" data-aria-posinset=\"0\" data-aria-level=\"1\"><a href=\"https:\/\/www.fredonoccitanie.com\/ambroisies\/ressources-ambroisie\/\">Ambroisies \/ Des outils pour accompagner la lutte contre les ambroisies<\/a><\/li>\n<li><span data-contrast=\"auto\"><a href=\"https:\/\/dev.www.fredonoccitanie.com.web09.ovea.com\/surveillance\/vie-du-reseau\/ressources\/\">Surveillance sanitaire \/ Fiches pathog\u00e8nes par th\u00e9matique<\/a>\u202f<\/span><\/li>\n<\/ul>\n<p>&nbsp;<\/p>\n<h3><span data-contrast=\"auto\">Consultez la nouvelle plaquette de pr\u00e9sentation de la structure <\/span><\/h3>\n<p><span data-contrast=\"auto\">Afin de mieux comprendre l&rsquo;organisation des diverses missions de FREDON Occitanie, consultez la plaquette de pr\u00e9sentation t\u00e9l\u00e9chargeable <a href=\"https:\/\/dev.www.fredonoccitanie.com.web09.ovea.com\/wp-content\/uploads\/2021\/11\/FREDON21-3voletsA4.pdf\">ici<\/a> !<\/span><\/p>\n<p>&nbsp;<\/p>\n<h3>Contactez-nous pour en savoir plus !<\/h3>\n<p><span data-ccp-props=\"{&quot;201341983&quot;:0,&quot;335559739&quot;:0,&quot;335559740&quot;:240}\"> P<\/span><span data-contrast=\"auto\">our toute question, <a href=\"https:\/\/www.fredonoccitanie.com\/nous-contacter\/\">contactez-nous ici.<\/a><\/span><\/p>\n<p>&nbsp;<\/p>\n","protected":false},"excerpt":{"rendered":"<p>Un nouveau site mais une adresse qui ne change pas\u202f https:\/\/www.fredonoccitanie.com\/jevi\/ &nbsp; La refonte du site internet du R\u00e9seau JEVI s&rsquo;int\u00e8gre dans un projet global de refonte des site\/sous-sites de FREDON Occitanie. Ce projet a permis de mettre \u00e0 jour les outils de communication utilis\u00e9s afin de s&rsquo;accorder avec le r\u00e9seau national FREDON mais aussi [&hellip;]<\/p>\n","protected":false},"author":5,"featured_media":62,"comment_status":"closed","ping_status":"closed","sticky":false,"template":"","format":"standard","meta":{"footnotes":""},"categories":[8],"tags":[],"class_list":["post-8517","post","type-post","status-publish","format-standard","has-post-thumbnail","hentry","category-jevi"],"_links":{"self":[{"href":"https:\/\/www.fredonoccitanie.com\/jevi\/wp-json\/wp\/v2\/posts\/8517","targetHints":{"allow":["GET"]}}],"collection":[{"href":"https:\/\/www.fredonoccitanie.com\/jevi\/wp-json\/wp\/v2\/posts"}],"about":[{"href":"https:\/\/www.fredonoccitanie.com\/jevi\/wp-json\/wp\/v2\/types\/post"}],"author":[{"embeddable":true,"href":"https:\/\/www.fredonoccitanie.com\/jevi\/wp-json\/wp\/v2\/users\/5"}],"replies":[{"embeddable":true,"href":"https:\/\/www.fredonoccitanie.com\/jevi\/wp-json\/wp\/v2\/comments?post=8517"}],"version-history":[{"count":5,"href":"https:\/\/www.fredonoccitanie.com\/jevi\/wp-json\/wp\/v2\/posts\/8517\/revisions"}],"predecessor-version":[{"id":8934,"href":"https:\/\/www.fredonoccitanie.com\/jevi\/wp-json\/wp\/v2\/posts\/8517\/revisions\/8934"}],"wp:featuredmedia":[{"embeddable":true,"href":"https:\/\/www.fredonoccitanie.com\/jevi\/wp-json\/wp\/v2\/media\/62"}],"wp:attachment":[{"href":"https:\/\/www.fredonoccitanie.com\/jevi\/wp-json\/wp\/v2\/media?parent=8517"}],"wp:term":[{"taxonomy":"category","embeddable":true,"href":"https:\/\/www.fredonoccitanie.com\/jevi\/wp-json\/wp\/v2\/categories?post=8517"},{"taxonomy":"post_tag","embeddable":true,"href":"https:\/\/www.fredonoccitanie.com\/jevi\/wp-json\/wp\/v2\/tags?post=8517"}],"curies":[{"name":"wp","href":"https:\/\/api.w.org\/{rel}","templated":true}]}}