{"id":8283,"date":"2022-10-20T11:53:39","date_gmt":"2022-10-20T09:53:39","guid":{"rendered":"https:\/\/www.fredonoccitanie.com\/jevi\/?p=7429"},"modified":"2022-10-21T10:17:25","modified_gmt":"2022-10-21T08:17:25","slug":"revoir-les-webinaires-autour-du-zero-phyto-2022","status":"publish","type":"post","link":"https:\/\/www.fredonoccitanie.com\/jevi\/2022\/10\/20\/revoir-les-webinaires-autour-du-zero-phyto-2022\/","title":{"rendered":"Revoir tous les Webinaires \u00ab\u00a0Autour du Z\u00e9ro Phyto\u00a0\u00bb 2022"},"content":{"rendered":"\r\n<h2 style=\"text-align: center\"><a href=\"https:\/\/www.youtube.com\/channel\/UChYcxtGTw5i04GK2ViTSiWA\/null\">Revisionnez les \u00e9changes techniques men\u00e9s en 2022 \u00e0 travers un cycle de webinaires autour du \u00ab\u00a0Z\u00e9ro Phyto!\u00a0\u00bb<\/a><\/h2>\r\n<p>&nbsp;<\/p>\r\n<p style=\"text-align: center\"><strong>Ensemble, nous avons \u00e9chang\u00e9s autour des \u00e9volutions r\u00e8glementaires pr\u00e9vues \u00e0 l&rsquo;\u00e9t\u00e9 pour les gestionnaires de jardins et espaces verts, et avons pr\u00e9par\u00e9 l&rsquo;avenir pour une transition vers le \u00ab\u00a0Z\u00e9ro Phyto\u00a0\u00bb, et au-del\u00e0. <\/strong><\/p>\r\n<p style=\"text-align: center\"><strong>Merci de vos participations et maintenant, place aux rediffusions de ces webinaires. Ils se veulent de vrais outils pour votre gestion quotidienne !<br \/><\/strong><\/p>\r\n<p>&nbsp;<\/p>\r\n<p>Au programme : <strong>des pr\u00e9sentations techniques et des temps d&rsquo;\u00e9changes pour que les gestionnaires puissent poser leurs questions.<\/strong><\/p>\r\n<p>Un format court : <strong>1h \u00e0 1h30<\/strong><\/p>\r\n<p>Rediffusion : <strong>gratuit et en acc\u00e8s libre<\/strong><\/p>\r\n<p><img loading=\"lazy\" decoding=\"async\" class=\"wp-image-9122 aligncenter\" src=\"https:\/\/www.fredonoccitanie.com\/jevi\/wp-content\/uploads\/sites\/2\/2022\/02\/webinaire-300x274.png\" alt=\"\" width=\"200\" height=\"183\" \/><\/p>\r\n<p>&nbsp;<\/p>\r\n\r\n\r\n\r\n<h3 class=\"has-text-color wp-block-heading\" style=\"color: #576b35;text-align: center\">Revoir les webinaires JEVI 2022 ? Rendez-vous aux liens ci-dessous !<\/h3>\r\n<p>&nbsp;<\/p>\r\n\r\n\r\n\r\n<h6 class=\"has-text-color\" style=\"color: #d6970a;text-align: center\">VENDREDI 1er AVRIL 2022<\/h6>\r\n\r\n\r\n\r\n<p><a href=\"https:\/\/www.youtube.com\/watch?v=I6XzAeFcWPs&amp;t=943s\"><strong>Webinaire JEVI 2022 #1\u00a0 &#8211; \u00ab\u00a0De l&rsquo;aide pour trouver des aides : Pr\u00e9sentation des outils Aides-territoires et Volontariat territorial en administration (VTA)\u00a0\u00bb<\/strong><\/a><\/p>\r\n\r\n\r\n\r\n<p>Intervenants :\u00a0<em>Aides-territoires \/\/ Am\u00e9lie Quillet, Charg\u00e9e de d\u00e9ploiement ; <\/em><em>ANCT \/\/ Patricia Andriot, Cheffe de projet ruralit\u00e9s &amp; Marina Maures, Charg\u00e9e de mission Programme Ruralit\u00e9 Montagne<\/em><\/p>\r\n<p>Ce webinaire a \u00e9t\u00e9 propos\u00e9 par FREDON Occitanie \/ par les 3 missions de son P\u00f4le environnement \u00e0 l\u2019attention de leurs r\u00e9seaux professionnels respectifs.<\/p>\r\n<p>Ce webinaire s\u2019adresse aux : gestionnaires publics d\u2019espaces verts (communes, intercommunalit\u00e9s, d\u00e9partements\u2026) <strong>#jevi ; <\/strong>animateurs de d\u00e9marches captages prioritaires, membres des r\u00e9seaux\u00a0<em>Captages d\u2019<\/em>Eau<em>ccitanie<\/em>\u00a0et acteurs de la pr\u00e9servation de la ressource en eau potable\u00a0<strong>#captages<\/strong> ;\u00a0gestionnaires publics souhaitant mobiliser des ressources sur leur territoire au service de leurs projets de lutte contre les ambroisies\u00a0<strong>#ambroisies ; <\/strong>structures qui souhaitent accompagner une dynamique sur leur territoire et accompagner ces gestionnaires dans leur d\u00e9marche (CD, EPCI, PNR, PN, GSF, Syndicats mixtes\u2026) sur l\u2019une de ces 3 th\u00e9matiques.<\/p>\r\n<p>&nbsp;<\/p>\r\n<p style=\"text-align: center\"><a href=\"https:\/\/www.youtube.com\/watch?v=I6XzAeFcWPs&amp;t=943s\">Visionner le webinaire JEVI 2022 #1<\/a><\/p>\r\n<p>&nbsp;<\/p>\r\n\r\n\r\n\r\n<h6 class=\"has-text-color\" style=\"color: #d6970a;text-align: center\">VENDREDI 8 AVRIL 2022<\/h6>\r\n<p class=\"has-text-color\" style=\"color: #d6970a\">\r\n\r\n<\/p>\r\n<p><a href=\"https:\/\/www.youtube.com\/watch?v=Y0ZUXUBmw_Q&amp;t=19s\"><strong>Webinaire JEVI 2022 #2 &#8211; \u00ab\u00a0Ne campez pas sur vos modes de gestion, passez au Z\u00e9ro Phyto : des pistes pour les gestionnaires de campings pour anticiper l&rsquo;\u00e9ch\u00e9ance du 1er juillet\u00a0\u00bb<\/strong><\/a><\/p>\r\n<p>Intervenants : CO-HPA \/\/ <em>Philippe Robert, pr\u00e9sident de la CO-PHA ; <\/em><em>FREDON Occitanie \/\/ Cl\u00e9ment Baudot et Florie Richard &#8211; animateurs mission Ecophyto JEVI ; T\u00e9moignages de Gilles Lani\u00e8ce<b>, <\/b>Gestionnaire du camping La Roucateille, adh\u00e9rent CO-HPA et de Mathieu Maurel, Gestionnaire du camping Beauregard Plage, adh\u00e9rent CO-HPA et Engag\u00e9 Z\u00e9ro Phyto<\/em><\/p>\r\n\r\n\r\n\r\n\r\n\r\n<p>Ce webinaire a \u00e9t\u00e9 propos\u00e9 en partenariat avec la Conf\u00e9d\u00e9ration Occitanie de l\u2019H\u00f4tellerie de Plein Air (CO-HPA).<\/p>\r\n<p>Ce webinaire s\u2019adresse aux : gestionnaires de campings et d&rsquo;infrastructures touristiques en g\u00e9n\u00e9ral <strong>#jevi<\/strong> ; structures qui souhaitent accompagner une dynamique sur leur territoire et accompagner ces gestionnaires dans leur d\u00e9marche (CD, EPCI, PNR, PN, GSF, Syndicats mixtes, associations environnementales, associations touristiques, animateurs <strong>#captages <\/strong>prioritaires\u2026)<\/p>\r\n<p>&nbsp;<\/p>\r\n<p style=\"text-align: center\"><a href=\"https:\/\/www.youtube.com\/watch?v=Y0ZUXUBmw_Q&amp;t=19s\">Visionner le Webinaire JEVI 2022 #2<\/a><\/p>\r\n\r\n\r\n\r\n<p>&nbsp;<\/p>\r\n<h6 class=\"has-text-color\" style=\"color: #d6970a;text-align: center\">VENDREDI 6 MAI 2022<\/h6>\r\n<p class=\"has-text-color\" style=\"color: #d6970a\">\r\n\r\n<\/p>\r\n<p><a href=\"https:\/\/www.youtube.com\/watch?v=UQOi9Ni8iLg&amp;t=5s\"><strong>Webinaire JEVI 2022 #3 &#8211; \u00ab\u00a0<\/strong><strong>Limiter les intrants&#8230; le v\u00e9g\u00e9tal comme alternative ? : les bons r\u00e9flexes pour les gestionnaires JEVI\u00a0\u00bb<\/strong><\/a><\/p>\r\n<p class=\"has-text-color\" style=\"color: #d6970a\">\r\n\r\n\r\n\r\n<\/p>\r\n<p>Intervenants : <em>FREDON Occitanie \/\/ Philippe Tixier-Malicorne, directeur<\/em><\/p>\r\n<p>Ce webinaire s\u2019adresse aux : gestionnaires publics d\u2019espaces verts (communes, intercommunalit\u00e9s, d\u00e9partements\u2026) ; gestionnaires de campings et d&rsquo;infrastructures touristiques en g\u00e9n\u00e9ral\u00a0<strong>#jevi ;<\/strong><strong>\u00a0<\/strong>structures qui souhaitent accompagner une dynamique sur leur territoire et accompagner ces gestionnaires dans leur d\u00e9marche (CD, EPCI, PNR, PN, GSF, Syndicats mixtes, associations environnementales, associations touristiques, animateurs <strong>#captages <\/strong>prioritaires\u2026)<\/p>\r\n<p>&nbsp;<\/p>\r\n<p style=\"text-align: center\"><a href=\"https:\/\/www.youtube.com\/watch?v=UQOi9Ni8iLg&amp;t=5s\">Visionner le Webinaire JEVI 2022 #3<\/a><\/p>\r\n<p>&nbsp;<\/p>\r\n<h6 class=\"has-text-color\" style=\"color: #d6970a;text-align: center\">VENDREDI 9 SEPTEMBRE 2022<\/h6>\r\n<p class=\"has-text-color\" style=\"color: #d6970a\">\r\n\r\n<\/p>\r\n<p><a href=\"https:\/\/www.youtube.com\/watch?v=6VhD_Tr4N_s&amp;t=253s\"><strong>Webinaire JEVI 2022 #4 &#8211; \u00ab\u00a0<\/strong><strong>Z\u00e9ro Phyto dans les cimeti\u00e8res c\u2019est possible : 1h pour enterrer les id\u00e9es re\u00e7ues !\u00a0\u00bb<\/strong><\/a><\/p>\r\n<p>\r\n\r\n\r\n\r\n<\/p>\r\n<p>Intervenants :<em> FREDON Occitanie \/\/ Cl\u00e9ment Baudot et Florie Richard &#8211; animateurs mission Ecophyto JEVI ; CAUE (\u00e0 venir)<\/em><\/p>\r\n<p>Ce webinaire a \u00e9t\u00e9 propos\u00e9 en partenariat avec l&rsquo;URCAUE Occitanie.<\/p>\r\n<p>Ce webinaire s\u2019adresse aux : gestionnaires publics d\u2019espaces verts (communes, intercommunalit\u00e9s, d\u00e9partements\u2026) <strong>#jevi ;<\/strong><strong>\u00a0<\/strong>structures qui souhaitent accompagner une dynamique sur leur territoire et accompagner ces gestionnaires dans leur d\u00e9marche (CD, EPCI, PNR, PN, GSF, Syndicats mixtes, associations environnementales, associations touristiques, animateurs <strong>#captages <\/strong>prioritaires\u2026)<\/p>\r\n<p>&nbsp;<\/p>\r\n<p style=\"text-align: center\"><a href=\"https:\/\/www.youtube.com\/watch?v=6VhD_Tr4N_s&amp;t=253s\">Visionner le Webinaire JEVI 2022 #4<\/a><\/p>\r\n<p>&nbsp;<\/p>\r\n<h6 class=\"has-text-color\" style=\"color: #d6970a;text-align: center\">VENDREDI 9 OCTOBRE 2022<\/h6>\r\n<p class=\"has-text-color\" style=\"color: #d6970a\">\r\n\r\n<\/p>\r\n<p><a href=\"https:\/\/www.youtube.com\/watch?v=qus1KeZu4xQ\"><strong>Webinaire JEVI 2022 #5 &#8211; \u00ab\u00a0<\/strong><strong>plantes allerg\u00e8nes : des cl\u00e9s pour avoir du nez et les \u00e9viter ! Les outils du RNSA &amp; Focus sur les ambroisies en Occitanie \u00ab\u00a0<\/strong><\/a><\/p>\r\n<p>\r\n\r\n\r\n\r\n<\/p>\r\n<p>Intervenants :<em> RNSA \/\/ Samuel Monnier &#8211; Responsable communication, responsable partenariats ;\u00a0<\/em><em>FREDON Occitanie \/\/ Anne-Marie Ducasse-Cournac \u2013 animatrice ambroisies\u00a0<\/em><\/p>\r\n<p>Ce webinaire a \u00e9t\u00e9 propos\u00e9 en partenariat avec le RNSA et FREDON Occitanie \/ mission de Lutte contre les ambroisies<\/p>\r\n<p>Ce webinaire s\u2019adresse aux : gestionnaires publics d\u2019espaces verts (communes, intercommunalit\u00e9s, d\u00e9partements\u2026) <strong>#jevi ;<\/strong><strong>\u00a0<\/strong>structures qui souhaitent accompagner une dynamique sur leur territoire et accompagner ces gestionnaires dans leur d\u00e9marche (CD, EPCI, PNR, PN, GSF, Syndicats mixtes, associations environnementales, associations touristiques, animateurs <strong>#captages <\/strong>prioritaires\u2026)<\/p>\r\n<p>&nbsp;<\/p>\r\n<p style=\"text-align: center\"><a href=\"https:\/\/www.youtube.com\/watch?v=qus1KeZu4xQ\">Visionner le Webinaire JEVI 2022 #5<\/a>\u00a0<\/p>\r\n\r\n\r\n\r\n<p>&nbsp;<\/p>\r\n<p><img loading=\"lazy\" decoding=\"async\" class=\"alignnone  wp-image-32 aligncenter\" src=\"https:\/\/www.fredonoccitanie.com\/jevi\/wp-content\/uploads\/sites\/2\/2021\/06\/picto_jevi-e1643362552534.png\" alt=\"\" width=\"130\" height=\"130\" \/><\/p>\r\n\r\n\r\n\r\n<p>&nbsp;<\/p>\r\n\r\n\r\n\r\n<p>Cr\u00e9dit image : (c) FREDON Occitanie<\/p>\r\n","protected":false},"excerpt":{"rendered":"<p>Revisionnez les \u00e9changes techniques men\u00e9s en 2022 \u00e0 travers un cycle de webinaires autour du \u00ab\u00a0Z\u00e9ro Phyto!\u00a0\u00bb &nbsp; Ensemble, nous avons \u00e9chang\u00e9s autour des \u00e9volutions r\u00e8glementaires pr\u00e9vues \u00e0 l&rsquo;\u00e9t\u00e9 pour les gestionnaires de jardins et espaces verts, et avons pr\u00e9par\u00e9 l&rsquo;avenir pour une transition vers le \u00ab\u00a0Z\u00e9ro Phyto\u00a0\u00bb, et au-del\u00e0. Merci de vos participations et [&hellip;]<\/p>\n","protected":false},"author":1,"featured_media":0,"comment_status":"open","ping_status":"open","sticky":false,"template":"","format":"standard","meta":{"footnotes":""},"categories":[12,8,2],"tags":[7],"class_list":["post-8283","post","type-post","status-publish","format-standard","hentry","category-a-la-une","category-jevi","category-actualites-fredon","tag-actualites-jevi"],"_links":{"self":[{"href":"https:\/\/www.fredonoccitanie.com\/jevi\/wp-json\/wp\/v2\/posts\/8283","targetHints":{"allow":["GET"]}}],"collection":[{"href":"https:\/\/www.fredonoccitanie.com\/jevi\/wp-json\/wp\/v2\/posts"}],"about":[{"href":"https:\/\/www.fredonoccitanie.com\/jevi\/wp-json\/wp\/v2\/types\/post"}],"author":[{"embeddable":true,"href":"https:\/\/www.fredonoccitanie.com\/jevi\/wp-json\/wp\/v2\/users\/1"}],"replies":[{"embeddable":true,"href":"https:\/\/www.fredonoccitanie.com\/jevi\/wp-json\/wp\/v2\/comments?post=8283"}],"version-history":[{"count":5,"href":"https:\/\/www.fredonoccitanie.com\/jevi\/wp-json\/wp\/v2\/posts\/8283\/revisions"}],"predecessor-version":[{"id":10235,"href":"https:\/\/www.fredonoccitanie.com\/jevi\/wp-json\/wp\/v2\/posts\/8283\/revisions\/10235"}],"wp:attachment":[{"href":"https:\/\/www.fredonoccitanie.com\/jevi\/wp-json\/wp\/v2\/media?parent=8283"}],"wp:term":[{"taxonomy":"category","embeddable":true,"href":"https:\/\/www.fredonoccitanie.com\/jevi\/wp-json\/wp\/v2\/categories?post=8283"},{"taxonomy":"post_tag","embeddable":true,"href":"https:\/\/www.fredonoccitanie.com\/jevi\/wp-json\/wp\/v2\/tags?post=8283"}],"curies":[{"name":"wp","href":"https:\/\/api.w.org\/{rel}","templated":true}]}}