{"id":7824,"date":"2021-03-16T10:37:28","date_gmt":"2021-03-16T09:37:28","guid":{"rendered":"https:\/\/www.fredonoccitanie.com\/jevi\/?p=7824"},"modified":"2021-09-30T13:58:49","modified_gmt":"2021-09-30T11:58:49","slug":"vegetalisation-ilots-chaleur","status":"publish","type":"post","link":"https:\/\/www.fredonoccitanie.com\/jevi\/2021\/03\/16\/vegetalisation-ilots-chaleur\/","title":{"rendered":"V\u00e9g\u00e9talisation des centre-villes et \u00eelots de chaleur"},"content":{"rendered":"\n<h2 class=\"wp-block-heading\">Comment le v\u00e9g\u00e9tal r\u00e9pond \u00e0 des enjeux de r\u00e9duction  des produits phytosanitaires mais aussi climatiques ?<\/h2>\n\n\n\n<p>Lors de la remise de prix 2020 des chartes \u00ab\u00a0Objectif Z\u00e9ro Phyto\u00a0\u00bb et \u00ab\u00a0Engag\u00e9 Z\u00e9ro Phyto\u00a0\u00bb, V\u00e9ronique Mure, de l&rsquo;institut Botanique Jardins et Paysages, nous a invit\u00e9 \u00e0 penser la place du v\u00e9g\u00e9tal dans nos c\u0153ur de villes et de villages. Retrouvez ici son intervention en texte et en visio !<\/p>\n\n\n\n<figure class=\"wp-block-embed is-type-wp-embed is-provider-botanique-jardins-paysages wp-block-embed-botanique-jardins-paysages\"><div class=\"wp-block-embed__wrapper\">\n<div class='avia-iframe-wrap'><blockquote class=\"wp-embedded-content\" data-secret=\"Ei3lAMhXKS\"><a href=\"https:\/\/www.botanique-jardins-paysages.com\/repenser-les-conditions-daccueil-des-arbres-dans-la-ville-de-demain\/\">Repenser les conditions d\u2019accueil des arbres dans la ville de demain<\/a><\/blockquote><iframe loading=\"lazy\" class=\"wp-embedded-content\" sandbox=\"allow-scripts\" security=\"restricted\" style=\"position: absolute; clip: rect(1px, 1px, 1px, 1px);\" title=\"\u00ab\u00a0Repenser les conditions d\u2019accueil des arbres dans la ville de demain\u00a0\u00bb &#8212; Botanique Jardins Paysages\" src=\"https:\/\/www.botanique-jardins-paysages.com\/repenser-les-conditions-daccueil-des-arbres-dans-la-ville-de-demain\/embed\/#?secret=Ei3lAMhXKS\" data-secret=\"Ei3lAMhXKS\" width=\"600\" height=\"338\" frameborder=\"0\" marginwidth=\"0\" marginheight=\"0\" scrolling=\"no\"><\/iframe><\/div>\n<\/div><\/figure>\n\n\n\n<figure class=\"wp-block-embed is-type-video is-provider-youtube wp-block-embed-youtube wp-embed-aspect-16-9 wp-has-aspect-ratio\"><div class=\"wp-block-embed__wrapper\">\n<div class='avia-iframe-wrap'><iframe loading=\"lazy\" title=\"7 V\u00e9g\u00e9talisation et ilots de chaleur\" width=\"1500\" height=\"844\" src=\"https:\/\/www.youtube.com\/embed\/cq2Lwn_JHBw?feature=oembed\" frameborder=\"0\" allow=\"accelerometer; autoplay; clipboard-write; encrypted-media; gyroscope; picture-in-picture\" allowfullscreen><\/iframe><\/div>\n<\/div><figcaption>Le t\u00e9moignage en image de V\u00e9ronique MURE &#8211; Botanique Jardins Paysages<br>(17 d\u00e9cembre 2020 &#8211; Remise de prix des chartes Z\u00e9ro Phyto en Occitanie &#8211; FREDON Occitanie)<\/figcaption><\/figure>\n\n\n\n<p><\/p>\n","protected":false},"excerpt":{"rendered":"<p>Comment le v\u00e9g\u00e9tal r\u00e9pond \u00e0 des enjeux de r\u00e9duction des produits phytosanitaires mais aussi climatiques ? Lors de la remise de prix 2020 des chartes \u00ab\u00a0Objectif Z\u00e9ro Phyto\u00a0\u00bb et \u00ab\u00a0Engag\u00e9 Z\u00e9ro Phyto\u00a0\u00bb, V\u00e9ronique Mure, de l&rsquo;institut Botanique Jardins et Paysages, nous a invit\u00e9 \u00e0 penser la place du v\u00e9g\u00e9tal dans nos c\u0153ur de villes et [&hellip;]<\/p>\n","protected":false},"author":1,"featured_media":7831,"comment_status":"closed","ping_status":"open","sticky":false,"template":"","format":"standard","meta":{"footnotes":""},"categories":[8],"tags":[7],"class_list":["post-7824","post","type-post","status-publish","format-standard","has-post-thumbnail","hentry","category-jevi","tag-actualites-jevi"],"_links":{"self":[{"href":"https:\/\/www.fredonoccitanie.com\/jevi\/wp-json\/wp\/v2\/posts\/7824","targetHints":{"allow":["GET"]}}],"collection":[{"href":"https:\/\/www.fredonoccitanie.com\/jevi\/wp-json\/wp\/v2\/posts"}],"about":[{"href":"https:\/\/www.fredonoccitanie.com\/jevi\/wp-json\/wp\/v2\/types\/post"}],"author":[{"embeddable":true,"href":"https:\/\/www.fredonoccitanie.com\/jevi\/wp-json\/wp\/v2\/users\/1"}],"replies":[{"embeddable":true,"href":"https:\/\/www.fredonoccitanie.com\/jevi\/wp-json\/wp\/v2\/comments?post=7824"}],"version-history":[{"count":1,"href":"https:\/\/www.fredonoccitanie.com\/jevi\/wp-json\/wp\/v2\/posts\/7824\/revisions"}],"predecessor-version":[{"id":8421,"href":"https:\/\/www.fredonoccitanie.com\/jevi\/wp-json\/wp\/v2\/posts\/7824\/revisions\/8421"}],"wp:featuredmedia":[{"embeddable":true,"href":"https:\/\/www.fredonoccitanie.com\/jevi\/wp-json\/wp\/v2\/media\/7831"}],"wp:attachment":[{"href":"https:\/\/www.fredonoccitanie.com\/jevi\/wp-json\/wp\/v2\/media?parent=7824"}],"wp:term":[{"taxonomy":"category","embeddable":true,"href":"https:\/\/www.fredonoccitanie.com\/jevi\/wp-json\/wp\/v2\/categories?post=7824"},{"taxonomy":"post_tag","embeddable":true,"href":"https:\/\/www.fredonoccitanie.com\/jevi\/wp-json\/wp\/v2\/tags?post=7824"}],"curies":[{"name":"wp","href":"https:\/\/api.w.org\/{rel}","templated":true}]}}