{"id":7532,"date":"2021-03-08T16:51:37","date_gmt":"2021-03-08T15:51:37","guid":{"rendered":"https:\/\/www.fredonoccitanie.com\/jevi\/?p=7532"},"modified":"2021-09-30T13:59:15","modified_gmt":"2021-09-30T11:59:15","slug":"ofb-aap-mobbiodivrestauration","status":"publish","type":"post","link":"https:\/\/www.fredonoccitanie.com\/jevi\/2021\/03\/08\/ofb-aap-mobbiodivrestauration\/","title":{"rendered":"OFB : appel \u00e0 projets \u00ab MobBiodiv&rsquo;Restauration \u00bb d\u00e9di\u00e9 \u00e0 la restauration des \u00e9cosyst\u00e8mes"},"content":{"rendered":"\n<h2 class=\"has-text-align-center wp-block-heading\">OFB : appel \u00e0 projets \u00ab MobBiodiv&rsquo;Restauration \u00bb d\u00e9di\u00e9 \u00e0 la restauration des \u00e9cosyst\u00e8mes<\/h2>\n\n\n\n<p><strong>L\u2019Office fran\u00e7ais de la biodiversit\u00e9 (OFB) a lanc\u00e9 deux appels \u00e0 projets conjoints pour soutenir les porteurs de projets agissant en faveur de la biodiversit\u00e9 <strong>: ABC 2021 et MobBiodiv&rsquo;Restauration<\/strong>. Ils sont tous deux dot\u00e9s d\u2019un montant de 4M \u20ac, permis gr\u00e2ce au plan France Relance.&nbsp;Ils visent tous deux \u00e0 pr\u00e9server et restaurer la biodiversit\u00e9, et \u00e0 valoriser le patrimoine naturel. <\/strong><a href=\"https:\/\/ofb.gouv.fr\/actualites\/mise-en-oeuvre-du-plan-france-relance-lofb-linitiative-de-deux-appels-projets\" target=\"_blank\" rel=\"noreferrer noopener\">Pour en savoir plus\u2026<\/a>&nbsp;<\/p>\n\n\n\n<p><\/p>\n\n\n\n<h3 class=\"has-text-align-center has-text-color wp-block-heading\" style=\"color:#576b35\">&gt; <strong>Appel \u00e0 projets &nbsp;\u00ab MobBiodiv&rsquo;Restauration&nbsp;\u00bb&nbsp;d\u00e9di\u00e9 \u00e0 la restauration des \u00e9cosyst\u00e8mes<\/strong><\/h3>\n\n\n\n<p>Il s\u2019adresse aux associations&nbsp;agr\u00e9\u00e9es au code de l&rsquo;environnement, collectivit\u00e9s, Conservatoires botaniques nationaux (cf. r\u00e8glement).<\/p>\n\n\n\n<p>L\u2019OFB vise ainsi \u00e0 soutenir des actions concr\u00e8tes en faveur de \u00ab&nbsp;la restauration d\u2019\u00e9cosyst\u00e8mes terrestres et continentaux, de leurs fonctionnalit\u00e9s, et du maintien en bon \u00e9tat de conservation des esp\u00e8ces qui y sont inf\u00e9od\u00e9es&nbsp;\u00bb.<\/p>\n\n\n\n<p>   <\/p>\n\n\n\n<div class=\"wp-block-buttons aligncenter is-layout-flex wp-block-buttons-is-layout-flex\">\n<div class=\"wp-block-button is-style-fill\"><a class=\"wp-block-button__link has-black-color has-cyan-bluish-gray-background-color has-text-color has-background\" href=\"https:\/\/ofb.gouv.fr\/actualites\/lancement-de-lappel-projets-mobbiodivrestauration\" target=\"_blank\" rel=\"noreferrer noopener\">En savoir plus et consulter le r\u00e8glement de l&rsquo;AAP MobBiodiv&rsquo;Restauration<\/a><\/div>\n\n\n\n<div class=\"wp-block-button\"><a class=\"wp-block-button__link has-background\" href=\"https:\/\/www.demarches-simplifiees.fr\/commencer\/appel-a-projets-mobbiodiv-restauration-2021\" style=\"background-color:#d6970a\" target=\"_blank\" rel=\"noreferrer noopener\">Candidater ici avant le 20 avril 2021<\/a><\/div>\n<\/div>\n\n\n\n<p>Source&nbsp;:&nbsp;<a href=\"https:\/\/ofb.gouv.fr\/actualites\/mise-en-oeuvre-du-plan-france-relance-lofb-linitiative-de-deux-appels-projets\" target=\"_blank\" rel=\"noreferrer noopener\">OFB<\/a><\/p>\n","protected":false},"excerpt":{"rendered":"<p>OFB : appel \u00e0 projets \u00ab MobBiodiv&rsquo;Restauration \u00bb d\u00e9di\u00e9 \u00e0 la restauration des \u00e9cosyst\u00e8mes L\u2019Office fran\u00e7ais de la biodiversit\u00e9 (OFB) a lanc\u00e9 deux appels \u00e0 projets conjoints pour soutenir les porteurs de projets agissant en faveur de la biodiversit\u00e9 : ABC 2021 et MobBiodiv&rsquo;Restauration. Ils sont tous deux dot\u00e9s d\u2019un montant de 4M \u20ac, permis [&hellip;]<\/p>\n","protected":false},"author":1,"featured_media":0,"comment_status":"closed","ping_status":"open","sticky":false,"template":"","format":"standard","meta":{"footnotes":""},"categories":[11],"tags":[9],"class_list":["post-7532","post","type-post","status-publish","format-standard","hentry","category-agenda-jevi","tag-agenda-jevi"],"_links":{"self":[{"href":"https:\/\/www.fredonoccitanie.com\/jevi\/wp-json\/wp\/v2\/posts\/7532","targetHints":{"allow":["GET"]}}],"collection":[{"href":"https:\/\/www.fredonoccitanie.com\/jevi\/wp-json\/wp\/v2\/posts"}],"about":[{"href":"https:\/\/www.fredonoccitanie.com\/jevi\/wp-json\/wp\/v2\/types\/post"}],"author":[{"embeddable":true,"href":"https:\/\/www.fredonoccitanie.com\/jevi\/wp-json\/wp\/v2\/users\/1"}],"replies":[{"embeddable":true,"href":"https:\/\/www.fredonoccitanie.com\/jevi\/wp-json\/wp\/v2\/comments?post=7532"}],"version-history":[{"count":1,"href":"https:\/\/www.fredonoccitanie.com\/jevi\/wp-json\/wp\/v2\/posts\/7532\/revisions"}],"predecessor-version":[{"id":8309,"href":"https:\/\/www.fredonoccitanie.com\/jevi\/wp-json\/wp\/v2\/posts\/7532\/revisions\/8309"}],"wp:attachment":[{"href":"https:\/\/www.fredonoccitanie.com\/jevi\/wp-json\/wp\/v2\/media?parent=7532"}],"wp:term":[{"taxonomy":"category","embeddable":true,"href":"https:\/\/www.fredonoccitanie.com\/jevi\/wp-json\/wp\/v2\/categories?post=7532"},{"taxonomy":"post_tag","embeddable":true,"href":"https:\/\/www.fredonoccitanie.com\/jevi\/wp-json\/wp\/v2\/tags?post=7532"}],"curies":[{"name":"wp","href":"https:\/\/api.w.org\/{rel}","templated":true}]}}