{"id":7488,"date":"2021-01-11T14:40:44","date_gmt":"2021-01-11T13:40:44","guid":{"rendered":"https:\/\/www.fredonoccitanie.com\/jevi\/?p=7488"},"modified":"2021-01-11T14:40:44","modified_gmt":"2021-01-11T13:40:44","slug":"remise-de-prix-zero-phyto-2020-les-laureats","status":"publish","type":"post","link":"https:\/\/www.fredonoccitanie.com\/jevi\/2021\/01\/11\/remise-de-prix-zero-phyto-2020-les-laureats\/","title":{"rendered":"Remise de prix Z\u00e9ro Phyto 2020 : les laur\u00e9ats"},"content":{"rendered":"\n<p><strong><u>L\u2019Occitanie poursuite sa dynamique Z\u00e9ro Phyto<\/u><\/strong> <strong><u>193 gestionnaires de la r\u00e9gion ont \u00e9t\u00e9 distingu\u00e9es le<\/u><\/strong> <strong><u>17 d\u00e9cembre 2020&nbsp;!<\/u><\/strong><\/p>\n\n\n\n<p><em>#pesticides #zerophyto #loilabbe #Occitanie &nbsp;#tourismedurable #ilotchaleur<\/em><\/p>\n\n\n\n<p>La loi relative \u00e0 la transition \u00e9nerg\u00e9tique pour la croissance verte interdit depuis le 1er janvier 2017 l\u2019utilisation des produits phytosanitaires par les personnes publiques sur les voiries, les espaces verts, for\u00eats et promenades ouverts au public (dite loi Labb\u00e9).<\/p>\n\n\n\n<div class=\"wp-block-group alignwide\"><div class=\"wp-block-group__inner-container is-layout-flow wp-block-group-is-layout-flow\">\n<div class=\"wp-block-columns is-layout-flex wp-container-core-columns-is-layout-9d6595d7 wp-block-columns-is-layout-flex\">\n<div class=\"wp-block-column is-layout-flow wp-block-column-is-layout-flow\" style=\"flex-basis:100%\">\n<div class=\"wp-block-group\"><div class=\"wp-block-group__inner-container is-layout-flow wp-block-group-is-layout-flow\">\n<div class=\"wp-block-columns is-layout-flex wp-container-core-columns-is-layout-9d6595d7 wp-block-columns-is-layout-flex\">\n<div class=\"wp-block-column is-layout-flow wp-block-column-is-layout-flow\" style=\"flex-basis:100%\">\n<p>De nombreuses communes d\u2019Occitanie sont all\u00e9es plus loin que ces exigences en adoptant des techniques alternatives m\u00e9caniques ou thermiques et d\u2019acceptation de la v\u00e9g\u00e9tation spontan\u00e9e. Dans ce sens, FREDON Occitanie et ses partenaires ont \u00e9labor\u00e9 d\u00e8s 2015 une charte r\u00e9gionale, \u00e9tendue \u00e0 tout l\u2019Occitanie depuis 2019, qui s\u2019inscrit par ailleurs dans les objectifs du plan r\u00e9gional Ecophyto.<\/p>\n<\/div>\n<\/div>\n<\/div><\/div>\n<\/div>\n<\/div>\n<\/div><\/div>\n\n\n\n<p>Elle a pour vocation d\u2019accompagner et de soutenir les collectivit\u00e9s dans une d\u00e9marche progressive d\u2019abandon des pesticides.<\/p>\n\n\n\n<p><strong>Pour cette 6<sup>\u00e8me<\/sup> session de labellisation, 143 communes, 3 communaut\u00e9s de communes et 47 campings et espaces de loisirs ont \u00e9t\u00e9 distingu\u00e9es pour leur engagement dans l\u2019arr\u00eat des pesticides. <u>34 d\u2019entre eux ont atteint pour la premi\u00e8re fois le niveau \u00ab&nbsp;Terre Saine&nbsp;\u00bb leur permettant de demander le label \u00ab&nbsp;Terre Saine Commune sans pesticides&nbsp;\u00bb d\u00e9cern\u00e9 par le minist\u00e8re de de la Transition \u00e9cologique et solidaire<\/u>.<\/strong><\/p>\n\n\n\n<p><strong>Cette ann\u00e9e, la remise de prix a eu lieu \u00ab&nbsp;\u00e0 distance&nbsp;\u00bb, avec Jo\u00ebl Labb\u00e9, s\u00e9nateur du Morbihan, \u00e0 l\u2019origine de la loi d\u2019interdiction des produits phytosanitaires sur une partie des espaces publics.<\/strong><\/p>\n\n\n\n<p><strong>Plus de 120 connexions ont \u00e9t\u00e9 enregistr\u00e9es lors de cette remise de prix qui a \u00e9t\u00e9 accompagn\u00e9e d\u2019\u00e9changes techniques autour de,<\/strong><\/p>\n\n\n\n<ol class=\"wp-block-list\" type=\"1\"><li><strong>La mobilisation citoyenne<\/strong>&nbsp;: comment permettre aux citoyens de renouer avec l\u2019entretien des espaces publics&nbsp;? (Ville de Montpellier)<\/li><li><strong>Z\u00e9ro Phyto et tourisme<\/strong>&nbsp;: quand l\u2019engagement environnemental est vecteur d\u2019attractivit\u00e9 (Comit\u00e9 R\u00e9gional du Tourisme et des Loisirs)<\/li><li><strong>V\u00e9g\u00e9talisation des centres-villes et \u00eelots de chaleurs<\/strong>, (V\u00e9ronique Mure)<\/li><\/ol>\n\n\n\n<p>Au total ce sont donc aujourd\u2019hui 444 communes, 7 intercommunalit\u00e9s, 3 d\u00e9partements et 65 campings de la R\u00e9gion qui se sont engag\u00e9es dans la charte \u00ab&nbsp;Objectif Z\u00e9ro Phyto&nbsp;\u00bb&nbsp;:<\/p>\n\n\n\n<figure class=\"wp-block-image size-large\"><a href=\"https:\/\/youtube.com\/playlist?list=PL_7hBCjsSwmHKxdKyJ_0ztAUmSsTB608f\"><img loading=\"lazy\" decoding=\"async\" width=\"889\" height=\"532\" src=\"https:\/\/www.fredonoccitanie.com\/jevi\/wp-content\/uploads\/sites\/7\/2021\/01\/Capture-decran-2021-01-11-143544.png\" alt=\"\" class=\"wp-image-7489\" srcset=\"https:\/\/www.fredonoccitanie.com\/jevi\/wp-content\/uploads\/sites\/2\/2021\/01\/Capture-decran-2021-01-11-143544.png 889w, https:\/\/www.fredonoccitanie.com\/jevi\/wp-content\/uploads\/sites\/2\/2021\/01\/Capture-decran-2021-01-11-143544-300x180.png 300w, https:\/\/www.fredonoccitanie.com\/jevi\/wp-content\/uploads\/sites\/2\/2021\/01\/Capture-decran-2021-01-11-143544-768x460.png 768w, https:\/\/www.fredonoccitanie.com\/jevi\/wp-content\/uploads\/sites\/2\/2021\/01\/Capture-decran-2021-01-11-143544-705x422.png 705w\" sizes=\"auto, (max-width: 889px) 100vw, 889px\" \/><\/a><\/figure>\n\n\n\n<ul class=\"wp-block-list\"><li><em>L<a href=\"https:\/\/cloud.ressources-fredonoccitanie.com\/index.php\/s\/G3YseYAsX6Ez3az\" target=\"_blank\" rel=\"noreferrer noopener\">iste et carte des communes prim\u00e9es en 2020<\/a><\/em><\/li><li><em><a href=\"https:\/\/www.fredonoccitanie.com\/carte_interactive\/phyto.html\" target=\"_blank\" rel=\"noreferrer noopener\">Carte interactive<\/a><\/em><\/li><li><em><a href=\"https:\/\/youtube.com\/playlist?list=PL_7hBCjsSwmHKxdKyJ_0ztAUmSsTB608f\" target=\"_blank\" rel=\"noreferrer noopener\">Vid\u00e9os du webinaire<\/a>&nbsp;<\/em><\/li><li><em><a href=\"https:\/\/cloud.ressources-fredonoccitanie.com\/index.php\/s\/472FdcieQbCReoi\" target=\"_blank\" rel=\"noreferrer noopener\">Visuel facilitation graphique<\/a>&nbsp;<\/em><\/li><\/ul>\n\n\n\n<p>Un \u00e9v\u00e9nement organis\u00e9 par la FREDON Occitanie. Avec le concours financier et le soutien de de la DRAAF Occitanie, de l\u2019ARS Occitanie et de la R\u00e9gion Occitanie, des Agences de l\u2019eau Rh\u00f4ne M\u00e9diterran\u00e9e Corse et Adour-Garonne et de la pr\u00e9fecture d\u2019Occitanie.<\/p>\n","protected":false},"excerpt":{"rendered":"<p>L\u2019Occitanie poursuite sa dynamique Z\u00e9ro Phyto 193 gestionnaires de la r\u00e9gion ont \u00e9t\u00e9 distingu\u00e9es le 17 d\u00e9cembre 2020&nbsp;! #pesticides #zerophyto #loilabbe #Occitanie &nbsp;#tourismedurable #ilotchaleur La loi relative \u00e0 la transition \u00e9nerg\u00e9tique pour la croissance verte interdit depuis le 1er janvier 2017 l\u2019utilisation des produits phytosanitaires par les personnes publiques sur les voiries, les espaces verts, [&hellip;]<\/p>\n","protected":false},"author":1,"featured_media":7490,"comment_status":"open","ping_status":"open","sticky":false,"template":"","format":"standard","meta":{"footnotes":""},"categories":[8],"tags":[7],"class_list":["post-7488","post","type-post","status-publish","format-standard","has-post-thumbnail","hentry","category-jevi","tag-actualites-jevi"],"_links":{"self":[{"href":"https:\/\/www.fredonoccitanie.com\/jevi\/wp-json\/wp\/v2\/posts\/7488","targetHints":{"allow":["GET"]}}],"collection":[{"href":"https:\/\/www.fredonoccitanie.com\/jevi\/wp-json\/wp\/v2\/posts"}],"about":[{"href":"https:\/\/www.fredonoccitanie.com\/jevi\/wp-json\/wp\/v2\/types\/post"}],"author":[{"embeddable":true,"href":"https:\/\/www.fredonoccitanie.com\/jevi\/wp-json\/wp\/v2\/users\/1"}],"replies":[{"embeddable":true,"href":"https:\/\/www.fredonoccitanie.com\/jevi\/wp-json\/wp\/v2\/comments?post=7488"}],"version-history":[{"count":1,"href":"https:\/\/www.fredonoccitanie.com\/jevi\/wp-json\/wp\/v2\/posts\/7488\/revisions"}],"predecessor-version":[{"id":9676,"href":"https:\/\/www.fredonoccitanie.com\/jevi\/wp-json\/wp\/v2\/posts\/7488\/revisions\/9676"}],"wp:featuredmedia":[{"embeddable":true,"href":"https:\/\/www.fredonoccitanie.com\/jevi\/wp-json\/wp\/v2\/media\/7490"}],"wp:attachment":[{"href":"https:\/\/www.fredonoccitanie.com\/jevi\/wp-json\/wp\/v2\/media?parent=7488"}],"wp:term":[{"taxonomy":"category","embeddable":true,"href":"https:\/\/www.fredonoccitanie.com\/jevi\/wp-json\/wp\/v2\/categories?post=7488"},{"taxonomy":"post_tag","embeddable":true,"href":"https:\/\/www.fredonoccitanie.com\/jevi\/wp-json\/wp\/v2\/tags?post=7488"}],"curies":[{"name":"wp","href":"https:\/\/api.w.org\/{rel}","templated":true}]}}