{"id":7344,"date":"2020-09-25T17:49:45","date_gmt":"2020-09-25T15:49:45","guid":{"rendered":"https:\/\/www.fredonoccitanie.com\/jevi\/?p=7344"},"modified":"2020-09-25T17:49:45","modified_gmt":"2020-09-25T15:49:45","slug":"la-boite-a-outils-des-elus-pour-la-transition-ecologique","status":"publish","type":"post","link":"https:\/\/www.fredonoccitanie.com\/jevi\/2020\/09\/25\/la-boite-a-outils-des-elus-pour-la-transition-ecologique\/","title":{"rendered":"La Bo\u00eete \u00e0 outils des \u00e9lus pour la transition \u00e9cologique"},"content":{"rendered":"\n<p><strong>A l\u2019heure o\u00f9 les nouvelles \u00e9quipes d\u2019\u00e9lus sont en place suite au second tour des \u00e9lections municipales 2020, le Minist\u00e8re de la Transition \u00e9cologique a r\u00e9cemment mis \u00e0 leur disposition une bo\u00eete \u00e0 outils pour les accompagner dans leurs actions en faveur de la transition \u00e9cologique.<\/strong><\/p>\n\n\n\n<p>A l\u2019attention des \u00e9lus des collectivit\u00e9s, elle compile des outils et ressources pour r\u00e9pondre \u00e0 leurs interrogations et agir concr\u00e8tement.<\/p>\n\n\n\n<p>Changement climatique, protection de la biodiversit\u00e9, protection de la sant\u00e9 et de l\u2019environnement des citoyens, ou encore am\u00e9nagement durable du territoire, font partie des nombreux sujets abord\u00e9s.<\/p>\n\n\n\n<p>Plusieurs outils sont ainsi recens\u00e9s sur la question du Z\u00e9ro Phyto et permettent d\u2019appr\u00e9hender la th\u00e9matique.<\/p>\n\n\n\n<p><a href=\"https:\/\/www.ecologique-solidaire.gouv.fr\/boite-outils-elus\">&gt; Retrouvez ici la bo\u00eete \u00e0 outils des \u00e9lus pour la transition \u00e9cologique. <\/a><\/p>\n\n\n\n<p>Cr\u00e9dit photo&nbsp;: (c) FREDON France<\/p>\n\n\n\n<p>Source&nbsp;: <a href=\"https:\/\/www.ecologique-solidaire.gouv.fr\/boite-outils-elus\">Minist\u00e8re de la Transition \u00e9cologique<\/a> <\/p>\n","protected":false},"excerpt":{"rendered":"<p>A l\u2019heure o\u00f9 les nouvelles \u00e9quipes d\u2019\u00e9lus sont en place suite au second tour des \u00e9lections municipales 2020, le Minist\u00e8re de la Transition \u00e9cologique a r\u00e9cemment mis \u00e0 leur disposition une bo\u00eete \u00e0 outils pour les accompagner dans leurs actions en faveur de la transition \u00e9cologique. A l\u2019attention des \u00e9lus des collectivit\u00e9s, elle compile des [&hellip;]<\/p>\n","protected":false},"author":1,"featured_media":7354,"comment_status":"open","ping_status":"open","sticky":false,"template":"","format":"standard","meta":{"footnotes":""},"categories":[8],"tags":[7],"class_list":["post-7344","post","type-post","status-publish","format-standard","has-post-thumbnail","hentry","category-jevi","tag-actualites-jevi"],"_links":{"self":[{"href":"https:\/\/www.fredonoccitanie.com\/jevi\/wp-json\/wp\/v2\/posts\/7344","targetHints":{"allow":["GET"]}}],"collection":[{"href":"https:\/\/www.fredonoccitanie.com\/jevi\/wp-json\/wp\/v2\/posts"}],"about":[{"href":"https:\/\/www.fredonoccitanie.com\/jevi\/wp-json\/wp\/v2\/types\/post"}],"author":[{"embeddable":true,"href":"https:\/\/www.fredonoccitanie.com\/jevi\/wp-json\/wp\/v2\/users\/1"}],"replies":[{"embeddable":true,"href":"https:\/\/www.fredonoccitanie.com\/jevi\/wp-json\/wp\/v2\/comments?post=7344"}],"version-history":[{"count":0,"href":"https:\/\/www.fredonoccitanie.com\/jevi\/wp-json\/wp\/v2\/posts\/7344\/revisions"}],"wp:featuredmedia":[{"embeddable":true,"href":"https:\/\/www.fredonoccitanie.com\/jevi\/wp-json\/wp\/v2\/media\/7354"}],"wp:attachment":[{"href":"https:\/\/www.fredonoccitanie.com\/jevi\/wp-json\/wp\/v2\/media?parent=7344"}],"wp:term":[{"taxonomy":"category","embeddable":true,"href":"https:\/\/www.fredonoccitanie.com\/jevi\/wp-json\/wp\/v2\/categories?post=7344"},{"taxonomy":"post_tag","embeddable":true,"href":"https:\/\/www.fredonoccitanie.com\/jevi\/wp-json\/wp\/v2\/tags?post=7344"}],"curies":[{"name":"wp","href":"https:\/\/api.w.org\/{rel}","templated":true}]}}