{"id":7229,"date":"2020-06-01T01:37:37","date_gmt":"2020-05-31T23:37:37","guid":{"rendered":"https:\/\/www.fredonoccitanie.com\/jevi\/?p=7229"},"modified":"2020-06-01T01:37:37","modified_gmt":"2020-05-31T23:37:37","slug":"chartes-zero-phyto-appel-a-candidatures2020","status":"publish","type":"post","link":"https:\/\/www.fredonoccitanie.com\/jevi\/2020\/06\/01\/chartes-zero-phyto-appel-a-candidatures2020\/","title":{"rendered":"Chartes r\u00e9gionales \u00ab\u00a0Objectif z\u00e9ro phyto\u00a0\u00bb et \u00ab\u00a0Engag\u00e9 z\u00e9ro phyto\u00a0\u00bb"},"content":{"rendered":"\n<h2 class=\"has-text-align-center wp-block-heading\">Chartes r\u00e9gionales<br>\u00ab\u00a0<strong>Objectif z\u00e9ro phyto<\/strong>\u00a0\u00bb et \u00ab\u00a0<strong>Engag\u00e9 z\u00e9ro phyto<\/strong>\u00ab\u00a0<br><br><strong>Appel aux COLLECTIVIT\u00c9S et CAMPINGS !<\/strong><\/h2>\n\n\n\n<p>Ces chartes d&rsquo;engagement volontaires sont port\u00e9es par <a href=\"http:\/\/www.fredonoccitanie.com\/jevi\/\" target=\"_blank\" rel=\"noreferrer noopener\">FREDON Occitanie<\/a>, la Pr\u00e9fecture de r\u00e9gion, la R\u00e9gion Occitanie, l\u2019Agence R\u00e9gionale de Sant\u00e9 et les Agences de l\u2019Eau Rh\u00f4ne M\u00e9diterran\u00e9e Corse et Adour Garonne.<br><br>Rejoignez les <a href=\"https:\/\/www.fredonoccitanie.com\/jevi\/3510-2\/\" target=\"_blank\" rel=\"noreferrer noopener\">397 communes, 4 intercommunalit\u00e9s, 3 d\u00e9partements et 18 campings<\/a> d\u00e9j\u00e0 engag\u00e9s dans la d\u00e9marche !<\/p>\n\n\n\n<div class=\"wp-block-columns is-layout-flex wp-container-core-columns-is-layout-9d6595d7 wp-block-columns-is-layout-flex\">\n<div class=\"wp-block-column is-layout-flow wp-block-column-is-layout-flow\">\n<div class=\"wp-block-image\"><figure class=\"aligncenter size-large is-resized\"><img loading=\"lazy\" decoding=\"async\" src=\"https:\/\/www.fredonoccitanie.com\/jevi\/wp-content\/uploads\/sites\/7\/2014\/10\/rainette_02-1024x953.jpg\" alt=\"\" class=\"wp-image-3566\" width=\"110\" height=\"102\" \/><\/figure><\/div>\n<\/div>\n\n\n\n<div class=\"wp-block-column is-layout-flow wp-block-column-is-layout-flow\">\n<p class=\"has-text-align-center\"><strong>Cl\u00f4ture des inscriptions :<br>1er ao\u00fbt 2020<\/strong><\/p>\n<\/div>\n<\/div>\n\n\n\n<div class=\"wp-block-columns is-layout-flex wp-container-core-columns-is-layout-9d6595d7 wp-block-columns-is-layout-flex\">\n<div class=\"wp-block-column is-layout-flow wp-block-column-is-layout-flow\">\n<figure class=\"wp-block-image size-large\"><img decoding=\"async\" src=\"https:\/\/www.fredonoccitanie.com\/jevi\/wp-content\/uploads\/sites\/7\/2020\/04\/logo_01_sanssignature-1024x469.png\" alt=\"\" class=\"wp-image-6923\" \/><\/figure>\n\n\n\n<p class=\"has-text-align-center\"><strong>Charte Objectif Z\u00e9ro Phyto<\/strong><\/p>\n\n\n\n<p>La charte r\u00e9gionale <a href=\"http:\/\/www.fredonoccitanie.com\/jevi\/la-charte\/\" target=\"_blank\" rel=\"noreferrer noopener\">Objectif Z\u00e9ro Phyto<\/a> est propos\u00e9e \u00e0 TOUTES les collectivit\u00e9s et aux gestionnaires de Jardins, Espaces Verts et Infrastructures de la r\u00e9gion Occitanie qui s\u2019engagent \u00e0 r\u00e9duire leur utilisation de pesticides.<\/p>\n\n\n\n<div class=\"wp-block-buttons aligncenter is-layout-flex wp-block-buttons-is-layout-flex\">\n<div class=\"wp-block-button\"><a class=\"wp-block-button__link\" href=\"http:\/\/ressources.fredonoccitanie.com\/questionnaire\/limesurvey\/index.php\/477685\" target=\"_blank\" rel=\"noreferrer noopener\">Candidater en ligne<\/a><\/div>\n<\/div>\n\n\n\n<p><\/p>\n<\/div>\n\n\n\n<div class=\"wp-block-column is-layout-flow wp-block-column-is-layout-flow\">\n<figure class=\"wp-block-image size-large\"><img loading=\"lazy\" decoding=\"async\" width=\"536\" height=\"243\" src=\"https:\/\/www.fredonoccitanie.com\/jevi\/wp-content\/uploads\/sites\/7\/2018\/04\/engage_0_phyto2.png\" alt=\"\" class=\"wp-image-5870\" srcset=\"https:\/\/www.fredonoccitanie.com\/jevi\/wp-content\/uploads\/sites\/2\/2018\/04\/engage_0_phyto2.png 536w, https:\/\/www.fredonoccitanie.com\/jevi\/wp-content\/uploads\/sites\/2\/2018\/04\/engage_0_phyto2-300x136.png 300w\" sizes=\"auto, (max-width: 536px) 100vw, 536px\" \/><\/figure>\n\n\n\n<p class=\"has-text-align-center\"><strong>Charte Engag\u00e9 Z\u00e9ro Phyto<\/strong><\/p>\n\n\n\n<p>La charte r\u00e9gionale <a rel=\"noreferrer noopener\" href=\"http:\/\/www.fredonoccitanie.com\/jevi\/la-charte\/\" target=\"_blank\">Engag\u00e9 Z\u00e9ro Phyto<\/a> est propos\u00e9e aux gestionnaires d&rsquo;infrastructures touristiques et de loisirs de la r\u00e9gion qui s\u2019engagent \u00e0 r\u00e9duire leur utilisation de pesticides. <em>(prolongation des inscriptions 2020, les dossiers pr\u00e9vus en mars sont de fait int\u00e9gr\u00e9 \u00e0 cette session)<\/em><\/p>\n\n\n\n<div class=\"wp-block-buttons aligncenter is-layout-flex wp-block-buttons-is-layout-flex\">\n<div class=\"wp-block-button\"><a class=\"wp-block-button__link\" href=\"http:\/\/ressources.fredonoccitanie.com\/questionnaire\/limesurvey\/index.php\/888287\" target=\"_blank\" rel=\"noreferrer noopener\">Candidater en ligne<\/a><\/div>\n<\/div>\n\n\n\n<p><\/p>\n<\/div>\n<\/div>\n\n\n\n<h2 class=\"wp-block-heading\">Comment d&rsquo;inscrire dans le dispositif ?<\/h2>\n\n\n\n<ol class=\"wp-block-list\"><li>Consulter le <strong>cahier des charges<\/strong>(disponible <a href=\"https:\/\/cloud.ressources-fredonoccitanie.com\/index.php\/s\/658ceydQGXrTTb2?path=%2F1.Charte%20Objectif%200%20Phyto\" target=\"_blank\" rel=\"noreferrer noopener\">ici<\/a>)<\/li><li>Signer une <strong><a href=\"https:\/\/cloud.ressources-fredonoccitanie.com\/index.php\/s\/658ceydQGXrTTb2?path=%2F1.Charte%20Objectif%200%20Phyto#pdfviewer\" target=\"_blank\" rel=\"noreferrer noopener\">d\u00e9lib\u00e9ration <\/a><\/strong>ou un <strong><a href=\"https:\/\/cloud.ressources-fredonoccitanie.com\/index.php\/s\/658ceydQGXrTTb2?path=%2F1.Charte%20Objectif%200%20Phyto#pdfviewer\" target=\"_blank\" rel=\"noreferrer noopener\">courrier d&rsquo;engagement<\/a><\/strong><\/li><li>Saisir un <strong>dossier de candidature en ligne <\/strong>(cf. boutons ci-dessus)<\/li><li>Accueillir<strong> le jury de la charte<\/strong><em>(dates pr\u00e9vues entre fin ao\u00fbt et octobre 2020)<\/em><\/li><li>Signer un <strong>acte d\u2019engagement<\/strong><\/li><li><strong>Communiquer <\/strong>avec le visuel \u00ab\u00a0Engag\u00e9 Z\u00e9ro Phyto\u00a0\u00bb ou \u00ab\u00a0Objectif Z\u00e9ro Phyto\u00a0\u00bb<\/li><\/ol>\n\n\n\n<p><strong>Ce dispositif est gratuit pour les partenaires souhaitant s\u2019y engager.<\/strong> \u00a0 Pour b\u00e9n\u00e9ficier du dispositif en 2020, les inscriptions sont ouvertes jusqu\u2019au 1er ao\u00fbt 2020.<br>Plus d\u2019informations sur : <a href=\"http:\/\/www.fredonoccitanie.com\/jevi\/\" target=\"_blank\" rel=\"noreferrer noopener\">www.fredonoccitanie.com\/jevi\/<\/a><br>MERCI DE DIFFUSER CETTE INFORMATION<\/p>\n\n\n\n<p><\/p>\n","protected":false},"excerpt":{"rendered":"<p>Chartes r\u00e9gionales\u00ab\u00a0Objectif z\u00e9ro phyto\u00a0\u00bb et \u00ab\u00a0Engag\u00e9 z\u00e9ro phyto\u00ab\u00a0 Appel aux COLLECTIVIT\u00c9S et CAMPINGS ! Ces chartes d&rsquo;engagement volontaires sont port\u00e9es par FREDON Occitanie, la Pr\u00e9fecture de r\u00e9gion, la R\u00e9gion Occitanie, l\u2019Agence R\u00e9gionale de Sant\u00e9 et les Agences de l\u2019Eau Rh\u00f4ne M\u00e9diterran\u00e9e Corse et Adour Garonne. Rejoignez les 397 communes, 4 intercommunalit\u00e9s, 3 d\u00e9partements et 18 [&hellip;]<\/p>\n","protected":false},"author":1,"featured_media":4080,"comment_status":"open","ping_status":"open","sticky":false,"template":"","format":"standard","meta":{"footnotes":""},"categories":[8],"tags":[7],"class_list":["post-7229","post","type-post","status-publish","format-standard","has-post-thumbnail","hentry","category-jevi","tag-actualites-jevi"],"_links":{"self":[{"href":"https:\/\/www.fredonoccitanie.com\/jevi\/wp-json\/wp\/v2\/posts\/7229","targetHints":{"allow":["GET"]}}],"collection":[{"href":"https:\/\/www.fredonoccitanie.com\/jevi\/wp-json\/wp\/v2\/posts"}],"about":[{"href":"https:\/\/www.fredonoccitanie.com\/jevi\/wp-json\/wp\/v2\/types\/post"}],"author":[{"embeddable":true,"href":"https:\/\/www.fredonoccitanie.com\/jevi\/wp-json\/wp\/v2\/users\/1"}],"replies":[{"embeddable":true,"href":"https:\/\/www.fredonoccitanie.com\/jevi\/wp-json\/wp\/v2\/comments?post=7229"}],"version-history":[{"count":0,"href":"https:\/\/www.fredonoccitanie.com\/jevi\/wp-json\/wp\/v2\/posts\/7229\/revisions"}],"wp:featuredmedia":[{"embeddable":true,"href":"https:\/\/www.fredonoccitanie.com\/jevi\/wp-json\/wp\/v2\/media\/4080"}],"wp:attachment":[{"href":"https:\/\/www.fredonoccitanie.com\/jevi\/wp-json\/wp\/v2\/media?parent=7229"}],"wp:term":[{"taxonomy":"category","embeddable":true,"href":"https:\/\/www.fredonoccitanie.com\/jevi\/wp-json\/wp\/v2\/categories?post=7229"},{"taxonomy":"post_tag","embeddable":true,"href":"https:\/\/www.fredonoccitanie.com\/jevi\/wp-json\/wp\/v2\/tags?post=7229"}],"curies":[{"name":"wp","href":"https:\/\/api.w.org\/{rel}","templated":true}]}}