{"id":7222,"date":"2020-05-29T15:39:00","date_gmt":"2020-05-29T13:39:00","guid":{"rendered":"https:\/\/www.fredonoccitanie.com\/jevi\/?p=7222"},"modified":"2020-05-29T15:39:00","modified_gmt":"2020-05-29T13:39:00","slug":"consultation-commission-europeenne-usage-pesticides","status":"publish","type":"post","link":"https:\/\/www.fredonoccitanie.com\/jevi\/2020\/05\/29\/consultation-commission-europeenne-usage-pesticides\/","title":{"rendered":"Commission europ\u00e9enne  : consultation ouverte sur l\u2019usage durable des pesticides"},"content":{"rendered":"\n<h2 class=\"wp-block-heading\">Commission europ\u00e9enne : consultation ouverte sur l\u2019usage durable des pesticides<\/h2>\n\n\n\n<p>La commission europ\u00e9enne consulte actuellement le public sur une feuille de route abordant l\u2019usage durable des pesticides, avec l\u2019objectif de pr\u00e9server la sant\u00e9 humaine et l\u2019environnement face aux impacts et risques possibles des pesticides. Elle porte sur la r\u00e9vision de la Directive de 2009 relative \u00e0 cette question.<\/p>\n\n\n\n<p>La p\u00e9riode de consultation est ouverte du <strong>29 mai au 7 ao\u00fbt 2020<\/strong>. <\/p>\n\n\n\n<p>Durant ces 4 semaines la Commission recueille les avis des citoyens qui seront compil\u00e9s dans un rapport de synth\u00e8se indiquant les modalit\u00e9s de leur prise en compte.<\/p>\n\n\n\n<p style=\"color:#576b35\" class=\"has-text-color\"><a href=\"https:\/\/ec.europa.eu\/info\/law\/better-regulation\/have-your-say\/initiatives\/12413-Sustainable-use-of-pesticides-revision-of-the-EU-rules\" target=\"_blank\" rel=\"noreferrer noopener\">&gt; Acc\u00e9dez ici \u00e0 la consultation en ligne sur le site de la Commission europ\u00e9enne <\/a><\/p>\n","protected":false},"excerpt":{"rendered":"<p>Commission europ\u00e9enne : consultation ouverte sur l\u2019usage durable des pesticides La commission europ\u00e9enne consulte actuellement le public sur une feuille de route abordant l\u2019usage durable des pesticides, avec l\u2019objectif de pr\u00e9server la sant\u00e9 humaine et l\u2019environnement face aux impacts et risques possibles des pesticides. Elle porte sur la r\u00e9vision de la Directive de 2009 relative [&hellip;]<\/p>\n","protected":false},"author":1,"featured_media":0,"comment_status":"open","ping_status":"open","sticky":false,"template":"","format":"standard","meta":{"footnotes":""},"categories":[8],"tags":[9],"class_list":["post-7222","post","type-post","status-publish","format-standard","hentry","category-jevi","tag-agenda-jevi"],"_links":{"self":[{"href":"https:\/\/www.fredonoccitanie.com\/jevi\/wp-json\/wp\/v2\/posts\/7222","targetHints":{"allow":["GET"]}}],"collection":[{"href":"https:\/\/www.fredonoccitanie.com\/jevi\/wp-json\/wp\/v2\/posts"}],"about":[{"href":"https:\/\/www.fredonoccitanie.com\/jevi\/wp-json\/wp\/v2\/types\/post"}],"author":[{"embeddable":true,"href":"https:\/\/www.fredonoccitanie.com\/jevi\/wp-json\/wp\/v2\/users\/1"}],"replies":[{"embeddable":true,"href":"https:\/\/www.fredonoccitanie.com\/jevi\/wp-json\/wp\/v2\/comments?post=7222"}],"version-history":[{"count":0,"href":"https:\/\/www.fredonoccitanie.com\/jevi\/wp-json\/wp\/v2\/posts\/7222\/revisions"}],"wp:attachment":[{"href":"https:\/\/www.fredonoccitanie.com\/jevi\/wp-json\/wp\/v2\/media?parent=7222"}],"wp:term":[{"taxonomy":"category","embeddable":true,"href":"https:\/\/www.fredonoccitanie.com\/jevi\/wp-json\/wp\/v2\/categories?post=7222"},{"taxonomy":"post_tag","embeddable":true,"href":"https:\/\/www.fredonoccitanie.com\/jevi\/wp-json\/wp\/v2\/tags?post=7222"}],"curies":[{"name":"wp","href":"https:\/\/api.w.org\/{rel}","templated":true}]}}