{"id":7108,"date":"2020-06-04T11:19:01","date_gmt":"2020-06-04T09:19:01","guid":{"rendered":"https:\/\/www.fredonoccitanie.com\/jevi\/?p=7108"},"modified":"2020-06-04T11:19:01","modified_gmt":"2020-06-04T09:19:01","slug":"florileges-observatoire-flore-urbaine","status":"publish","type":"post","link":"https:\/\/www.fredonoccitanie.com\/jevi\/2020\/06\/04\/florileges-observatoire-flore-urbaine\/","title":{"rendered":"Floril\u00e8ges : un observatoire professionnel de la flore spontan\u00e9e urbaine"},"content":{"rendered":"\n<p><em>Durant la r\u00e9cente p\u00e9riode de confinement nous avons vu fleurir un peu plus encore nos rues. Ce contexte sp\u00e9cifique est une occasion de mettre en avant un dispositif participatif d\u00e9velopp\u00e9 depuis plusieurs ann\u00e9es autour de cette flore spontan\u00e9e urbaine \u00e0 destination des professionnels.<\/em><\/p>\n\n\n\n<p>Am\u00e9liorer la <strong>connaissance <\/strong>de la flore urbaine, contribuer \u00e0 la <strong>gestion<\/strong> de cette v\u00e9g\u00e9tation spontan\u00e9e, accompagner les <strong>changements de pratique<\/strong> des professionnels, construire des <strong>outils d\u2019aide \u00e0 la d\u00e9cision<\/strong> sont les grands objectifs vis\u00e9s par le dispositif Floril\u00e8ges&nbsp;!<\/p>\n\n\n\n<p>Amorc\u00e9 en 2012 par Plante &amp; Cit\u00e9, <a href=\"https:\/\/www.plante-et-cite.fr\/projet\/fiche\/44\/florileges_observatoire_professionnel_de_la_flore_urbaine\/n:25\" target=\"_blank\" rel=\"noreferrer noopener\">Floril\u00e8ges <\/a>se veut <strong>un observatoire de la flore spontan\u00e9e urbaine \u00e0 destination des gestionnaires de la nature en ville. Il mutualise des donn\u00e9es issues des sciences participatives<\/strong>. La m\u00e9thode s\u2019appuie sur <strong>des protocoles types<\/strong> de relev\u00e9s en amont de la saisie des donn\u00e9es. Il propose aux gestionnaires des outils de terrain et de diffusion de la connaissance (organisation d\u2019ateliers de formation, cartographie participative\u2026).<\/p>\n\n\n\n<p style=\"color:#526b35\" class=\"has-text-color\"><strong><a href=\"https:\/\/www.plante-et-cite.fr\/projet\/fiche\/44\/florileges_observatoire_professionnel_de_la_flore_urbaine\/n:25\" target=\"_blank\" rel=\"noreferrer noopener\">&gt; pr\u00e9sentation du projet Floril\u00e8ges<\/a><\/strong><\/p>\n\n\n\n<p>&nbsp;L\u2019observatoire Floril\u00e8ges s\u2019organise autour de <strong>3 volets<\/strong>&nbsp;:<\/p>\n\n\n\n<p>&nbsp;&#8211; <strong>volet rues<\/strong> \/ <strong>\u00ab&nbsp;Sauvages de ma rue&nbsp;\u00bb<\/strong>&nbsp;: protocole de sciences participatives qui s\u2019adresse aux citoyens citadins. Il est anim\u00e9 par Tela Botanica et la coordination scientifique est assur\u00e9e par le Mus\u00e9um National Histoire Naturelle (MNHN). Ce protocole est int\u00e9gr\u00e9 au programme Vigie-Nature.<\/p>\n\n\n\n<p style=\"color:#526b35\" class=\"has-text-color\">&gt; \u00e9tude de la flore urbaine des villes de France : <a href=\"http:\/\/sauvagesdemarue.mnhn.fr\/\">lien vers le site du dispositif <\/a><\/p>\n\n\n\n<p style=\"color:#526b35\" class=\"has-text-color\">&gt; relais locaux (collectivit\u00e9s et structures partenaires)&nbsp;: <a href=\"http:\/\/sauvagesdemarue.mnhn.fr\/sauvages-de-ma-ville\/ils-sengagent.html\">lien vers une cartographie en ligne<\/a><\/p>\n\n\n\n<p>&nbsp;&#8211; <strong>volet prairies urbaines<\/strong> \/ <strong>Floril\u00e8ges-prairies<\/strong>&nbsp;: protocole de sciences participatives sp\u00e9cifique aux gestionnaires d&rsquo;espaces verts. Il a \u00e9t\u00e9 co-cr\u00e9\u00e9 par le Mus\u00e9um National Histoire Naturelle (MNHN), l&rsquo;Agence r\u00e9gionale de biodiversit\u00e9 (ARB) Ile-de-France, le Conseil d\u00e9partemental de Seine-Saint-Denis, le Conservatoire botanique national du Bassin Parisien et Plante &amp; Cit\u00e9. Il est anim\u00e9 par le MNHN, \u00e0 l\u2019appui de l\u2019ARB IDF. Ce protocole est int\u00e9gr\u00e9 au programme Vigie-Nature.<\/p>\n\n\n\n<p style=\"color:#526b35\" class=\"has-text-color\">&gt; suivi standardis\u00e9 de la flore des prairies urbaines au regard des pratiques de gestion (fauche, broyage, p\u00e2turage) : <a href=\"http:\/\/www.vigienature.fr\/fr\/florileges\">lien vers la page du dispositif <\/a><\/p>\n\n\n\n<p><strong>&#8211; volet&nbsp;toitures \/ Floril\u00e8ges-toitures<\/strong>&nbsp;: dispositif de sciences participatives ouvert aux professionnels des espaces verts comme aux jardiniers amateurs. Il a \u00e9t\u00e9 cr\u00e9\u00e9 par Plante &amp; Cit\u00e9 qui en assure le pilotage, en partenariat avec Adivet. Dans le cadre de ce projet, des observations ont \u00e9t\u00e9 men\u00e9es de 2011 \u00e0 2017.<\/p>\n\n\n\n<p style=\"color:#526b35\" class=\"has-text-color\">&gt; observatoire d\u00e9di\u00e9 aux plantes de toitures, plant\u00e9s et spontan\u00e9es, avec l\u2019objectif les compositions et dynamiques d\u2019\u00e9volution des toitures v\u00e9g\u00e9talis\u00e9es : <a href=\"https:\/\/www.plante-et-cite.fr\/projet\/fiche\/49\">lien vers la page du projet<\/a><\/p>\n\n\n\n<p>Ces dispositifs offrent des outils de recherche pour les scientifiques, des outils d\u2019aide \u00e0 la gestion pour les collectivit\u00e9s et gestionnaires d\u2019espaces verts, mais aussi des outils de sensibilisation aux enjeux de la nature en ville. La flore ordinaire de nos rues et jardins contribue \u00e0 la r\u00e9duction des \u00eelots de chaleur, agit sur la pollution de l\u2019air ou de l\u2019eau, interagit avec le sol, et offre un lien \u00e0 la nature pour les habitants des villes. Et si une meilleure connaissance de la flore urbaine contribuait \u00e0 sa meilleure int\u00e9gration et acception au milieu urbain&nbsp;?<\/p>\n\n\n\n<p><\/p>\n\n\n\n<div class=\"wp-block-group\"><div class=\"wp-block-group__inner-container is-layout-flow wp-block-group-is-layout-flow\">\n<div class=\"wp-block-group is-layout-flow wp-block-group-is-layout-flow\"><div class=\"wp-block-group__inner-container\"><\/div><\/div>\n\n\n\n<p style=\"background-color:#d6970a\" class=\"has-text-color has-background has-very-light-gray-color\">POUR ALLER PLUS LOIN : Vigie-Nature, un observatoire citoyen de la nature<\/p>\n<\/div><\/div>\n\n\n\n<div class=\"wp-block-group\"><div class=\"wp-block-group__inner-container is-layout-flow wp-block-group-is-layout-flow\">\n<div class=\"wp-block-group\"><div class=\"wp-block-group__inner-container is-layout-flow wp-block-group-is-layout-flow\">\n<p style=\"color:#000000\" class=\"has-text-color\">Les sciences participatives au service de la nature en ville trouvent aussi appuie aupr\u00e8s des citoyens et habitants des villes. C\u2019est le cas du dispositif <a href=\"http:\/\/www.vigienature.fr\/fr\">Vigie-Nature<\/a> qui mobilise un r\u00e9seau de citoyens, observateurs de la biodiversit\u00e9, d\u00e9butants ou exp\u00e9riment\u00e9s, gr\u00e2ce \u00e0 des protocoles d\u2019observation. Il comprend plusieurs observatoires de la biodiversit\u00e9, qui permettent un suivi de l\u2019\u00e9tat de sant\u00e9 de la nature ordinaire \u00e0 travers divers types d\u2019indicateurs, tels que&nbsp;:<\/p>\n<\/div><\/div>\n<\/div><\/div>\n\n\n\n<p style=\"color:#576b35\" class=\"has-text-color\">&gt; <a href=\"http:\/\/www.vigienature.fr\/fr\/propage\">Propage<\/a>&nbsp;: suivi des papillons destin\u00e9 aux professionnels des espaces verts<\/p>\n\n\n\n<p style=\"color:#576b35\" class=\"has-text-color\">&gt; <a href=\"http:\/\/www.vigienature.fr\/fr\/operation-escargots\">Op\u00e9ration escargots<\/a>&nbsp;: suivi des populations de mollusques communs dans les jardins<\/p>\n\n\n\n<p style=\"color:#576b35\" class=\"has-text-color\">&gt; <a href=\"http:\/\/www.vigienature.fr\/fr\/vigie-nature-ecole\">Vigie-nature \u00e9cole<\/a>&nbsp;: programme de recherche et de sensibilisation \u00e0 la biodiversit\u00e9 destin\u00e9 aux \u00e9l\u00e8ves et enseignants.<\/p>\n\n\n\n<p><\/p>\n\n\n\n<p>Cr\u00e9dit photo : (c) FREDON Occitanie<\/p>\n\n\n\n<p>Sources : <a href=\"https:\/\/www.plante-et-cite.fr\/projet\/fiche\/44\/florileges_observatoire_professionnel_de_la_flore_urbaine\/n:25\">Plante&amp;Cit\u00e9<\/a>, <a href=\"http:\/\/sauvagesdemarue.mnhn.fr\/\">Sauvages de ma rue<\/a>, <a href=\"http:\/\/www.vigienature.fr\/fr\">VigieNature<\/a><\/p>\n","protected":false},"excerpt":{"rendered":"<p>Durant la r\u00e9cente p\u00e9riode de confinement nous avons vu fleurir un peu plus encore nos rues. Ce contexte sp\u00e9cifique est une occasion de mettre en avant un dispositif participatif d\u00e9velopp\u00e9 depuis plusieurs ann\u00e9es autour de cette flore spontan\u00e9e urbaine \u00e0 destination des professionnels. Am\u00e9liorer la connaissance de la flore urbaine, contribuer \u00e0 la gestion de [&hellip;]<\/p>\n","protected":false},"author":1,"featured_media":7121,"comment_status":"open","ping_status":"open","sticky":false,"template":"","format":"standard","meta":{"footnotes":""},"categories":[8],"tags":[7],"class_list":["post-7108","post","type-post","status-publish","format-standard","has-post-thumbnail","hentry","category-jevi","tag-actualites-jevi"],"_links":{"self":[{"href":"https:\/\/www.fredonoccitanie.com\/jevi\/wp-json\/wp\/v2\/posts\/7108","targetHints":{"allow":["GET"]}}],"collection":[{"href":"https:\/\/www.fredonoccitanie.com\/jevi\/wp-json\/wp\/v2\/posts"}],"about":[{"href":"https:\/\/www.fredonoccitanie.com\/jevi\/wp-json\/wp\/v2\/types\/post"}],"author":[{"embeddable":true,"href":"https:\/\/www.fredonoccitanie.com\/jevi\/wp-json\/wp\/v2\/users\/1"}],"replies":[{"embeddable":true,"href":"https:\/\/www.fredonoccitanie.com\/jevi\/wp-json\/wp\/v2\/comments?post=7108"}],"version-history":[{"count":0,"href":"https:\/\/www.fredonoccitanie.com\/jevi\/wp-json\/wp\/v2\/posts\/7108\/revisions"}],"wp:featuredmedia":[{"embeddable":true,"href":"https:\/\/www.fredonoccitanie.com\/jevi\/wp-json\/wp\/v2\/media\/7121"}],"wp:attachment":[{"href":"https:\/\/www.fredonoccitanie.com\/jevi\/wp-json\/wp\/v2\/media?parent=7108"}],"wp:term":[{"taxonomy":"category","embeddable":true,"href":"https:\/\/www.fredonoccitanie.com\/jevi\/wp-json\/wp\/v2\/categories?post=7108"},{"taxonomy":"post_tag","embeddable":true,"href":"https:\/\/www.fredonoccitanie.com\/jevi\/wp-json\/wp\/v2\/tags?post=7108"}],"curies":[{"name":"wp","href":"https:\/\/api.w.org\/{rel}","templated":true}]}}