{"id":7084,"date":"2020-06-04T11:21:15","date_gmt":"2020-06-04T09:21:15","guid":{"rendered":"https:\/\/www.fredonoccitanie.com\/jevi\/?p=7084"},"modified":"2020-06-04T11:21:15","modified_gmt":"2020-06-04T09:21:15","slug":"covid-19-desinfection-des-rues","status":"publish","type":"post","link":"https:\/\/www.fredonoccitanie.com\/jevi\/2020\/06\/04\/covid-19-desinfection-des-rues\/","title":{"rendered":"Covid-19 et espaces publics : la d\u00e9sinfection des rues en question"},"content":{"rendered":"\n<p>Face \u00e0 la crise sanitaire li\u00e9e au Covid-19, certains territoires, en France et \u00e0 l\u2019\u00e9tranger, ont engag\u00e9 des actions de d\u00e9sinfection des rues et espaces publics, d\u2019autres non. Ces op\u00e9rations ont suscit\u00e9 des interrogations, quant \u00e0 leur efficacit\u00e9 et aux \u00e9ventuels risques pour la sant\u00e9 et l\u2019environnement li\u00e9s aux produits d\u00e9sinfectants utilis\u00e9s. En France, quelles sont donc les pr\u00e9conisations en la mati\u00e8re ?<\/p>\n\n\n\n<p>Le Haut Conseil de la sant\u00e9 publique (HCSP) a rendu un avis \u00e0 ce sujet, apr\u00e8s avoir \u00e9t\u00e9 saisi durant la p\u00e9riode de confinement par la Direction g\u00e9n\u00e9rale de la sant\u00e9 (DGS), le 26 mars dernier. Cet avis s\u2019appuie notamment sur un travail d\u2019analyse du risque de contamination par les espaces publics et du risque associ\u00e9 \u00e0 l\u2019usage de produits de d\u00e9sinfection.<\/p>\n\n\n\n<p style=\"color:#576b35\" class=\"has-text-color\">&gt; <a href=\"https:\/\/www.hcsp.fr\/explore.cgi\/avisrapportsdomaine?clefr=791\">Avis du HCSP relatif \u00e0 l\u2019opportunit\u00e9 d\u2019un nettoyage sp\u00e9cifique ou d\u2019une d\u00e9sinfection de l\u2019espace \u2013 4 avril 2020<\/a><\/p>\n\n\n\n<p>Dans son avis, le HCSP rappelle \u00ab&nbsp;la <strong>n\u00e9cessit\u00e9 de l\u2019application des mesures barri\u00e8res<\/strong>, notamment la distanciation physique et l\u2019hygi\u00e8ne des mains en cas de contacts avec les surfaces du mobilier urbain, pour la pr\u00e9vention de la transmission crois\u00e9e du SARS-CoV-2&nbsp;dans les espaces publics&nbsp;\u00bb.<\/p>\n\n\n\n<p>\u00ab&nbsp;Devant l\u2019absence d\u2019argument scientifique de l\u2019efficacit\u00e9 des strat\u00e9gies de nettoyage sp\u00e9cifique et de d\u00e9sinfection de la voirie sur la pr\u00e9vention de la transmission du SARS-CoV-2 (en dehors de son impact psychologique sur la population)&nbsp;\u00bb, il pr\u00e9conise \u00e9galement&nbsp;:<\/p>\n\n\n\n<p>&#8211; \u00ab&nbsp;<strong>de ne pas mettre en \u0153uvre une politique de nettoyage sp\u00e9cifique ou de d\u00e9sinfection de la voirie dans le contexte de l\u2019\u00e9pid\u00e9mie de COVID-19&nbsp;;<\/strong><\/p>\n\n\n\n<p>&#8211; <strong>de continuer d\u2019assurer le nettoyage habituel des voiries et d\u2019assurer le nettoyage et la d\u00e9sinfection \u00e0 une fr\u00e9quence plus r\u00e9guli\u00e8re du mobilier urbain avec les \u00e9quipements de protection habituels des professionnels&nbsp;;<\/strong><\/p>\n\n\n\n<p>&#8211; <strong>de ne surtout pas employer d\u2019appareils pouvant souffler des poussi\u00e8res des sols de type souffleurs de feuilles<\/strong>.&nbsp;\u00bb<\/p>\n\n\n\n<p>Le 9 avril dernier, le Minist\u00e8re de la Transition \u00e9cologique et solidaire et le Minist\u00e8re de la Coh\u00e9sion des territoires ont publi\u00e9 un communiqu\u00e9 qui prend \u00e0 acte de cet avis. Il est ainsi rappel\u00e9 par le Gouvernement \u00ab&nbsp;que l\u2019usage massif de produits de d\u00e9sinfection en plein air peut conduire \u00e0 des effets, directs ou indirects, sur la sant\u00e9 et l\u2019environnement&nbsp;\u00bb, tels que la dispersion des substances actives dans l\u2019environnement, la nocivit\u00e9 li\u00e9e \u00e0 la d\u00e9gradation des substances actives, ou encore l\u2019apparition de r\u00e9sistances.<\/p>\n\n\n\n<p style=\"color:#576b35\" class=\"has-text-color\">&gt; <a href=\"https:\/\/www.ecologique-solidaire.gouv.fr\/covid-19-desinfection-voirie-gouvernement-prend-acte-lavis-du-haut-conseil-sante-publique-hscp-qui\">Communiqu\u00e9 du Minist\u00e8re de la Transition \u00e9cologique et solidaire et le Minist\u00e8re de la Coh\u00e9sion des territoires<\/a><\/p>\n\n\n\n<p>Cr\u00e9dit photo : (c) FREDON<\/p>\n\n\n\n<p>Sources : <a href=\"https:\/\/www.hcsp.fr\/explore.cgi\/avisrapportsdomaine?clefr=791\">Haut Conseil de la sant\u00e9 publique<\/a>, <a href=\"https:\/\/www.ecologique-solidaire.gouv.fr\/covid-19-desinfection-voirie-gouvernement-prend-acte-lavis-du-haut-conseil-sante-publique-hscp-qui\">Minist\u00e8re de la Transition \u00e9cologique et solidaire<\/a><\/p>\n","protected":false},"excerpt":{"rendered":"<p>Face \u00e0 la crise sanitaire li\u00e9e au Covid-19, certains territoires, en France et \u00e0 l\u2019\u00e9tranger, ont engag\u00e9 des actions de d\u00e9sinfection des rues et espaces publics, d\u2019autres non. Ces op\u00e9rations ont suscit\u00e9 des interrogations, quant \u00e0 leur efficacit\u00e9 et aux \u00e9ventuels risques pour la sant\u00e9 et l\u2019environnement li\u00e9s aux produits d\u00e9sinfectants utilis\u00e9s. En France, quelles [&hellip;]<\/p>\n","protected":false},"author":1,"featured_media":7093,"comment_status":"open","ping_status":"open","sticky":false,"template":"","format":"standard","meta":{"footnotes":""},"categories":[8],"tags":[7],"class_list":["post-7084","post","type-post","status-publish","format-standard","has-post-thumbnail","hentry","category-jevi","tag-actualites-jevi"],"_links":{"self":[{"href":"https:\/\/www.fredonoccitanie.com\/jevi\/wp-json\/wp\/v2\/posts\/7084","targetHints":{"allow":["GET"]}}],"collection":[{"href":"https:\/\/www.fredonoccitanie.com\/jevi\/wp-json\/wp\/v2\/posts"}],"about":[{"href":"https:\/\/www.fredonoccitanie.com\/jevi\/wp-json\/wp\/v2\/types\/post"}],"author":[{"embeddable":true,"href":"https:\/\/www.fredonoccitanie.com\/jevi\/wp-json\/wp\/v2\/users\/1"}],"replies":[{"embeddable":true,"href":"https:\/\/www.fredonoccitanie.com\/jevi\/wp-json\/wp\/v2\/comments?post=7084"}],"version-history":[{"count":0,"href":"https:\/\/www.fredonoccitanie.com\/jevi\/wp-json\/wp\/v2\/posts\/7084\/revisions"}],"wp:featuredmedia":[{"embeddable":true,"href":"https:\/\/www.fredonoccitanie.com\/jevi\/wp-json\/wp\/v2\/media\/7093"}],"wp:attachment":[{"href":"https:\/\/www.fredonoccitanie.com\/jevi\/wp-json\/wp\/v2\/media?parent=7084"}],"wp:term":[{"taxonomy":"category","embeddable":true,"href":"https:\/\/www.fredonoccitanie.com\/jevi\/wp-json\/wp\/v2\/categories?post=7084"},{"taxonomy":"post_tag","embeddable":true,"href":"https:\/\/www.fredonoccitanie.com\/jevi\/wp-json\/wp\/v2\/tags?post=7084"}],"curies":[{"name":"wp","href":"https:\/\/api.w.org\/{rel}","templated":true}]}}