{"id":7083,"date":"2020-06-01T15:33:43","date_gmt":"2020-06-01T13:33:43","guid":{"rendered":"https:\/\/www.fredonoccitanie.com\/jevi\/?p=7083"},"modified":"2020-06-01T15:33:43","modified_gmt":"2020-06-01T13:33:43","slug":"23-06-2020-webinaire-biodiversite-et-revegetalisation-face-au-changement-climatique","status":"publish","type":"post","link":"https:\/\/www.fredonoccitanie.com\/jevi\/2020\/06\/01\/23-06-2020-webinaire-biodiversite-et-revegetalisation-face-au-changement-climatique\/","title":{"rendered":"23\/06\/2020 : Webinaire Biodiversit\u00e9 et rev\u00e9g\u00e9talisation face au changement climatique"},"content":{"rendered":"\n<h2 class=\"wp-block-heading\">23\/06\/2020 : Webinaire Biodiversit\u00e9 et rev\u00e9g\u00e9talisation face au changement climatique<\/h2>\n\n\n\n<div class=\"wp-block-image\"><figure class=\"aligncenter size-large\"><img loading=\"lazy\" decoding=\"async\" width=\"474\" height=\"233\" src=\"https:\/\/www.fredonoccitanie.com\/jevi\/wp-content\/uploads\/sites\/7\/2019\/10\/thE1TGTCDB.jpg\" alt=\"\" class=\"wp-image-6755\" srcset=\"https:\/\/www.fredonoccitanie.com\/jevi\/wp-content\/uploads\/sites\/2\/2019\/10\/thE1TGTCDB.jpg 474w, https:\/\/www.fredonoccitanie.com\/jevi\/wp-content\/uploads\/sites\/2\/2019\/10\/thE1TGTCDB-300x147.jpg 300w\" sizes=\"auto, (max-width: 474px) 100vw, 474px\" \/><\/figure><\/div>\n\n\n\n<p>V\u00e9g\u00e9tal Local est une marque de l&rsquo;Office Fran\u00e7ais pour la Biodiversit\u00e9 de tra\u00e7abilit\u00e9 des v\u00e9g\u00e9taux sauvages et locaux.<\/p>\n\n\n\n<p>Quels sont les cons\u00e9quences du changement climatique sur la biodiversit\u00e9 ?<br>Comment les communaut\u00e9s v\u00e9g\u00e9tales s&rsquo;adaptent elles ?<br>Conservation des \u00e9cosyst\u00e8mes, r\u00e9v\u00e9g\u00e9talisation, plantations, r\u00e9silience, migration, choix des origines, diversit\u00e9 g\u00e9n\u00e9tique, plasticit\u00e9, att\u00e9nuation\u2026 Quid de ces concepts et outils devant les incertitudes que nous am\u00e8ne le changement climatique ?<\/p>\n\n\n\n<p>Intervenants :<br>Oph\u00e9lie Ronce, CNRS, Institut des Sciences et de l&rsquo;Evolution de Montpellier<br>Sandra Malaval et Damien Provendier pour les Conservatoires botaniques nationaux<\/p>\n\n\n\n<div class=\"wp-block-buttons aligncenter is-layout-flex wp-block-buttons-is-layout-flex\">\n<div class=\"wp-block-button\"><a class=\"wp-block-button__link\" href=\"https:\/\/docs.google.com\/forms\/d\/e\/1FAIpQLSfmoZmJ2H5g49My4Ut35SmjDM-U-hmV_zpezdHmw3JbqjzvHg\/viewform\" target=\"_blank\" rel=\"noreferrer noopener\">Inscriptions<\/a><\/div>\n<\/div>\n\n\n\n<p><\/p>\n","protected":false},"excerpt":{"rendered":"<p>23\/06\/2020 : Webinaire Biodiversit\u00e9 et rev\u00e9g\u00e9talisation face au changement climatique V\u00e9g\u00e9tal Local est une marque de l&rsquo;Office Fran\u00e7ais pour la Biodiversit\u00e9 de tra\u00e7abilit\u00e9 des v\u00e9g\u00e9taux sauvages et locaux. Quels sont les cons\u00e9quences du changement climatique sur la biodiversit\u00e9 ?Comment les communaut\u00e9s v\u00e9g\u00e9tales s&rsquo;adaptent elles ?Conservation des \u00e9cosyst\u00e8mes, r\u00e9v\u00e9g\u00e9talisation, plantations, r\u00e9silience, migration, choix des origines, diversit\u00e9 [&hellip;]<\/p>\n","protected":false},"author":1,"featured_media":0,"comment_status":"open","ping_status":"open","sticky":false,"template":"","format":"standard","meta":{"footnotes":""},"categories":[8],"tags":[9],"class_list":["post-7083","post","type-post","status-publish","format-standard","hentry","category-jevi","tag-agenda-jevi"],"_links":{"self":[{"href":"https:\/\/www.fredonoccitanie.com\/jevi\/wp-json\/wp\/v2\/posts\/7083","targetHints":{"allow":["GET"]}}],"collection":[{"href":"https:\/\/www.fredonoccitanie.com\/jevi\/wp-json\/wp\/v2\/posts"}],"about":[{"href":"https:\/\/www.fredonoccitanie.com\/jevi\/wp-json\/wp\/v2\/types\/post"}],"author":[{"embeddable":true,"href":"https:\/\/www.fredonoccitanie.com\/jevi\/wp-json\/wp\/v2\/users\/1"}],"replies":[{"embeddable":true,"href":"https:\/\/www.fredonoccitanie.com\/jevi\/wp-json\/wp\/v2\/comments?post=7083"}],"version-history":[{"count":0,"href":"https:\/\/www.fredonoccitanie.com\/jevi\/wp-json\/wp\/v2\/posts\/7083\/revisions"}],"wp:attachment":[{"href":"https:\/\/www.fredonoccitanie.com\/jevi\/wp-json\/wp\/v2\/media?parent=7083"}],"wp:term":[{"taxonomy":"category","embeddable":true,"href":"https:\/\/www.fredonoccitanie.com\/jevi\/wp-json\/wp\/v2\/categories?post=7083"},{"taxonomy":"post_tag","embeddable":true,"href":"https:\/\/www.fredonoccitanie.com\/jevi\/wp-json\/wp\/v2\/tags?post=7083"}],"curies":[{"name":"wp","href":"https:\/\/api.w.org\/{rel}","templated":true}]}}