{"id":7079,"date":"2020-06-01T15:19:57","date_gmt":"2020-06-01T13:19:57","guid":{"rendered":"https:\/\/www.fredonoccitanie.com\/jevi\/?p=7079"},"modified":"2020-06-01T15:19:57","modified_gmt":"2020-06-01T13:19:57","slug":"mars-a-juillet-2020-cycle-de-webinaires-nature-en-ville","status":"publish","type":"post","link":"https:\/\/www.fredonoccitanie.com\/jevi\/2020\/06\/01\/mars-a-juillet-2020-cycle-de-webinaires-nature-en-ville\/","title":{"rendered":"Mars \u00e0 Juillet 2020 : Cycle de Webinaires \u00ab\u00a0Nature en Ville\u00a0\u00bb"},"content":{"rendered":"\n<h2 class=\"wp-block-heading\">Mars \u00e0 Juillet 2020 : Cycle de Webinaires \u00ab\u00a0Nature en Ville\u00a0\u00bb<\/h2>\n\n\n\n<p><strong>Les organisateurs du concours Capitale fran\u00e7aise de la Biodiversit\u00e9 vous proposent de participer au cycle de webinaire organis\u00e9 avec le CNFPT et l&rsquo;OFB<\/strong> et au cours duquel vous pourrez entendre et \u00e9changer avec des laur\u00e9ats du concours et des membres de son comit\u00e9 scientifique et technique.<\/p>\n\n\n\n<p>Pour aborder les diff\u00e9rentes facettes de cette probl\u00e9matique complexe, une s\u00e9rie de 7 webinaires est propos\u00e9e. Ces pr\u00e9sentations permettront, \u00e9tape par \u00e9tape, de bien en comprendre les diff\u00e9rents enjeux et les pistes de solutions qui commencent \u00e0 \u00eatre mises en \u0153uvre par les collectivit\u00e9s locales. Chacune de ces pr\u00e9sentations sera accompagn\u00e9e de donn\u00e9es bibliographiques qui permettront d\u2019en retenir les grandes lignes et de poursuivre plus loin l\u2019investigation.<\/p>\n\n\n\n<p><strong>Ce cycle de webinaires est gratuit et ouvert \u00e0 toutes et \u00e0 tous, inscription en ligne pour l&rsquo;ensemble du cycle : &gt;&gt;&gt;&nbsp;<a href=\"https:\/\/forms.office.com\/Pages\/ResponsePage.aspx?id=ItGybUl0oEio-evCo_oOUlMPqbbHtXRGlJAcA5ylxBVUNzIxNk1CTloyUjZTSTZESDFYUjBYWUs2SS4u\">JE M\u2019INSCRIS<\/a><\/strong><\/p>\n\n\n\n<div class=\"wp-block-image\"><figure class=\"aligncenter size-large is-resized\"><img loading=\"lazy\" decoding=\"async\" src=\"https:\/\/www.fredonoccitanie.com\/jevi\/wp-content\/uploads\/sites\/7\/2019\/04\/logo_capitale-biodiversite.png\" alt=\"\" class=\"wp-image-6573\" width=\"219\" height=\"165\" \/><\/figure><\/div>\n\n\n\n<p><strong>Mardi 31 mars 2020 <\/strong>de 12h \u00e0 12h45<strong> <a href=\"http:\/\/www.capitale-biodiversite.fr\/ateliers\/retour-sur-le-webinaire-nature-en-ville-17\">&gt;&gt;&gt; Revoir le webinaire<\/a><\/strong><br>Webinaire 1 : <strong>Les enjeux li\u00e9s \u00e0 l&rsquo;\u00e9rosion de la biodiversit\u00e9<\/strong><\/p>\n\n\n\n<p><strong>Jeudi 16 avril 2020 <\/strong>de 12h&nbsp;\u00e0 12h45&nbsp;<strong><a href=\"http:\/\/www.capitale-biodiversite.fr\/ateliers\/retour-sur-le-webinaire-nature-en-ville-2\">&gt;&gt;&gt; Revoir le webinaire<\/a><\/strong><br>Webinaire 2 :<strong> La connaissance de la biodiversit\u00e9 au niveau des milieux urbains<\/strong><\/p>\n\n\n\n<p><strong>Jeudi 30 avril 2020<\/strong> de 12h&nbsp;\u00e0 12h45<br>Webinaire 3 : <strong>La prise en compte de la biodiversit\u00e9 dans les documents de planification urbaine&nbsp;&gt;&gt;&gt; Podcast du webinaire en attente<\/strong><\/p>\n\n\n\n<p><strong>Jeudi 7 mai 2020 <\/strong>de 12h&nbsp;\u00e0 12h45&nbsp;&nbsp;<a href=\"http:\/\/www.capitale-biodiversite.fr\/ateliers\/retour-sur-le-webinaire-nature-en-ville-47\"><strong>&gt;&gt;&gt; Revoir le webinaire<\/strong><\/a><br>Webinaire 4 : <strong>La prise en compte de la biodiversit\u00e9 dans la conception de la ville<\/strong><\/p>\n\n\n\n<p><strong>Jeudi 4 juin 2020&nbsp;<\/strong>de 12h&nbsp;\u00e0 12h45<br>Webinaire 5 : <strong>La prise en compte de la biodiversit\u00e9 dans la gestion des espaces de nature en ville<\/strong><\/p>\n\n\n\n<p><strong>Jeudi 25 juin 2020 <\/strong>de 12h&nbsp;\u00e0 12h45<br>Webinaire 6 : <strong>Biodiversit\u00e9, gouvernance locale et implication citoyenne<\/strong><\/p>\n\n\n\n<p><strong>Jeudi 2 juillet 2020<\/strong> de 12h&nbsp;\u00e0 12h45<br>Webinaire 7 : <strong>Territoires engag\u00e9s pour la nature, plus qu&rsquo;un dispositif !<\/strong><\/p>\n\n\n\n<div class=\"wp-block-buttons aligncenter is-layout-flex wp-block-buttons-is-layout-flex\">\n<div class=\"wp-block-button\"><a class=\"wp-block-button__link\" href=\"http:\/\/www.capitale-biodiversite.fr\/ateliers\/cycle-de-webinaires-nature-en-ville\" target=\"_blank\" rel=\"noreferrer noopener\">Plus d&rsquo;informations<\/a><\/div>\n<\/div>\n\n\n\n<p><\/p>\n","protected":false},"excerpt":{"rendered":"<p>Mars \u00e0 Juillet 2020 : Cycle de Webinaires \u00ab\u00a0Nature en Ville\u00a0\u00bb Les organisateurs du concours Capitale fran\u00e7aise de la Biodiversit\u00e9 vous proposent de participer au cycle de webinaire organis\u00e9 avec le CNFPT et l&rsquo;OFB et au cours duquel vous pourrez entendre et \u00e9changer avec des laur\u00e9ats du concours et des membres de son comit\u00e9 scientifique [&hellip;]<\/p>\n","protected":false},"author":1,"featured_media":0,"comment_status":"open","ping_status":"open","sticky":false,"template":"","format":"standard","meta":{"footnotes":""},"categories":[8],"tags":[9],"class_list":["post-7079","post","type-post","status-publish","format-standard","hentry","category-jevi","tag-agenda-jevi"],"_links":{"self":[{"href":"https:\/\/www.fredonoccitanie.com\/jevi\/wp-json\/wp\/v2\/posts\/7079","targetHints":{"allow":["GET"]}}],"collection":[{"href":"https:\/\/www.fredonoccitanie.com\/jevi\/wp-json\/wp\/v2\/posts"}],"about":[{"href":"https:\/\/www.fredonoccitanie.com\/jevi\/wp-json\/wp\/v2\/types\/post"}],"author":[{"embeddable":true,"href":"https:\/\/www.fredonoccitanie.com\/jevi\/wp-json\/wp\/v2\/users\/1"}],"replies":[{"embeddable":true,"href":"https:\/\/www.fredonoccitanie.com\/jevi\/wp-json\/wp\/v2\/comments?post=7079"}],"version-history":[{"count":0,"href":"https:\/\/www.fredonoccitanie.com\/jevi\/wp-json\/wp\/v2\/posts\/7079\/revisions"}],"wp:attachment":[{"href":"https:\/\/www.fredonoccitanie.com\/jevi\/wp-json\/wp\/v2\/media?parent=7079"}],"wp:term":[{"taxonomy":"category","embeddable":true,"href":"https:\/\/www.fredonoccitanie.com\/jevi\/wp-json\/wp\/v2\/categories?post=7079"},{"taxonomy":"post_tag","embeddable":true,"href":"https:\/\/www.fredonoccitanie.com\/jevi\/wp-json\/wp\/v2\/tags?post=7079"}],"curies":[{"name":"wp","href":"https:\/\/api.w.org\/{rel}","templated":true}]}}