{"id":7075,"date":"2020-06-01T15:05:42","date_gmt":"2020-06-01T13:05:42","guid":{"rendered":"https:\/\/www.fredonoccitanie.com\/jevi\/?p=7075"},"modified":"2020-06-01T15:05:42","modified_gmt":"2020-06-01T13:05:42","slug":"du-27-05-au-30-06-essouchage-et-devitalisation-appel-a-retours-dexperiences","status":"publish","type":"post","link":"https:\/\/www.fredonoccitanie.com\/jevi\/2020\/06\/01\/du-27-05-au-30-06-essouchage-et-devitalisation-appel-a-retours-dexperiences\/","title":{"rendered":"Du 27\/05 au 30\/06 : Essouchage et d\u00e9vitalisation : appel \u00e0 retours d&rsquo;exp\u00e9riences"},"content":{"rendered":"\n<h2 class=\"wp-block-heading\">Du 27\/05 au 30\/06 : Essouchage et d\u00e9vitalisation : appel \u00e0 retours d&rsquo;exp\u00e9riences<\/h2>\n\n\n\n<p>Vous r\u00e9alisez des op\u00e9rations d\u2019essouchage, de d\u00e9vitalisation sans produits phytosanitaires ?<br>Vous participez \u00e0 la strat\u00e9gie de gestion du patrimoine arbor\u00e9 et avez \u00e9t\u00e9 confront\u00e9 \u00e0 la question des souches (conservation, \u00e9limination) dans un objectif \u00ab z\u00e9ro-phyto \u00bb ?<br>Faites-vous conna\u00eetre aupr\u00e8s de Plante &amp; Cit\u00e9 <strong>en remplissant le <a href=\"http:\/\/enquetes.plante-et-cite.fr\/limesurvey\/index.php\/993919\" target=\"_blank\" rel=\"noreferrer noopener\">questionnaire <\/a><\/strong>avant le 30 juin 2020 (compter entre 3 et 5 min).<\/p>\n\n\n\n<p>Vous serez recontact\u00e9 dans un second temps pour un entretien (visioconf\u00e9rence, t\u00e9l\u00e9phone) afin de recueillir votre exp\u00e9rience.<\/p>\n\n\n\n<p>* contact dans l\u2019ordre des r\u00e9ponses au questionnaire et dans la limite de 50 entretiens pour Plante &amp; Cit\u00e9)<br><br>Ce travail d\u2019enqu\u00eate s\u2019inscrit dans le cadre du <a href=\"https:\/\/www.plante-et-cite.fr\/projet\/fiche\/89\" target=\"_blank\" rel=\"noreferrer noopener\">projet DEVIT <\/a>sur les pratiques alternatives \u00e0 l\u2019usage des produits phytosanitaires pour les op\u00e9rations d\u2019essouchage et de d\u00e9vitalisation en milieu urbain.<br>Cette \u00e9tude permettra d\u2019identifier de nouvelles r\u00e9f\u00e9rences sur les alternatives aux produits phytosanitaires et de faire un \u00e9tat des lieux des pratiques d\u2019essouchage et de d\u00e9vitalisation. Un recueil d\u2019exp\u00e9riences sera r\u00e9alis\u00e9 et diffus\u00e9 d\u2019ici fin 2020.<\/p>\n\n\n\n<p>Cette \u00e9tude b\u00e9n\u00e9ficie du soutien financier de l&rsquo;<a href=\"https:\/\/ofb.gouv.fr\/\" target=\"_blank\" rel=\"noreferrer noopener\">Office Fran\u00e7ais de la Biodiversit\u00e9<\/a> dans le cadre du plan Ecophyto et de l&rsquo;<a href=\"https:\/\/www.valhor.fr\/\">Interprofession fran\u00e7aise de l&rsquo;horticulture, de la fleuristerie et du paysage Val&rsquo;hor<\/a>.<\/p>\n","protected":false},"excerpt":{"rendered":"<p>Du 27\/05 au 30\/06 : Essouchage et d\u00e9vitalisation : appel \u00e0 retours d&rsquo;exp\u00e9riences Vous r\u00e9alisez des op\u00e9rations d\u2019essouchage, de d\u00e9vitalisation sans produits phytosanitaires ?Vous participez \u00e0 la strat\u00e9gie de gestion du patrimoine arbor\u00e9 et avez \u00e9t\u00e9 confront\u00e9 \u00e0 la question des souches (conservation, \u00e9limination) dans un objectif \u00ab z\u00e9ro-phyto \u00bb ?Faites-vous conna\u00eetre aupr\u00e8s de Plante [&hellip;]<\/p>\n","protected":false},"author":1,"featured_media":0,"comment_status":"open","ping_status":"open","sticky":false,"template":"","format":"standard","meta":{"footnotes":""},"categories":[8],"tags":[9],"class_list":["post-7075","post","type-post","status-publish","format-standard","hentry","category-jevi","tag-agenda-jevi"],"_links":{"self":[{"href":"https:\/\/www.fredonoccitanie.com\/jevi\/wp-json\/wp\/v2\/posts\/7075","targetHints":{"allow":["GET"]}}],"collection":[{"href":"https:\/\/www.fredonoccitanie.com\/jevi\/wp-json\/wp\/v2\/posts"}],"about":[{"href":"https:\/\/www.fredonoccitanie.com\/jevi\/wp-json\/wp\/v2\/types\/post"}],"author":[{"embeddable":true,"href":"https:\/\/www.fredonoccitanie.com\/jevi\/wp-json\/wp\/v2\/users\/1"}],"replies":[{"embeddable":true,"href":"https:\/\/www.fredonoccitanie.com\/jevi\/wp-json\/wp\/v2\/comments?post=7075"}],"version-history":[{"count":0,"href":"https:\/\/www.fredonoccitanie.com\/jevi\/wp-json\/wp\/v2\/posts\/7075\/revisions"}],"wp:attachment":[{"href":"https:\/\/www.fredonoccitanie.com\/jevi\/wp-json\/wp\/v2\/media?parent=7075"}],"wp:term":[{"taxonomy":"category","embeddable":true,"href":"https:\/\/www.fredonoccitanie.com\/jevi\/wp-json\/wp\/v2\/categories?post=7075"},{"taxonomy":"post_tag","embeddable":true,"href":"https:\/\/www.fredonoccitanie.com\/jevi\/wp-json\/wp\/v2\/tags?post=7075"}],"curies":[{"name":"wp","href":"https:\/\/api.w.org\/{rel}","templated":true}]}}