{"id":7050,"date":"2020-06-01T14:17:25","date_gmt":"2020-06-01T12:17:25","guid":{"rendered":"https:\/\/www.fredonoccitanie.com\/jevi\/?p=7050"},"modified":"2020-06-01T14:17:25","modified_gmt":"2020-06-01T12:17:25","slug":"liste-des-produits-de-biocontrole-mise-a-jour-fevrier-2020","status":"publish","type":"post","link":"https:\/\/www.fredonoccitanie.com\/jevi\/2020\/06\/01\/liste-des-produits-de-biocontrole-mise-a-jour-fevrier-2020\/","title":{"rendered":"Liste des produits de biocontr\u00f4le : mise \u00e0 jour f\u00e9vrier 2020"},"content":{"rendered":"\n<p>Le 12 f\u00e9vrier est parue la note de service&nbsp;DGAL\/SDQSPV\/2020-110 qui constitue une <strong>mise \u00e0 jour de la&nbsp;liste des produits phytopharmaceutiques de biocontr\u00f4le<\/strong>, produits non soumis \u00e0 un certain nombre d&rsquo;exigences l\u00e9gislatives et r\u00e9glementaires. Les nouveaut\u00e9s apparaissent en surbrillance gris\u00e9e.<\/p>\n\n\n\n<p>Ces produits correspondent aux produits&nbsp;phytopharmaceutiques de biocontr\u00f4le \u00e9voqu\u00e9s par la Loi Labb\u00e9, d\u00e8s lors que leur(s) usage(s) permet une utilisation dans les JEVI. Sur les quelques 520 produits que compte cette liste, <strong>240<\/strong> (dont environ 1\/3 sont des fongicides rosier \u00e0 base de soufre)<strong> environ sont utilisables sur les espaces soumis \u00e0 la Loi Labb\u00e9<\/strong>.<\/p>\n\n\n\n<p>Les prestataires de service n&rsquo;utilisant aucun autre produit phytopharmaceutique que ceux issus de cette liste peuvent se dispenser de l&rsquo;agr\u00e9ment phytosanitaire pour leur structure (mais la certification du personnel reste obligatoire).<\/p>\n\n\n\n<p>Cette liste reprend l&rsquo;ensemble des produits&nbsp;phytopharmaceutiques d&rsquo;origine naturelle, \u00e0 l&rsquo;exception de ceux les plus toxiques pour la sant\u00e9 ou l&rsquo;environnement.&nbsp;<strong>Tous les produits&nbsp;phytopharmaceutiques d&rsquo;origine naturelle ne figurent donc pas dans cette liste, leur statut doit \u00eatre v\u00e9rifi\u00e9 au cas par cas<\/strong>.&nbsp;<\/p>\n\n\n\n<p>Cette liste est p\u00e9riodiquement mise \u00e0 jour.<\/p>\n\n\n\n<figure class=\"wp-block-image size-large\"><img decoding=\"async\" src=\"https:\/\/www.fredonoccitanie.com\/wp-content\/uploads\/2020\/06\/tableau-engagements-1024x698.png\" alt=\"\" class=\"wp-image-6931\" \/><figcaption>Si vous \u00eates engag\u00e9 dans la charte r\u00e9gional \u00ab\u00a0Z\u00e9ro Phyto\u00a0\u00bb, v\u00e9rifier la compatibilit\u00e9 des produits avec vos engagements !<\/figcaption><\/figure>\n\n\n\n<div class=\"wp-block-buttons aligncenter is-layout-flex wp-block-buttons-is-layout-flex\">\n<div class=\"wp-block-button\"><a class=\"wp-block-button__link\" href=\"\" target=\"_blank\" rel=\"noreferrer noopener\">T\u00e9l\u00e9charger le fichier<\/a><\/div>\n<\/div>\n\n\n\n<p><\/p>\n","protected":false},"excerpt":{"rendered":"<p>Le 12 f\u00e9vrier est parue la note de service&nbsp;DGAL\/SDQSPV\/2020-110 qui constitue une mise \u00e0 jour de la&nbsp;liste des produits phytopharmaceutiques de biocontr\u00f4le, produits non soumis \u00e0 un certain nombre d&rsquo;exigences l\u00e9gislatives et r\u00e9glementaires. Les nouveaut\u00e9s apparaissent en surbrillance gris\u00e9e. Ces produits correspondent aux produits&nbsp;phytopharmaceutiques de biocontr\u00f4le \u00e9voqu\u00e9s par la Loi Labb\u00e9, d\u00e8s lors que leur(s) [&hellip;]<\/p>\n","protected":false},"author":1,"featured_media":3322,"comment_status":"open","ping_status":"open","sticky":false,"template":"","format":"standard","meta":{"footnotes":""},"categories":[8],"tags":[7],"class_list":["post-7050","post","type-post","status-publish","format-standard","has-post-thumbnail","hentry","category-jevi","tag-actualites-jevi"],"_links":{"self":[{"href":"https:\/\/www.fredonoccitanie.com\/jevi\/wp-json\/wp\/v2\/posts\/7050","targetHints":{"allow":["GET"]}}],"collection":[{"href":"https:\/\/www.fredonoccitanie.com\/jevi\/wp-json\/wp\/v2\/posts"}],"about":[{"href":"https:\/\/www.fredonoccitanie.com\/jevi\/wp-json\/wp\/v2\/types\/post"}],"author":[{"embeddable":true,"href":"https:\/\/www.fredonoccitanie.com\/jevi\/wp-json\/wp\/v2\/users\/1"}],"replies":[{"embeddable":true,"href":"https:\/\/www.fredonoccitanie.com\/jevi\/wp-json\/wp\/v2\/comments?post=7050"}],"version-history":[{"count":0,"href":"https:\/\/www.fredonoccitanie.com\/jevi\/wp-json\/wp\/v2\/posts\/7050\/revisions"}],"wp:featuredmedia":[{"embeddable":true,"href":"https:\/\/www.fredonoccitanie.com\/jevi\/wp-json\/wp\/v2\/media\/3322"}],"wp:attachment":[{"href":"https:\/\/www.fredonoccitanie.com\/jevi\/wp-json\/wp\/v2\/media?parent=7050"}],"wp:term":[{"taxonomy":"category","embeddable":true,"href":"https:\/\/www.fredonoccitanie.com\/jevi\/wp-json\/wp\/v2\/categories?post=7050"},{"taxonomy":"post_tag","embeddable":true,"href":"https:\/\/www.fredonoccitanie.com\/jevi\/wp-json\/wp\/v2\/tags?post=7050"}],"curies":[{"name":"wp","href":"https:\/\/api.w.org\/{rel}","templated":true}]}}