{"id":6819,"date":"2019-11-21T16:05:43","date_gmt":"2019-11-21T15:05:43","guid":{"rendered":"https:\/\/www.fredonoccitanie.com\/jevi\/?p=6819"},"modified":"2019-11-21T16:05:43","modified_gmt":"2019-11-21T15:05:43","slug":"campings-zero-phyto2020","status":"publish","type":"post","link":"https:\/\/www.fredonoccitanie.com\/jevi\/2019\/11\/21\/campings-zero-phyto2020\/","title":{"rendered":"Campings \u00ab\u00a0Engag\u00e9s z\u00e9ro phyto\u00a0\u00bb  Appel \u00e0 candidatures 2020 !"},"content":{"rendered":"<p>La charte r\u00e9gionale <strong>Engag\u00e9 Z\u00e9ro Phyto <\/strong>est propos\u00e9e aux gestionnaires d&rsquo;infrastructures touristiques et de loisirs de la r\u00e9gion Occitanie qui s\u2019engagent \u00e0 r\u00e9duire leur utilisation de pesticides. Elle est port\u00e9e par la <a href=\"https:\/\/www.fredonoccitanie.com\/jevi\/\">FREDON Occitanie <\/a>(structure animatrice), la Pr\u00e9fecture de r\u00e9gion, les Agences de l\u2019Eau , l\u2019Agence R\u00e9gionale de Sant\u00e9 et la R\u00e9gion Occitanie.<\/p>\n<p>Rejoignez les&nbsp;<a href=\"https:\/\/www.fredonoccitanie.com\/jevi\/3510-2\/\">404 collectivit\u00e9s et 18 campings&nbsp; <\/a>d\u00e9j\u00e0 engag\u00e9es dans la d\u00e9marche !<br \/>\n<a href=\"https:\/\/www.fredonoccitanie.com\/jevi\/wp-content\/uploads\/sites\/7\/2018\/04\/engage_0_phyto2.png\"><img loading=\"lazy\" decoding=\"async\" class=\"aligncenter wp-image-5870 size-full\" src=\"https:\/\/www.fredonoccitanie.com\/jevi\/wp-content\/uploads\/sites\/7\/2018\/04\/engage_0_phyto2.png\" alt=\"\" width=\"536\" height=\"243\" srcset=\"https:\/\/www.fredonoccitanie.com\/jevi\/wp-content\/uploads\/sites\/2\/2018\/04\/engage_0_phyto2.png 536w, https:\/\/www.fredonoccitanie.com\/jevi\/wp-content\/uploads\/sites\/2\/2018\/04\/engage_0_phyto2-300x136.png 300w\" sizes=\"auto, (max-width: 536px) 100vw, 536px\" \/><\/a><\/p>\n<p>Comment s\u2019inscrire dans ce dispositif ?<\/p>\n<p><strong>Pour les gestionnaires d\u2019infrastructures touristiques<\/strong> et de loisirs (campings, \u2026) :<\/p>\n<ol>\n<li>Consulter le <a href=\"https:\/\/www.fredonoccitanie.com\/jevi\/wp-content\/uploads\/sites\/7\/2018\/04\/1.CahierDesChargesHdPA.pdf\">cahier des charges<\/a><\/li>\n<li>Envoyer un <a href=\"https:\/\/www.fredonoccitanie.com\/jevi\/wp-content\/uploads\/sites\/7\/2018\/04\/Annexe1_DossierCadidatureHdPA.pdf\">dossier de candidature<\/a> et un <a href=\"https:\/\/www.fredonoccitanie.com\/jevi\/wp-content\/uploads\/sites\/7\/2018\/04\/Annexe2_Courriertype_charte-r\u00e9gionale.pdf\">courrier type<\/a><\/li>\n<li>Accueillir le jury de contr\u00f4le de la charte<\/li>\n<li>Signer un acte d\u2019engagement<\/li>\n<li>Communiquer avec le visuel \u00ab\u00a0Engag\u00e9 Z\u00e9ro Phyto\u00a0\u00bb<\/li>\n<\/ol>\n<p><u><strong>Ce dispositif est gratuit pour les partenaires souhaitant s\u2019y engager<\/strong><\/u>.<br \/>\nPour b\u00e9n\u00e9ficier du dispositif en 2020, les <u>inscriptions sont ouvertes jusqu\u2019au<del><\/del>&nbsp; <strong>14 f\u00e9vrier 2020<\/strong><\/u>.<br \/>\nPlus d\u2019informations sur : <a href=\"https:\/\/www.fredonoccitanie.com\/jevi\/la-charte\/\">www.fredonoccitanie.com <\/a>\u0096<\/p>\n","protected":false},"excerpt":{"rendered":"<p>La charte r\u00e9gionale Engag\u00e9 Z\u00e9ro Phyto est propos\u00e9e aux gestionnaires d&rsquo;infrastructures touristiques et de loisirs de la r\u00e9gion Occitanie qui s\u2019engagent \u00e0 r\u00e9duire leur utilisation de pesticides. Elle est port\u00e9e par la FREDON Occitanie (structure animatrice), la Pr\u00e9fecture de r\u00e9gion, les Agences de l\u2019Eau , l\u2019Agence R\u00e9gionale de Sant\u00e9 et la R\u00e9gion Occitanie. Rejoignez les&nbsp;404 [&hellip;]<\/p>\n","protected":false},"author":1,"featured_media":6820,"comment_status":"open","ping_status":"open","sticky":false,"template":"","format":"standard","meta":{"footnotes":""},"categories":[8],"tags":[7],"class_list":["post-6819","post","type-post","status-publish","format-standard","has-post-thumbnail","hentry","category-jevi","tag-actualites-jevi"],"_links":{"self":[{"href":"https:\/\/www.fredonoccitanie.com\/jevi\/wp-json\/wp\/v2\/posts\/6819","targetHints":{"allow":["GET"]}}],"collection":[{"href":"https:\/\/www.fredonoccitanie.com\/jevi\/wp-json\/wp\/v2\/posts"}],"about":[{"href":"https:\/\/www.fredonoccitanie.com\/jevi\/wp-json\/wp\/v2\/types\/post"}],"author":[{"embeddable":true,"href":"https:\/\/www.fredonoccitanie.com\/jevi\/wp-json\/wp\/v2\/users\/1"}],"replies":[{"embeddable":true,"href":"https:\/\/www.fredonoccitanie.com\/jevi\/wp-json\/wp\/v2\/comments?post=6819"}],"version-history":[{"count":0,"href":"https:\/\/www.fredonoccitanie.com\/jevi\/wp-json\/wp\/v2\/posts\/6819\/revisions"}],"wp:featuredmedia":[{"embeddable":true,"href":"https:\/\/www.fredonoccitanie.com\/jevi\/wp-json\/wp\/v2\/media\/6820"}],"wp:attachment":[{"href":"https:\/\/www.fredonoccitanie.com\/jevi\/wp-json\/wp\/v2\/media?parent=6819"}],"wp:term":[{"taxonomy":"category","embeddable":true,"href":"https:\/\/www.fredonoccitanie.com\/jevi\/wp-json\/wp\/v2\/categories?post=6819"},{"taxonomy":"post_tag","embeddable":true,"href":"https:\/\/www.fredonoccitanie.com\/jevi\/wp-json\/wp\/v2\/tags?post=6819"}],"curies":[{"name":"wp","href":"https:\/\/api.w.org\/{rel}","templated":true}]}}