{"id":6794,"date":"2019-11-08T15:11:33","date_gmt":"2019-11-08T14:11:33","guid":{"rendered":"https:\/\/www.fredonoccitanie.com\/jevi\/?p=6794"},"modified":"2019-11-08T15:11:33","modified_gmt":"2019-11-08T14:11:33","slug":"le-25-novembre-un-webinaire-vegetal-local-en-milieu-urbain-reconcilier-fleurissement-et-biodiversite","status":"publish","type":"post","link":"https:\/\/www.fredonoccitanie.com\/jevi\/2019\/11\/08\/le-25-novembre-un-webinaire-vegetal-local-en-milieu-urbain-reconcilier-fleurissement-et-biodiversite\/","title":{"rendered":"Le 25 novembre un webinaire \u00ab\u00a0v\u00e9g\u00e9tal local en milieu urbain, (r\u00e9)concilier fleurissement et biodiversit\u00e9\u00a0\u00bb"},"content":{"rendered":"\n<p><\/p>\n\n\n<p><!--StartFragment--><\/p>\n\n\n<p>Comment (r\u00e9)concilier fleurissement et biodiversit\u00e9 ? Quelles sont les techniques d&rsquo;implantation pour un fleurissement V\u00e9g\u00e9tal local ? Comment int\u00e9grer des crit\u00e8res V\u00e9g\u00e9tal local dans un march\u00e9 public ? <\/p>\n\n\n\n<p>Trouvez les r\u00e9ponses \u00e0 vos questions en participant au webinaire organis\u00e9 par l&rsquo;Agence Fran\u00e7aise de la Biodiversit\u00e9 le 25 novembre 2019 de 14h \u00e0 15h. <\/p>\n\n\n\n<p>D\u00e9tails, informations et inscription (gratuite) : <a href=\"https:\/\/mailchi.mp\/544a0fefdc6e\/inscription_webinaires_vegetal_local_herbacees_nov_2019\">https:\/\/mailchi.mp\/544a0fefdc6e\/inscription_webinaires_vegetal_local_herbacees_nov_2019<\/a><\/p>\n\n\n<p><!--EndFragment--><\/p>","protected":false},"excerpt":{"rendered":"<p>Comment (r\u00e9)concilier fleurissement et biodiversit\u00e9 ? Quelles sont les techniques d&rsquo;implantation pour un fleurissement V\u00e9g\u00e9tal local ? Comment int\u00e9grer des crit\u00e8res V\u00e9g\u00e9tal local dans un march\u00e9 public ? Trouvez les r\u00e9ponses \u00e0 vos questions en participant au webinaire organis\u00e9 par l&rsquo;Agence Fran\u00e7aise de la Biodiversit\u00e9 le 25 novembre 2019 de 14h \u00e0 15h. D\u00e9tails, informations [&hellip;]<\/p>\n","protected":false},"author":1,"featured_media":6796,"comment_status":"open","ping_status":"open","sticky":false,"template":"","format":"standard","meta":{"footnotes":""},"categories":[8],"tags":[9],"class_list":["post-6794","post","type-post","status-publish","format-standard","has-post-thumbnail","hentry","category-jevi","tag-agenda-jevi"],"_links":{"self":[{"href":"https:\/\/www.fredonoccitanie.com\/jevi\/wp-json\/wp\/v2\/posts\/6794","targetHints":{"allow":["GET"]}}],"collection":[{"href":"https:\/\/www.fredonoccitanie.com\/jevi\/wp-json\/wp\/v2\/posts"}],"about":[{"href":"https:\/\/www.fredonoccitanie.com\/jevi\/wp-json\/wp\/v2\/types\/post"}],"author":[{"embeddable":true,"href":"https:\/\/www.fredonoccitanie.com\/jevi\/wp-json\/wp\/v2\/users\/1"}],"replies":[{"embeddable":true,"href":"https:\/\/www.fredonoccitanie.com\/jevi\/wp-json\/wp\/v2\/comments?post=6794"}],"version-history":[{"count":0,"href":"https:\/\/www.fredonoccitanie.com\/jevi\/wp-json\/wp\/v2\/posts\/6794\/revisions"}],"wp:featuredmedia":[{"embeddable":true,"href":"https:\/\/www.fredonoccitanie.com\/jevi\/wp-json\/wp\/v2\/media\/6796"}],"wp:attachment":[{"href":"https:\/\/www.fredonoccitanie.com\/jevi\/wp-json\/wp\/v2\/media?parent=6794"}],"wp:term":[{"taxonomy":"category","embeddable":true,"href":"https:\/\/www.fredonoccitanie.com\/jevi\/wp-json\/wp\/v2\/categories?post=6794"},{"taxonomy":"post_tag","embeddable":true,"href":"https:\/\/www.fredonoccitanie.com\/jevi\/wp-json\/wp\/v2\/tags?post=6794"}],"curies":[{"name":"wp","href":"https:\/\/api.w.org\/{rel}","templated":true}]}}