{"id":6764,"date":"2019-11-21T16:04:30","date_gmt":"2019-11-21T15:04:30","guid":{"rendered":"https:\/\/www.fredonoccitanie.com\/jevi\/?p=6764"},"modified":"2019-11-21T16:04:30","modified_gmt":"2019-11-21T15:04:30","slug":"une-marque-vegetal-local-pour-planter-et-semer-des-vegetaux-sauvages-garantis-dorigine-locale","status":"publish","type":"post","link":"https:\/\/www.fredonoccitanie.com\/jevi\/2019\/11\/21\/une-marque-vegetal-local-pour-planter-et-semer-des-vegetaux-sauvages-garantis-dorigine-locale\/","title":{"rendered":"Une marque \u00ab\u00a0V\u00e9g\u00e9tal local\u00a0\u00bb pour planter et semer des v\u00e9g\u00e9taux sauvages garantis d&rsquo;origine locale"},"content":{"rendered":"<p>\u00ab<strong>&nbsp;V\u00e9g\u00e9tal local&nbsp;<\/strong>\u00bb et \u00ab&nbsp;<strong>Vraies messicoles<\/strong>&nbsp;\u00bb sont deux marques collectives, n\u00e9es de la volont\u00e9 de ma\u00eetres d&rsquo;ouvrages et de gestionnaires d&rsquo;espaces d&rsquo;utiliser des plantes sauvages collect\u00e9es localement, dans leur r\u00e9gion d&rsquo;origine.&nbsp; Elles ont \u00e9t\u00e9 cr\u00e9\u00e9es en 2015 \u00e0 l\u2019initiative de la F\u00e9d\u00e9ration des Conservatoires botaniques nationaux (FCBN), de Plante &amp; Cit\u00e9 et de l\u2019Afac-Agroforesteries, et sont aujourd\u2019hui propri\u00e9t\u00e9 de l\u2019Agence fran\u00e7aise pour la biodiversit\u00e9 (AFB).&nbsp;<\/p>\n<p>Les marques \u00ab\u00a0V\u00e9g\u00e9tal local\u00a0\u00bb et \u00ab\u00a0Vraies messicoles\u00a0\u00bb offrent une garantie sur l\u2019origine des graines et des v\u00e9g\u00e9taux sauvages. Et qui de mieux qu&rsquo;un v\u00e9g\u00e9tal local saura s&rsquo;adapter \u00e0 l&rsquo;environnement de votre territoire ?<\/p>\n\n\n<figure class=\"wp-block-image\"><img loading=\"lazy\" decoding=\"async\" width=\"474\" height=\"233\" src=\"https:\/\/www.fredonoccitanie.com\/jevi\/wp-content\/uploads\/sites\/7\/2019\/10\/thE1TGTCDB.jpg\" alt=\"\" class=\"wp-image-6755\" srcset=\"https:\/\/www.fredonoccitanie.com\/jevi\/wp-content\/uploads\/sites\/2\/2019\/10\/thE1TGTCDB.jpg 474w, https:\/\/www.fredonoccitanie.com\/jevi\/wp-content\/uploads\/sites\/2\/2019\/10\/thE1TGTCDB-300x147.jpg 300w\" sizes=\"auto, (max-width: 474px) 100vw, 474px\" \/><\/figure>\n\n\n\n<p>Vous aussi r\u00e9coltez, produisez et plantez des v\u00e9g\u00e9taux d&rsquo;origine locale !<\/p>\n\n\n\n<p><strong>Vous souhaitez en savoir plus ?<\/strong><\/p>\n\n\n\n<p>Deux webinaires sont organis\u00e9s par l&rsquo;Agence Fran\u00e7aise de la Biodiversit\u00e9 : <\/p>\n\n\n\n<p> &#8211; <strong>Semer V\u00e9g\u00e9tal local en restauration \u00e9cologique <\/strong>le 18 novembre<\/p>\n\n\n\n<p>&#8211; <strong>V\u00e9g\u00e9tal local en milieu urbain, (r\u00e9)concilier fleurissement et biodiversit\u00e9 <\/strong>le 25 novembre 2019<\/p>\n\n\n\n<p>D\u00e9tails, informations et inscription (gratuite) : <a href=\"https:\/\/mailchi.mp\/544a0fefdc6e\/inscription_webinaires_vegetal_local_herbacees_nov_2019\">https:\/\/mailchi.mp\/544a0fefdc6e\/inscription_webinaires_vegetal_local_herbacees_nov_2019<\/a><\/p>\n\n\n\n<p>En savoir plus : <a href=\"http:\/\/ www.vegetal-local.fr\">http:\/\/ www.vegetal-local.fr<\/a><\/p>\n","protected":false},"excerpt":{"rendered":"<p>\u00ab&nbsp;V\u00e9g\u00e9tal local&nbsp;\u00bb et \u00ab&nbsp;Vraies messicoles&nbsp;\u00bb sont deux marques collectives, n\u00e9es de la volont\u00e9 de ma\u00eetres d&rsquo;ouvrages et de gestionnaires d&rsquo;espaces d&rsquo;utiliser des plantes sauvages collect\u00e9es localement, dans leur r\u00e9gion d&rsquo;origine.&nbsp; Elles ont \u00e9t\u00e9 cr\u00e9\u00e9es en 2015 \u00e0 l\u2019initiative de la F\u00e9d\u00e9ration des Conservatoires botaniques nationaux (FCBN), de Plante &amp; Cit\u00e9 et de l\u2019Afac-Agroforesteries, et sont [&hellip;]<\/p>\n","protected":false},"author":1,"featured_media":6767,"comment_status":"open","ping_status":"open","sticky":false,"template":"","format":"standard","meta":{"footnotes":""},"categories":[8],"tags":[7],"class_list":["post-6764","post","type-post","status-publish","format-standard","has-post-thumbnail","hentry","category-jevi","tag-actualites-jevi"],"_links":{"self":[{"href":"https:\/\/www.fredonoccitanie.com\/jevi\/wp-json\/wp\/v2\/posts\/6764","targetHints":{"allow":["GET"]}}],"collection":[{"href":"https:\/\/www.fredonoccitanie.com\/jevi\/wp-json\/wp\/v2\/posts"}],"about":[{"href":"https:\/\/www.fredonoccitanie.com\/jevi\/wp-json\/wp\/v2\/types\/post"}],"author":[{"embeddable":true,"href":"https:\/\/www.fredonoccitanie.com\/jevi\/wp-json\/wp\/v2\/users\/1"}],"replies":[{"embeddable":true,"href":"https:\/\/www.fredonoccitanie.com\/jevi\/wp-json\/wp\/v2\/comments?post=6764"}],"version-history":[{"count":0,"href":"https:\/\/www.fredonoccitanie.com\/jevi\/wp-json\/wp\/v2\/posts\/6764\/revisions"}],"wp:featuredmedia":[{"embeddable":true,"href":"https:\/\/www.fredonoccitanie.com\/jevi\/wp-json\/wp\/v2\/media\/6767"}],"wp:attachment":[{"href":"https:\/\/www.fredonoccitanie.com\/jevi\/wp-json\/wp\/v2\/media?parent=6764"}],"wp:term":[{"taxonomy":"category","embeddable":true,"href":"https:\/\/www.fredonoccitanie.com\/jevi\/wp-json\/wp\/v2\/categories?post=6764"},{"taxonomy":"post_tag","embeddable":true,"href":"https:\/\/www.fredonoccitanie.com\/jevi\/wp-json\/wp\/v2\/tags?post=6764"}],"curies":[{"name":"wp","href":"https:\/\/api.w.org\/{rel}","templated":true}]}}