{"id":6714,"date":"2019-10-07T12:10:41","date_gmt":"2019-10-07T10:10:41","guid":{"rendered":"https:\/\/www.fredonoccitanie.com\/jevi\/?p=6714"},"modified":"2019-10-07T12:10:41","modified_gmt":"2019-10-07T10:10:41","slug":"gestion-ecologique-des-cimetieres-retours-sur-une-journee-riche-en-echanges","status":"publish","type":"post","link":"https:\/\/www.fredonoccitanie.com\/jevi\/2019\/10\/07\/gestion-ecologique-des-cimetieres-retours-sur-une-journee-riche-en-echanges\/","title":{"rendered":"\u00ab\u00a0Gestion \u00e9cologique des cimeti\u00e8res\u00a0\u00bb, retours sur une journ\u00e9e riche en \u00e9changes"},"content":{"rendered":"\n<p>Le 3 octobre 2019, la FREDON \u00e9tait convi\u00e9e par le <strong>CNFPT de Montpellier<\/strong> pour intervenir lors d&rsquo;une journ\u00e9e d&rsquo;actualit\u00e9 sur la gestion \u00e9cologique des cimeti\u00e8res.  Avec une pr\u00e9sentation et des premiers \u00e9changes en salle, nous avons abord\u00e9 la r\u00e9glementation, l&rsquo;entretien, et l&rsquo;am\u00e9nagement de nouveaux cimeti\u00e8res dans une optique \u00ab\u00a0z\u00e9ro phyto\u00a0\u00bb. L&rsquo;apr\u00e8s-midi \u00e9tait consacr\u00e9e \u00e0 une visite du cimeti\u00e8re paysager de Saint-Jean-de-Vedas. <\/p>\n\n\n\n<p>Merci au CNFPT pour l&rsquo;organisation de la journ\u00e9e, \u00e0 Florence BINESSE  (ENFORA), Jean-Claude IMBERT (1er adjoint au maire de Saint-Geni\u00e8s-des-Mourgues) et Christine GUIZARD (agent de la commune de Saint-Jean-de-Vedas) pour leurs interventions enrichissantes, et aux participants pour les \u00e9changes !<\/p>\n\n\n\n<p><em>-&gt; Retrouvez des fiches de retours d&rsquo;exp\u00e9rience sur la gestion \u00ab\u00a00 phyto\u00a0\u00bb des cimeti\u00e8res, des guides techniques, des \u00e9l\u00e9ments de communication (panneaux, article pour le bulletin municipal, flyers\u2026) dans l&rsquo;espace \u00ab\u00a0Ressources\u00a0\u00bb du site internet.<\/em><\/p>\n","protected":false},"excerpt":{"rendered":"<p>Le 3 octobre 2019, la FREDON \u00e9tait convi\u00e9e par le CNFPT de Montpellier pour intervenir lors d&rsquo;une journ\u00e9e d&rsquo;actualit\u00e9 sur la gestion \u00e9cologique des cimeti\u00e8res. Avec une pr\u00e9sentation et des premiers \u00e9changes en salle, nous avons abord\u00e9 la r\u00e9glementation, l&rsquo;entretien, et l&rsquo;am\u00e9nagement de nouveaux cimeti\u00e8res dans une optique \u00ab\u00a0z\u00e9ro phyto\u00a0\u00bb. L&rsquo;apr\u00e8s-midi \u00e9tait consacr\u00e9e \u00e0 une [&hellip;]<\/p>\n","protected":false},"author":1,"featured_media":6717,"comment_status":"open","ping_status":"open","sticky":false,"template":"","format":"standard","meta":{"footnotes":""},"categories":[8],"tags":[7],"class_list":["post-6714","post","type-post","status-publish","format-standard","has-post-thumbnail","hentry","category-jevi","tag-actualites-jevi"],"_links":{"self":[{"href":"https:\/\/www.fredonoccitanie.com\/jevi\/wp-json\/wp\/v2\/posts\/6714","targetHints":{"allow":["GET"]}}],"collection":[{"href":"https:\/\/www.fredonoccitanie.com\/jevi\/wp-json\/wp\/v2\/posts"}],"about":[{"href":"https:\/\/www.fredonoccitanie.com\/jevi\/wp-json\/wp\/v2\/types\/post"}],"author":[{"embeddable":true,"href":"https:\/\/www.fredonoccitanie.com\/jevi\/wp-json\/wp\/v2\/users\/1"}],"replies":[{"embeddable":true,"href":"https:\/\/www.fredonoccitanie.com\/jevi\/wp-json\/wp\/v2\/comments?post=6714"}],"version-history":[{"count":0,"href":"https:\/\/www.fredonoccitanie.com\/jevi\/wp-json\/wp\/v2\/posts\/6714\/revisions"}],"wp:featuredmedia":[{"embeddable":true,"href":"https:\/\/www.fredonoccitanie.com\/jevi\/wp-json\/wp\/v2\/media\/6717"}],"wp:attachment":[{"href":"https:\/\/www.fredonoccitanie.com\/jevi\/wp-json\/wp\/v2\/media?parent=6714"}],"wp:term":[{"taxonomy":"category","embeddable":true,"href":"https:\/\/www.fredonoccitanie.com\/jevi\/wp-json\/wp\/v2\/categories?post=6714"},{"taxonomy":"post_tag","embeddable":true,"href":"https:\/\/www.fredonoccitanie.com\/jevi\/wp-json\/wp\/v2\/tags?post=6714"}],"curies":[{"name":"wp","href":"https:\/\/api.w.org\/{rel}","templated":true}]}}