{"id":6709,"date":"2019-09-24T15:07:02","date_gmt":"2019-09-24T13:07:02","guid":{"rendered":"https:\/\/www.fredonoccitanie.com\/jevi\/?p=6709"},"modified":"2019-09-24T15:07:02","modified_gmt":"2019-09-24T13:07:02","slug":"radio-aviva-montpellier-la-reduction-des-pesticides","status":"publish","type":"post","link":"https:\/\/www.fredonoccitanie.com\/jevi\/2019\/09\/24\/radio-aviva-montpellier-la-reduction-des-pesticides\/","title":{"rendered":"Radio Aviva Montpellier : La r\u00e9duction des pesticides&#8230;"},"content":{"rendered":"\n<p>L&rsquo;\u00e9mission Plan\u00e8te AVIVA, sur la radio locale Montpelli\u00e9raine s&rsquo;est int\u00e9ress\u00e9e \u00e0 l&rsquo;activit\u00e9 de la FREDON Occitanie sur l&rsquo;appui des acteurs de terrain dans la r\u00e9duction de l&rsquo;usage des produits phyto&#8230;<\/p>\n\n\n\n<figure><iframe loading=\"lazy\" src=\"https:\/\/w.soundcloud.com\/player\/?url=https%3A\/\/api.soundcloud.com\/playlists\/841344083&amp;color=%23ff5500&amp;auto_play=false&amp;hide_related=false&amp;show_comments=true&amp;show_user=true&amp;show_reposts=false&amp;show_teaser=true&amp;visual=true\" width=\"100%\" height=\"300\"><\/iframe><\/figure>\n","protected":false},"excerpt":{"rendered":"<p>L&rsquo;\u00e9mission Plan\u00e8te AVIVA, sur la radio locale Montpelli\u00e9raine s&rsquo;est int\u00e9ress\u00e9e \u00e0 l&rsquo;activit\u00e9 de la FREDON Occitanie sur l&rsquo;appui des acteurs de terrain dans la r\u00e9duction de l&rsquo;usage des produits phyto&#8230;<\/p>\n","protected":false},"author":1,"featured_media":6710,"comment_status":"open","ping_status":"open","sticky":false,"template":"","format":"standard","meta":{"footnotes":""},"categories":[8],"tags":[7],"class_list":["post-6709","post","type-post","status-publish","format-standard","has-post-thumbnail","hentry","category-jevi","tag-actualites-jevi"],"_links":{"self":[{"href":"https:\/\/www.fredonoccitanie.com\/jevi\/wp-json\/wp\/v2\/posts\/6709","targetHints":{"allow":["GET"]}}],"collection":[{"href":"https:\/\/www.fredonoccitanie.com\/jevi\/wp-json\/wp\/v2\/posts"}],"about":[{"href":"https:\/\/www.fredonoccitanie.com\/jevi\/wp-json\/wp\/v2\/types\/post"}],"author":[{"embeddable":true,"href":"https:\/\/www.fredonoccitanie.com\/jevi\/wp-json\/wp\/v2\/users\/1"}],"replies":[{"embeddable":true,"href":"https:\/\/www.fredonoccitanie.com\/jevi\/wp-json\/wp\/v2\/comments?post=6709"}],"version-history":[{"count":0,"href":"https:\/\/www.fredonoccitanie.com\/jevi\/wp-json\/wp\/v2\/posts\/6709\/revisions"}],"wp:featuredmedia":[{"embeddable":true,"href":"https:\/\/www.fredonoccitanie.com\/jevi\/wp-json\/wp\/v2\/media\/6710"}],"wp:attachment":[{"href":"https:\/\/www.fredonoccitanie.com\/jevi\/wp-json\/wp\/v2\/media?parent=6709"}],"wp:term":[{"taxonomy":"category","embeddable":true,"href":"https:\/\/www.fredonoccitanie.com\/jevi\/wp-json\/wp\/v2\/categories?post=6709"},{"taxonomy":"post_tag","embeddable":true,"href":"https:\/\/www.fredonoccitanie.com\/jevi\/wp-json\/wp\/v2\/tags?post=6709"}],"curies":[{"name":"wp","href":"https:\/\/api.w.org\/{rel}","templated":true}]}}