{"id":6697,"date":"2019-08-21T12:06:22","date_gmt":"2019-08-21T10:06:22","guid":{"rendered":"https:\/\/www.fredonoccitanie.com\/jevi\/?p=6697"},"modified":"2019-08-21T12:06:22","modified_gmt":"2019-08-21T10:06:22","slug":"zero-pesticide-cest-1000-fois-mieux-pour-ma-sante-et-la-planete","status":"publish","type":"post","link":"https:\/\/www.fredonoccitanie.com\/jevi\/2019\/08\/21\/zero-pesticide-cest-1000-fois-mieux-pour-ma-sante-et-la-planete\/","title":{"rendered":"\u00ab Z\u00e9ro pesticide, c\u2019est 1000 fois mieux pour ma sant\u00e9 et la plan\u00e8te \u00bb"},"content":{"rendered":"\n<p><strong>J<\/strong><b>ardiner sans pesticides ? C\u2019est possible !<\/b><\/p>\n\n\n\n<p>D\u00e9couvrez la vid\u00e9o de la campagne \u00ab Z\u00e9ro pesticide, c\u2019est 1000 fois mieux pour ma sant\u00e9 et la plan\u00e8te \u00bb lanc\u00e9e par l\u2019AFB et les quatre minist\u00e8res en charge de la Transition \u00e9cologique, l\u2019Agriculture, la Sant\u00e9 et la Recherche.<\/p>\n\n\n\n<p>La loi Labb\u00e9, entr\u00e9e en vigueur le 1er janvier 2019, signe la fin de l\u2019utilisation par les particuliers des produits chimiques pour jardiner et d\u00e9sherber. Une interdiction qui am\u00e8ne une question : \u201cPar quoi les remplacer, quelles sont les alternatives ?\u201d Vous h\u00e9sitez ? La r\u00e9ponse n\u2019est pas \u00e9vidente ? Rassurez-vous, il existe de nombreuses solutions de substitution, des m\u00e9thodes simples qui vous permettront d\u2019assurer la p\u00e9rennit\u00e9 de vos plantations.<\/p>\n\n\n\n<figure class=\"wp-block-embed-youtube wp-block-embed is-type-video is-provider-youtube wp-embed-aspect-16-9 wp-has-aspect-ratio\"><div class=\"wp-block-embed__wrapper\">\n<div class='avia-iframe-wrap'><iframe loading=\"lazy\" title=\"\u00ab Z\u00e9ro pesticide, c\u2019est 1000 fois mieux pour ma sant\u00e9 et la plan\u00e8te \u00bb - Version longue\" width=\"1500\" height=\"844\" src=\"https:\/\/www.youtube.com\/embed\/PnMGnE75gh8?feature=oembed\" frameborder=\"0\" allow=\"accelerometer; autoplay; clipboard-write; encrypted-media; gyroscope; picture-in-picture\" allowfullscreen><\/iframe><\/div>\n<\/div><\/figure>\n\n\n\n<p>Des outils de communications (affiches, marque-page, flyers, article de presse) sont disponibles sur le site internet de la FREDON Occitanie (rubrique \u00ab\u00a0Ressources\u00a0\u00bb, puis \u00ab\u00a0outils de communication\u00a0\u00bb), n&rsquo;h\u00e9sitez pas \u00e0 les utiliser !<\/p>\n\n\n\n<p>Le minist\u00e8re de la Transition \u00c9cologique et Solidaire propose des \u00e9pisodes vid\u00e9o pour accompagner les particuliers dans l&rsquo;utilisation de techniques pour jardiner sans pesticides : compost, associations de cultures, travail l\u00e9ger du sol, semer ses propres graines, importance des fleurs au potager&#8230; \u00e0 d\u00e9couvrir au lien suivant :<\/p>\n\n\n\n<p><a href=\"https:\/\/www.ecophyto-pro.fr\/documents\/view\/654\/mon_jardin_sans_pesticides__episodes_video\">https:\/\/www.ecophyto-pro.fr\/documents\/view\/654\/mon_jardin_sans_pesticides__episodes_video<\/a><\/p>\n\n\n\n<p><\/p>\n","protected":false},"excerpt":{"rendered":"<p>Jardiner sans pesticides ? C\u2019est possible ! D\u00e9couvrez la vid\u00e9o de la campagne \u00ab Z\u00e9ro pesticide, c\u2019est 1000 fois mieux pour ma sant\u00e9 et la plan\u00e8te \u00bb lanc\u00e9e par l\u2019AFB et les quatre minist\u00e8res en charge de la Transition \u00e9cologique, l\u2019Agriculture, la Sant\u00e9 et la Recherche. La loi Labb\u00e9, entr\u00e9e en vigueur le 1er janvier [&hellip;]<\/p>\n","protected":false},"author":1,"featured_media":6109,"comment_status":"open","ping_status":"open","sticky":false,"template":"","format":"standard","meta":{"footnotes":""},"categories":[8],"tags":[7],"class_list":["post-6697","post","type-post","status-publish","format-standard","has-post-thumbnail","hentry","category-jevi","tag-actualites-jevi"],"_links":{"self":[{"href":"https:\/\/www.fredonoccitanie.com\/jevi\/wp-json\/wp\/v2\/posts\/6697","targetHints":{"allow":["GET"]}}],"collection":[{"href":"https:\/\/www.fredonoccitanie.com\/jevi\/wp-json\/wp\/v2\/posts"}],"about":[{"href":"https:\/\/www.fredonoccitanie.com\/jevi\/wp-json\/wp\/v2\/types\/post"}],"author":[{"embeddable":true,"href":"https:\/\/www.fredonoccitanie.com\/jevi\/wp-json\/wp\/v2\/users\/1"}],"replies":[{"embeddable":true,"href":"https:\/\/www.fredonoccitanie.com\/jevi\/wp-json\/wp\/v2\/comments?post=6697"}],"version-history":[{"count":0,"href":"https:\/\/www.fredonoccitanie.com\/jevi\/wp-json\/wp\/v2\/posts\/6697\/revisions"}],"wp:featuredmedia":[{"embeddable":true,"href":"https:\/\/www.fredonoccitanie.com\/jevi\/wp-json\/wp\/v2\/media\/6109"}],"wp:attachment":[{"href":"https:\/\/www.fredonoccitanie.com\/jevi\/wp-json\/wp\/v2\/media?parent=6697"}],"wp:term":[{"taxonomy":"category","embeddable":true,"href":"https:\/\/www.fredonoccitanie.com\/jevi\/wp-json\/wp\/v2\/categories?post=6697"},{"taxonomy":"post_tag","embeddable":true,"href":"https:\/\/www.fredonoccitanie.com\/jevi\/wp-json\/wp\/v2\/tags?post=6697"}],"curies":[{"name":"wp","href":"https:\/\/api.w.org\/{rel}","templated":true}]}}