{"id":6682,"date":"2019-06-11T16:59:14","date_gmt":"2019-06-11T14:59:14","guid":{"rendered":"https:\/\/www.fredonoccitanie.com\/jevi\/?p=6682"},"modified":"2022-01-17T15:28:10","modified_gmt":"2022-01-17T14:28:10","slug":"lettre-jevi-2019-2-1","status":"publish","type":"post","link":"https:\/\/www.fredonoccitanie.com\/jevi\/2019\/06\/11\/lettre-jevi-2019-2-1\/","title":{"rendered":"La Lettre JEVI 2019 #1"},"content":{"rendered":"<p>Et si le z\u00e9ro phyto conduisait aussi \u00e0 un projet plus large de pr\u00e9servation de la biodiversit\u00e9 ? C&rsquo;est l&rsquo;invitation de l&rsquo;Agence R\u00e9gionale pour la Biodiversit\u00e9 qui lance un appel \u00e0 candidature pour devenir un Territoire Engag\u00e9 pour la Nature. A lire \u00e9galement : l&rsquo;enqu\u00eate de l&rsquo;Equipe sur les traitements des stades professionnels et celle de 60 millions de consommateurs sur les (faux) d\u00e9sherbants bio !<\/p>\r\n<p><a href=\"http:\/\/xmoyp.mjt.lu\/nl2\/xmoyp\/yn.html?hl=fr\" target=\"_blank\" rel=\"noopener noreferrer\">Acc\u00e9der \u00e0 la newsletter<\/a><\/p>\r\n\r\n<p>&nbsp;<\/p>\r\n","protected":false},"excerpt":{"rendered":"<p>Et si le z\u00e9ro phyto conduisait aussi \u00e0 un projet plus large de pr\u00e9servation de la biodiversit\u00e9 ? C&rsquo;est l&rsquo;invitation de l&rsquo;Agence R\u00e9gionale pour la Biodiversit\u00e9 qui lance un appel \u00e0 candidature pour devenir un Territoire Engag\u00e9 pour la Nature. A lire \u00e9galement : l&rsquo;enqu\u00eate de l&rsquo;Equipe sur les traitements des stades professionnels et celle [&hellip;]<\/p>\n","protected":false},"author":1,"featured_media":6671,"comment_status":"closed","ping_status":"closed","sticky":false,"template":"","format":"standard","meta":{"footnotes":""},"categories":[8],"tags":[10],"class_list":["post-6682","post","type-post","status-publish","format-standard","has-post-thumbnail","hentry","category-jevi","tag-newsletters-jevi"],"_links":{"self":[{"href":"https:\/\/www.fredonoccitanie.com\/jevi\/wp-json\/wp\/v2\/posts\/6682","targetHints":{"allow":["GET"]}}],"collection":[{"href":"https:\/\/www.fredonoccitanie.com\/jevi\/wp-json\/wp\/v2\/posts"}],"about":[{"href":"https:\/\/www.fredonoccitanie.com\/jevi\/wp-json\/wp\/v2\/types\/post"}],"author":[{"embeddable":true,"href":"https:\/\/www.fredonoccitanie.com\/jevi\/wp-json\/wp\/v2\/users\/1"}],"replies":[{"embeddable":true,"href":"https:\/\/www.fredonoccitanie.com\/jevi\/wp-json\/wp\/v2\/comments?post=6682"}],"version-history":[{"count":2,"href":"https:\/\/www.fredonoccitanie.com\/jevi\/wp-json\/wp\/v2\/posts\/6682\/revisions"}],"predecessor-version":[{"id":8724,"href":"https:\/\/www.fredonoccitanie.com\/jevi\/wp-json\/wp\/v2\/posts\/6682\/revisions\/8724"}],"wp:featuredmedia":[{"embeddable":true,"href":"https:\/\/www.fredonoccitanie.com\/jevi\/wp-json\/wp\/v2\/media\/6671"}],"wp:attachment":[{"href":"https:\/\/www.fredonoccitanie.com\/jevi\/wp-json\/wp\/v2\/media?parent=6682"}],"wp:term":[{"taxonomy":"category","embeddable":true,"href":"https:\/\/www.fredonoccitanie.com\/jevi\/wp-json\/wp\/v2\/categories?post=6682"},{"taxonomy":"post_tag","embeddable":true,"href":"https:\/\/www.fredonoccitanie.com\/jevi\/wp-json\/wp\/v2\/tags?post=6682"}],"curies":[{"name":"wp","href":"https:\/\/api.w.org\/{rel}","templated":true}]}}